{"id":27414,"date":"2020-11-20T14:06:25","date_gmt":"2020-11-20T17:06:25","guid":{"rendered":"http:\/\/fachodeluz.blog.br\/wp\/?p=27414"},"modified":"2020-11-20T16:22:36","modified_gmt":"2020-11-20T19:22:36","slug":"a-verdade-de-o-meu-corpo-e-dado-por-vos","status":"publish","type":"post","link":"https:\/\/www.fachodeluz.blog.br\/wp\/2020\/11\/20\/a-verdade-de-o-meu-corpo-e-dado-por-vos\/","title":{"rendered":"A VERDADE DE \u201cO MEU CORPO \u00c9 DADO POR V\u00d3S\u201d!"},"content":{"rendered":"<h2 style=\"text-align: center;\"><span style=\"color: #993300;\"><a style=\"color: #993300;\" href=\"https:\/\/i0.wp.com\/fachodeluz.blog.br\/wp\/wp-content\/uploads\/2020\/11\/5-jesus-christ-elena-kosvincheva-1.jpg\"><img data-recalc-dims=\"1\" loading=\"lazy\" decoding=\"async\" loading=\"lazy\" class=\"aligncenter size-full wp-image-27415\" src=\"https:\/\/i0.wp.com\/fachodeluz.blog.br\/wp\/wp-content\/uploads\/2020\/11\/5-jesus-christ-elena-kosvincheva-1.jpg?resize=555%2C839\" alt=\"\" width=\"555\" height=\"839\" srcset=\"https:\/\/i0.wp.com\/www.fachodeluz.blog.br\/wp\/wp-content\/uploads\/2020\/11\/5-jesus-christ-elena-kosvincheva-1.jpg?w=555&amp;ssl=1 555w, https:\/\/i0.wp.com\/www.fachodeluz.blog.br\/wp\/wp-content\/uploads\/2020\/11\/5-jesus-christ-elena-kosvincheva-1.jpg?resize=198%2C300&amp;ssl=1 198w\" sizes=\"auto, (max-width: 555px) 100vw, 555px\" \/><\/a><\/span><\/h2>\n<h2 style=\"text-align: center;\"><span style=\"color: #993300;\"><em>E, tomando um p\u00e3o, havendo dado gra\u00e7as, o partiu e o serviu aos disc\u00edpulos, recomendando: \u201cIsto \u00e9 o meu corpo oferecido em favor de v\u00f3s; fazei isto em mem\u00f3ria de mim\u201d. \u00a0<\/em><\/span><\/h2>\n<h2 style=\"text-align: center;\"><span style=\"color: #993300;\">Lucas, 22: 19<\/span><\/h2>\n<h2 style=\"text-align: center;\"><span style=\"color: #993300;\">Muito embora Jesus tivesse empregado o p\u00e3o, como s\u00edmbolo do cumprimento de sua aparente \u201cvinda ao mundo\u201d. o que foi passado \u00e0 humanidade foi completamente deturpado pela err\u00f4nea interpreta\u00e7\u00e3o de que <em>\u201cO \u00a0SEU CORPO DADO POR N\u00d3S\u201d<\/em> fosse\u00a0 suposta \u201cmorte de seu corpo carnal numa cruz\u201d.<\/span><\/h2>\n<h2 style=\"text-align: center;\"><span style=\"color: #993300;\">Disse Jesus:<em> \u201cEm verdade, em verdade vos digo que, se algu\u00e9m guardar a minha palavra, NUNCA VER\u00c1 A MORTE\u201d.<\/em> Apenas esta revela\u00e7\u00e3o bastaria, para sabermos que se algu\u00e9m pudesse ver a morte de Jesus, ou acreditar na morte de algu\u00e9m mais, \u00a0inclusive na de si mesmo, <strong><em>N\u00c3O TERIA GUARDADO A SUA PALAVRA!<\/em><\/strong><\/span><\/h2>\n<h2><\/h2>\n<h2 style=\"text-align: center;\"><span style=\"color: #993300;\"><strong><em>\u201cDEUS \u00c9 DEUS DOS VIVOS, E N\u00c3O DE MORTOS\u201d,<\/em> <\/strong>disse tamb\u00e9m Jesus! Para Jesus, RESSURREI\u00c7\u00c3O DE MORTOS, FOSSE A DELE, OU A DE ALGUM OUTRO, simplesmente atestaria a <strong><em>AUS\u00caNCIA MOMENT\u00c2NEA DA ONIPRESEN\u00c7A DE DEUS COMO VIDA ETERNA!<\/em> <\/strong>Mas, <strong><em>\u201cTUDO QUE DEUS FAZ DURA PERPETUAMENTE\u201d,<\/em> <\/strong>revela a B\u00edblia!<\/span><\/h2>\n<h2><\/h2>\n<h2 style=\"text-align: center;\"><span style=\"color: #993300;\">\u201cO CORPO DE JESUS, DADO POR N\u00d3S&#8221;, SIMBOLIZADO PELO \u201cP\u00c3O REPARTIDO ENTRE TODOS\u201d, \u00c9 A REVELA\u00c7\u00c3O DE QUE <em><strong>TODOS VIVEMOS A VIDA ETERNA NA UNIDADE PERFEITA, COM O NOSSO CORPO GLORIOSO, ILUMINADO, ETERNO&#8221;. <\/strong><\/em><\/span><\/h2>\n<h2 style=\"text-align: center;\"><span style=\"color: #993300;\"><em><strong>\u00c9 O TEMPLO DO DEUS DOS VIVOS, QUE TODOS\u00a0 N\u00d3S\u00a0 JUNTOS FORMAMOS, COM O &#8220;P\u00c3O DA VIDA&#8221;, APARENTEMENTE REPARTIDO \u201cEM MIM\u201d, POR\u00c9M, REALMENTE, PERMANECENDO INTEIRO, EM PERFEITA E PERMANENTE &#8220;UNIDADE&#8221;!<\/strong> <\/em>\u00a0<\/span><\/h2>\n<h2 style=\"text-align: center;\"><span style=\"color: #993300;\">Por isso, cada RECONHECIMENTO que fizermos desta Verdade, estar\u00e1 sendo feito <strong><em>EM MEM\u00d3RIA DE \u201cMIM\u201d!<\/em><\/strong><\/span><\/h2>\n<h2><\/h2>\n<h2 style=\"text-align: center;\"><span style=\"color: #993300;\">Sem \u201cguardar a palavra de Jesus\u201d, segundo ele, dada-lhe pelo Pai, a humanidade nada recebeu, sen\u00e3o um <strong><em>falso e mentiroso Evangelho,<\/em> <\/strong>em que a humanidade \u00e9 <em>&#8220;julgada pela carne&#8221;, taxada de &#8220;pecadora&#8221;, e vista como \u201cvivente de mundo material\u201d,<\/em> <strong><em>SEM SEQUER IMAGINAR QUE \u201cEM DEUS VIVEMOS, NOS MOVEMOS E EXISTIMOS\u201d,<\/em> <\/strong>como revela a B\u00edblia em Atos 17: 28.<\/span><\/h2>\n<h2 style=\"text-align: center;\"><span style=\"color: #993300;\">Para Jesus, \u201cmortos\u201d s\u00e3o aqueles que se creem vivos na mat\u00e9ria, num ilus\u00f3rio &#8220;mundo do pai da mentira&#8221;, enquanto VIVOS s\u00e3o os que acreditam nas suas palavras: <\/span><\/h2>\n<h2 style=\"text-align: center;\"><span style=\"color: #993300;\"><strong><em>\u201cDei-lhes a gl\u00f3ria para serem UM, assim como n\u00f3s, \u00f3 Pai, somos UM \u2013 perfeitos NA UNIDADE\u201d.<\/em><\/strong><\/span><\/h2>\n<h2 style=\"text-align: center;\"><span style=\"color: #993300;\">Esta GL\u00d3RIA, dada a todos n\u00f3s, \u00c9 O SEU CORPO ETERNO revelado como o <strong><em>CORPO GLORIOSO<\/em><\/strong> que todos temos na UNIDADE PERFEITA, ou seja, <strong><em>\u201cem MIM\u201d!<\/em><\/strong><\/span><\/h2>\n<h2 style=\"text-align: center;\"><span style=\"color: #993300;\">*<\/span><\/h2>\n","protected":false},"excerpt":{"rendered":"<p>E, tomando um p\u00e3o, havendo dado gra\u00e7as, o partiu e o serviu aos disc\u00edpulos, recomendando: \u201cIsto \u00e9 o meu corpo oferecido em favor de v\u00f3s; fazei isto em mem\u00f3ria de mim\u201d. \u00a0 Lucas, 22: 19 Muito embora Jesus tivesse empregado o p\u00e3o, como s\u00edmbolo do cumprimento de sua aparente \u201cvinda ao mundo\u201d. o que foi &hellip; <\/p>\n<p class=\"link-more\"><a href=\"https:\/\/www.fachodeluz.blog.br\/wp\/2020\/11\/20\/a-verdade-de-o-meu-corpo-e-dado-por-vos\/\" class=\"more-link\">Leia mais<span class=\"screen-reader-text\"> &#8220;A VERDADE DE \u201cO MEU CORPO \u00c9 DADO POR V\u00d3S\u201d!&#8221;<\/span><\/a><\/p>\n","protected":false},"author":2,"featured_media":0,"comment_status":"open","ping_status":"closed","sticky":false,"template":"","format":"standard","meta":{"nf_dc_page":"","_crdt_document":"","footnotes":""},"categories":[10],"tags":[],"class_list":["post-27414","post","type-post","status-publish","format-standard","hentry","category-darcio-dezolt"],"featured_media_urls":[],"_links":{"self":[{"href":"https:\/\/www.fachodeluz.blog.br\/wp\/wp-json\/wp\/v2\/posts\/27414","targetHints":{"allow":["GET"]}}],"collection":[{"href":"https:\/\/www.fachodeluz.blog.br\/wp\/wp-json\/wp\/v2\/posts"}],"about":[{"href":"https:\/\/www.fachodeluz.blog.br\/wp\/wp-json\/wp\/v2\/types\/post"}],"author":[{"embeddable":true,"href":"https:\/\/www.fachodeluz.blog.br\/wp\/wp-json\/wp\/v2\/users\/2"}],"replies":[{"embeddable":true,"href":"https:\/\/www.fachodeluz.blog.br\/wp\/wp-json\/wp\/v2\/comments?post=27414"}],"version-history":[{"count":0,"href":"https:\/\/www.fachodeluz.blog.br\/wp\/wp-json\/wp\/v2\/posts\/27414\/revisions"}],"wp:attachment":[{"href":"https:\/\/www.fachodeluz.blog.br\/wp\/wp-json\/wp\/v2\/media?parent=27414"}],"wp:term":[{"taxonomy":"category","embeddable":true,"href":"https:\/\/www.fachodeluz.blog.br\/wp\/wp-json\/wp\/v2\/categories?post=27414"},{"taxonomy":"post_tag","embeddable":true,"href":"https:\/\/www.fachodeluz.blog.br\/wp\/wp-json\/wp\/v2\/tags?post=27414"}],"curies":[{"name":"wp","href":"https:\/\/api.w.org\/{rel}","templated":true}]}}