{"id":27526,"date":"2020-12-09T13:03:29","date_gmt":"2020-12-09T16:03:29","guid":{"rendered":"http:\/\/fachodeluz.blog.br\/wp\/?p=27526"},"modified":"2020-12-09T13:47:19","modified_gmt":"2020-12-09T16:47:19","slug":"quem-ama-o-mundo-e-as-coisas-do-mundo-nao-ha-nele-o-amor-de-deus","status":"publish","type":"post","link":"https:\/\/www.fachodeluz.blog.br\/wp\/2020\/12\/09\/quem-ama-o-mundo-e-as-coisas-do-mundo-nao-ha-nele-o-amor-de-deus\/","title":{"rendered":"\u201cQUEM AMA O MUNDO E AS COISAS DO MUNDO, N\u00c3O H\u00c1 NELE O AMOR DE DEUS!\u201d"},"content":{"rendered":"<hr \/>\n<p style=\"text-align: center;\"><span style=\"color: #993300;\"><a style=\"color: #993300;\" href=\"https:\/\/i0.wp.com\/fachodeluz.blog.br\/wp\/wp-content\/uploads\/2020\/12\/amor-11-A.jpg\"><img data-recalc-dims=\"1\" loading=\"lazy\" decoding=\"async\" loading=\"lazy\" class=\"aligncenter size-full wp-image-27527\" src=\"https:\/\/i0.wp.com\/fachodeluz.blog.br\/wp\/wp-content\/uploads\/2020\/12\/amor-11-A.jpg?resize=555%2C386\" alt=\"\" width=\"555\" height=\"386\" srcset=\"https:\/\/i0.wp.com\/www.fachodeluz.blog.br\/wp\/wp-content\/uploads\/2020\/12\/amor-11-A.jpg?w=555&amp;ssl=1 555w, https:\/\/i0.wp.com\/www.fachodeluz.blog.br\/wp\/wp-content\/uploads\/2020\/12\/amor-11-A.jpg?resize=300%2C209&amp;ssl=1 300w\" sizes=\"auto, (max-width: 555px) 100vw, 555px\" \/><\/a><\/span><\/p>\n<h2 style=\"text-align: center;\"><span style=\"color: #993300;\">Deus \u00e9 Amor ONIPRESENTE e assim Se exprime <em>como<\/em> cada Filho, ou seja, o Cristo que somos \u00e9 o Amor de Deus em SI, evidenciado como a Subst\u00e2ncia Todo amorosa que \u00e9 o Verbo de Deus!<\/span><\/h2>\n<h2 style=\"text-align: center;\"><span style=\"color: #993300;\">N\u00e3o h\u00e1 Reino da Verdade <strong><em>e<\/em><\/strong> \u201cmundo do pai da mentira\u201d. Onde quer que algu\u00e9m \u201ccoloque o seu cora\u00e7\u00e3o\u201d, seja em Deus ou seja \u201cno mundo\u201d, a Verdade poder\u00e1 estar manifestada ou estar sendo encoberta pelas \u201cmentiras\u201d pregadas pela \u201cmente carnal\u201d. <\/span><\/h2>\n<h2 style=\"text-align: center;\"><span style=\"color: #993300;\">Acreditar em DEUS significa saber que TODO O AMOR REAL <strong><em>\u201cEST\u00c1 FEITO\u201d<\/em> <\/strong>POR DEUS E DISPONIBILIZADO A TODO FILHO DE DEUS! <\/span><\/h2>\n<h2 style=\"text-align: center;\"><span style=\"color: #993300;\">Mas a suposta \u201cmente carnal\u201d sugere, em seu mundo, que \u201cfazer amor\u201d signifique ser \u201calgu\u00e9m do mundo\u201d envolvido com \u201cprazeres carnais\u201d, e que ostentar \u201criquezas materiais\u201d signifique ser \u201calgu\u00e9m bem-sucedido\u201d, que muito progrediu na vida!<\/span><\/h2>\n<h2 style=\"text-align: center;\"><span style=\"color: #993300;\">Ao mancebo rico, que perguntara a Jesus sobre <strong><em>c<\/em><em>omo obteria a vida eterna,<\/em><\/strong> ele lhe respondeu: <em>\u201cVenda tudo que tem, d\u00ea tudo aos pobres, e ter\u00e1 tesouros nos c\u00e9us!\u201d.<\/em> E ele se afastou, por saber ser apegado \u00e0s suas supostas riquezas terrenas!<\/span><\/h2>\n<p><span style=\"color: #993300;\"><!--more--><\/span><\/p>\n<h2 style=\"text-align: center;\"><span style=\"color: #993300;\">O Universo funciona com Amor e Sabedoria divinos! Aquele que \u201cbusca o Reino de Deus\u201d recebe, temporariamente como\u00a0 \u201cbens vindos de acr\u00e9scimo\u201d, uma<strong><em> adequa\u00e7\u00e3o natural de &#8220;local, hora e pessoa certos&#8221;,<\/em><\/strong> que atenda com modera\u00e7\u00e3o \u00e0s suas aparentes necessidades moment\u00e2neas, e isto num grau que n\u00e3o o desvie da \u201cpr\u00e1tica da Verdade\u201d. <\/span><\/h2>\n<h2 style=\"text-align: center;\"><span style=\"color: #993300;\"><strong><em>O oposto se d\u00e1 com aqueles que \u201cse deixam possuir\u201d pelos supostos prazeres e riquezas do mundo!<\/em> <\/strong>Dominados por seus desvios, mais e mais se afastam da Verdade, do Cristo que verdadeiramente s\u00e3o, e da <strong><em>Unidade Perfeita, <\/em><\/strong>em que teriam, realmente,<\/span><\/h2>\n<h2 style=\"text-align: center;\"><span style=\"color: #993300;\"><strong><em> \u201cVENCIDO O MUNDO\u201d!<\/em> <\/strong><\/span><\/h2>\n<h2 style=\"text-align: center;\"><span style=\"color: #993300;\">*<\/span><\/h2>\n<h2><\/h2>\n","protected":false},"excerpt":{"rendered":"<p>Deus \u00e9 Amor ONIPRESENTE e assim Se exprime como cada Filho, ou seja, o Cristo que somos \u00e9 o Amor de Deus em SI, evidenciado como a Subst\u00e2ncia Todo amorosa que \u00e9 o Verbo de Deus! N\u00e3o h\u00e1 Reino da Verdade e \u201cmundo do pai da mentira\u201d. Onde quer que algu\u00e9m \u201ccoloque o seu cora\u00e7\u00e3o\u201d, &hellip; <\/p>\n<p class=\"link-more\"><a href=\"https:\/\/www.fachodeluz.blog.br\/wp\/2020\/12\/09\/quem-ama-o-mundo-e-as-coisas-do-mundo-nao-ha-nele-o-amor-de-deus\/\" class=\"more-link\">Leia mais<span class=\"screen-reader-text\"> &#8220;\u201cQUEM AMA O MUNDO E AS COISAS DO MUNDO, N\u00c3O H\u00c1 NELE O AMOR DE DEUS!\u201d&#8221;<\/span><\/a><\/p>\n","protected":false},"author":2,"featured_media":0,"comment_status":"open","ping_status":"closed","sticky":false,"template":"","format":"standard","meta":{"nf_dc_page":"","_crdt_document":"","footnotes":""},"categories":[10],"tags":[],"class_list":["post-27526","post","type-post","status-publish","format-standard","hentry","category-darcio-dezolt"],"featured_media_urls":[],"_links":{"self":[{"href":"https:\/\/www.fachodeluz.blog.br\/wp\/wp-json\/wp\/v2\/posts\/27526","targetHints":{"allow":["GET"]}}],"collection":[{"href":"https:\/\/www.fachodeluz.blog.br\/wp\/wp-json\/wp\/v2\/posts"}],"about":[{"href":"https:\/\/www.fachodeluz.blog.br\/wp\/wp-json\/wp\/v2\/types\/post"}],"author":[{"embeddable":true,"href":"https:\/\/www.fachodeluz.blog.br\/wp\/wp-json\/wp\/v2\/users\/2"}],"replies":[{"embeddable":true,"href":"https:\/\/www.fachodeluz.blog.br\/wp\/wp-json\/wp\/v2\/comments?post=27526"}],"version-history":[{"count":0,"href":"https:\/\/www.fachodeluz.blog.br\/wp\/wp-json\/wp\/v2\/posts\/27526\/revisions"}],"wp:attachment":[{"href":"https:\/\/www.fachodeluz.blog.br\/wp\/wp-json\/wp\/v2\/media?parent=27526"}],"wp:term":[{"taxonomy":"category","embeddable":true,"href":"https:\/\/www.fachodeluz.blog.br\/wp\/wp-json\/wp\/v2\/categories?post=27526"},{"taxonomy":"post_tag","embeddable":true,"href":"https:\/\/www.fachodeluz.blog.br\/wp\/wp-json\/wp\/v2\/tags?post=27526"}],"curies":[{"name":"wp","href":"https:\/\/api.w.org\/{rel}","templated":true}]}}