{"id":27553,"date":"2020-12-13T12:05:16","date_gmt":"2020-12-13T15:05:16","guid":{"rendered":"http:\/\/fachodeluz.blog.br\/wp\/?p=27553"},"modified":"2020-12-13T12:15:50","modified_gmt":"2020-12-13T15:15:50","slug":"partiu-de-deus-a-ideia-de-ser-ele-proprio-aquele-que-somos","status":"publish","type":"post","link":"https:\/\/www.fachodeluz.blog.br\/wp\/2020\/12\/13\/partiu-de-deus-a-ideia-de-ser-ele-proprio-aquele-que-somos\/","title":{"rendered":"PARTIU DE DEUS A IDEIA DE SER, ELE PR\u00d3PRIO, \u201cAQUELE&#8221; QUE SOMOS!"},"content":{"rendered":"<p style=\"text-align: center;\"><span style=\"color: #333399;\"><a style=\"color: #333399;\" href=\"https:\/\/i0.wp.com\/fachodeluz.blog.br\/wp\/wp-content\/uploads\/2020\/12\/TEMPLO-1.jpg\"><img data-recalc-dims=\"1\" loading=\"lazy\" decoding=\"async\" loading=\"lazy\" class=\"aligncenter size-full wp-image-27554\" src=\"https:\/\/i0.wp.com\/fachodeluz.blog.br\/wp\/wp-content\/uploads\/2020\/12\/TEMPLO-1.jpg?resize=555%2C370\" alt=\"\" width=\"555\" height=\"370\" srcset=\"https:\/\/i0.wp.com\/www.fachodeluz.blog.br\/wp\/wp-content\/uploads\/2020\/12\/TEMPLO-1.jpg?w=555&amp;ssl=1 555w, https:\/\/i0.wp.com\/www.fachodeluz.blog.br\/wp\/wp-content\/uploads\/2020\/12\/TEMPLO-1.jpg?resize=300%2C200&amp;ssl=1 300w\" sizes=\"auto, (max-width: 555px) 100vw, 555px\" \/><\/a><\/span><\/p>\n<h2 style=\"text-align: center;\"><span style=\"color: #333399;\">A B\u00edblia diz que <em>\u201ca Lei foi dada por Mois\u00e9s&#8221;<\/em> e\u00a0 que<em> &#8220;a Gra\u00e7a e a Verdade vieram por Jesus Cristo&#8221;.<\/em><\/span><\/h2>\n<h2 style=\"text-align: center;\"><span style=\"color: #333399;\">Tudo se mostra com a simplicidade que tudo \u00e9, desde \u00a0que deixemos de nos fiar em cren\u00e7as religiosas do \u201cmundo do pai da mentira\u201d.<\/span><\/h2>\n<h2 style=\"text-align: center;\"><span style=\"color: #333399;\">Isa\u00edas nos revelou que <em>\u201cDeus sequer se lembra de pecados nossos\u201d.<\/em> Infelizmente, o <em>desconhecimento<\/em> das Escrituras permitiu uma nociva e falsa evangeliza\u00e7\u00e3o\u201d da humanidade, baseada na propaga\u00e7\u00e3o err\u00f4nea de que \u201capar\u00eancias fenom\u00eanicas\u201d sejam realidades, com seus \u201cpecadores\u201d a serem salvos, e com in\u00fameras outras cren\u00e7as falsas, fazendo de Jesus\u00a0 um \u00eddolo, um \u00fanico Filho perfeito de Deus, enquanto nas prega\u00e7\u00f5es dele, contando com sua vis\u00e3o iluminada, nos considera sendo \u201cdeuses\u201d, &#8220;luzes do mundo&#8221;, e n\u00e3o \u201cpecadores\u201d!<\/span><\/h2>\n<h2><\/h2>\n<h2 style=\"text-align: center;\"><span style=\"color: #333399;\"><strong><em>Partiu de Deus a ideia de SER O FILHO PERFEITO QUE SOMOS!\u00a0<\/em> <\/strong>Jo\u00e3o, ciente disso, declarou que <strong><em>\u201cO Verbo estava com Deus\u201d,<\/em> <\/strong>e que, <em><strong>\u201csem Ele, NADA do que foi feito se fez\u201d.<\/strong><\/em><\/span><\/h2>\n<h2><\/h2>\n<h2 style=\"text-align: center;\"><span style=\"color: #333399;\"><em><strong>Grave bem: PARTIU DE DEUS A IDEIA DE, ELE PR\u00d3PRIO, SE INDIVIDUALIZAR COMO O CRISTO PERFEITO QUE VOC\u00ca \u00c9!<\/strong> <\/em><\/span><\/h2>\n<h2 style=\"text-align: center;\"><span style=\"color: #333399;\">Atente para este Fato, que \u00e9 ETERNO! Jamais negue-o! Pare de se associar com a ilus\u00f3ria \u201cmente carnal\u201d e suas sucessivas <strong><em>imagens hipn\u00f3ticas<\/em><\/strong> de \u201cnascidos e mortos\u201d! ESTA SUPOSTA \u201cMENTE\u201d, COMO DISSE PAULO, <em><strong>N\u00c3O LHE VEIO DE DEUS! MAS DELE VEIO-LHE A \u201cMENTE DE CRISTO\u201d!<\/strong><\/em><\/span><\/h2>\n<h2 style=\"text-align: center;\"><span style=\"color: #333399;\">E quando Jo\u00e3o declara que SOMOS UNICAMENTE O VERBO DE DEUS, INDIVIDUALIZADO E CORPORIFICADO COM UM CORPO QUE \u00c9 \u201cTEMPLO DE DEUS\u201d, SIMPLESMENTE ATESTA SUA NATUREZA DIVINA\u00a0 ETERNA, ESPIRITUAL E PERFEITA, <strong><em>EM NADA ASSOCIADA COM AS \u201cCREN\u00c7AS COLETIVAS\u201d DO MUNDO!<\/em><\/strong><\/span><\/h2>\n<h2><\/h2>\n<h2 style=\"text-align: center;\"><span style=\"color: #333399;\">Como diz a <strong><em>Unity,<\/em><\/strong> \u201cFIQUE NA RETA DA VERDADE\u201d: <strong><em>SOMENTE EXISTE DEUS! <\/em><\/strong><\/span><\/h2>\n<h2 style=\"text-align: center;\"><span style=\"color: #333399;\"><strong><em>E este DEUS, onde VOC\u00ca EST\u00c1, \u00c9 DEUS SENDO VOC\u00ca! <\/em><\/strong><\/span><\/h2>\n<h2 style=\"text-align: center;\"><span style=\"color: #333399;\"><strong><em>CONTEMPLE NO SIL\u00caNCIO ESTA VERDADE!<br \/>\n<\/em><\/strong><\/span><\/h2>\n<h2 style=\"text-align: center;\"><span style=\"color: #333399;\"><strong><em>*<\/em><\/strong><\/span><\/h2>\n","protected":false},"excerpt":{"rendered":"<p>A B\u00edblia diz que \u201ca Lei foi dada por Mois\u00e9s&#8221; e\u00a0 que &#8220;a Gra\u00e7a e a Verdade vieram por Jesus Cristo&#8221;. Tudo se mostra com a simplicidade que tudo \u00e9, desde \u00a0que deixemos de nos fiar em cren\u00e7as religiosas do \u201cmundo do pai da mentira\u201d. Isa\u00edas nos revelou que \u201cDeus sequer se lembra de pecados &hellip; <\/p>\n<p class=\"link-more\"><a href=\"https:\/\/www.fachodeluz.blog.br\/wp\/2020\/12\/13\/partiu-de-deus-a-ideia-de-ser-ele-proprio-aquele-que-somos\/\" class=\"more-link\">Leia mais<span class=\"screen-reader-text\"> &#8220;PARTIU DE DEUS A IDEIA DE SER, ELE PR\u00d3PRIO, \u201cAQUELE&#8221; QUE SOMOS!&#8221;<\/span><\/a><\/p>\n","protected":false},"author":2,"featured_media":0,"comment_status":"open","ping_status":"closed","sticky":false,"template":"","format":"standard","meta":{"nf_dc_page":"","_crdt_document":"","footnotes":""},"categories":[10],"tags":[],"class_list":["post-27553","post","type-post","status-publish","format-standard","hentry","category-darcio-dezolt"],"featured_media_urls":[],"_links":{"self":[{"href":"https:\/\/www.fachodeluz.blog.br\/wp\/wp-json\/wp\/v2\/posts\/27553","targetHints":{"allow":["GET"]}}],"collection":[{"href":"https:\/\/www.fachodeluz.blog.br\/wp\/wp-json\/wp\/v2\/posts"}],"about":[{"href":"https:\/\/www.fachodeluz.blog.br\/wp\/wp-json\/wp\/v2\/types\/post"}],"author":[{"embeddable":true,"href":"https:\/\/www.fachodeluz.blog.br\/wp\/wp-json\/wp\/v2\/users\/2"}],"replies":[{"embeddable":true,"href":"https:\/\/www.fachodeluz.blog.br\/wp\/wp-json\/wp\/v2\/comments?post=27553"}],"version-history":[{"count":0,"href":"https:\/\/www.fachodeluz.blog.br\/wp\/wp-json\/wp\/v2\/posts\/27553\/revisions"}],"wp:attachment":[{"href":"https:\/\/www.fachodeluz.blog.br\/wp\/wp-json\/wp\/v2\/media?parent=27553"}],"wp:term":[{"taxonomy":"category","embeddable":true,"href":"https:\/\/www.fachodeluz.blog.br\/wp\/wp-json\/wp\/v2\/categories?post=27553"},{"taxonomy":"post_tag","embeddable":true,"href":"https:\/\/www.fachodeluz.blog.br\/wp\/wp-json\/wp\/v2\/tags?post=27553"}],"curies":[{"name":"wp","href":"https:\/\/api.w.org\/{rel}","templated":true}]}}