{"id":27558,"date":"2020-12-14T11:38:04","date_gmt":"2020-12-14T14:38:04","guid":{"rendered":"http:\/\/fachodeluz.blog.br\/wp\/?p=27558"},"modified":"2020-12-14T11:46:49","modified_gmt":"2020-12-14T14:46:49","slug":"comentarios-sobre-o-cordeiro-de-deus-destroi-o-magnetismo-animal-12","status":"publish","type":"post","link":"https:\/\/www.fachodeluz.blog.br\/wp\/2020\/12\/14\/comentarios-sobre-o-cordeiro-de-deus-destroi-o-magnetismo-animal-12\/","title":{"rendered":"COMENT\u00c1RIOS SOBRE \u201cO CORDEIRO DE DEUS DESTR\u00d3I O MAGNETISMO ANIMAL\u201d \u2013 12"},"content":{"rendered":"<h2 style=\"text-align: center;\"><a href=\"https:\/\/i0.wp.com\/fachodeluz.blog.br\/wp\/wp-content\/uploads\/2020\/12\/cdd-12-a.jpg\"><img data-recalc-dims=\"1\" loading=\"lazy\" decoding=\"async\" loading=\"lazy\" class=\"aligncenter size-full wp-image-27559\" src=\"https:\/\/i0.wp.com\/fachodeluz.blog.br\/wp\/wp-content\/uploads\/2020\/12\/cdd-12-a.jpg?resize=555%2C369\" alt=\"\" width=\"555\" height=\"369\" srcset=\"https:\/\/i0.wp.com\/www.fachodeluz.blog.br\/wp\/wp-content\/uploads\/2020\/12\/cdd-12-a.jpg?w=555&amp;ssl=1 555w, https:\/\/i0.wp.com\/www.fachodeluz.blog.br\/wp\/wp-content\/uploads\/2020\/12\/cdd-12-a.jpg?resize=300%2C199&amp;ssl=1 300w\" sizes=\"auto, (max-width: 555px) 100vw, 555px\" \/><\/a><span style=\"color: #333399;\"><strong>&#8211; 12 &#8211;<\/strong><\/span><\/h2>\n<h2 style=\"text-align: center;\"><span style=\"color: #194a19;\"><strong><em>Os requisitos para a vit\u00f3ria sobre o magnetismo animal apresentados nesse trecho do Apocalipse nos alertam para a diferen\u00e7a que h\u00e1 entre a ora\u00e7\u00e3o perfunct\u00f3ria (ritual de palavra) e o esp\u00edrito do Cordeiro, que cura. Reden\u00e7\u00e3o individual, ao inv\u00e9s de mera repeti\u00e7\u00e3o de palavras, \u00e9 o que destr\u00f3i a cren\u00e7a nas mentiras do magnetismo animal. Tais mentiras nunca foram reais, mas nossa cren\u00e7a nelas precisa ser extirpada. Um esfor\u00e7o obstinado de mudar o pensamento por presumirmos que vivemos aquilo que pensamos \u2013 apoiarmo-nos num tipo de profecia autorrealizadora \u2013 \u00e9 f\u00fatil e n\u00e3o \u00e9 reden\u00e7\u00e3o real, pois falta-lhe a inoc\u00eancia do Cordeiro.<\/em><\/strong><\/span><\/h2>\n<h2 style=\"text-align: center;\"><span style=\"color: #333399;\">O \u201csacrif\u00edcio do ego\u201d, simbolizado no Apocalipse pelo \u201csangue do Cordeiro\u201d, implica a necessidade que todos temos de \u201cdemonstrar o Cristo e vencer o suposto mal\u201d, a exemplo do que Jesus fez! Jamais significou que Jesus \u201cvenceu o mundo\u201d por todos n\u00f3s, como pregam falsamente as religi\u00f5es! <strong><em>\u201cTome a sua cruz e me siga\u201d, <\/em><\/strong>disse Jesus, deixando bem claro que cada um ter\u00e1 de seguir os seus passos, anulando a dualidade, \u201ccrucificando\u201d a ilus\u00f3ria \u201cpersonalidade humana\u201d para, desse modo, <strong><em>\u201cvencer o mundo\u201d.<\/em><\/strong><\/span><\/h2>\n<h2><\/h2>\n<h2 style=\"text-align: center;\"><span style=\"color: #333399;\"><span style=\"color: #165c27;\"><strong><em>\u201cReden\u00e7\u00e3o individual, ao inv\u00e9s de mera repeti\u00e7\u00e3o de palavras, \u00e9 o que destr\u00f3i a cren\u00e7a nas mentiras do magnetismo animal\u201d,<\/em><\/strong> <\/span>diz o artigo. Jesus contou com o Pai, uno com Ele, e nos revelou o mesmo Pai, uno conosco, para que pud\u00e9ssemos ir al\u00e9m de \u201cmeras palavras\u201d\u00a0 ou de puro \u201cmentalismo\u201d, e n\u00e3o cairmos na falsa <strong><em>cren\u00e7a de &#8220;ego reden\u00e7\u00e3o&#8221;<\/em><\/strong>, ou seja, apoiarmo-nos num tipo de profecia autorrealizadora, totalmente <em>\u201cdeste mundo\u201d,<\/em> sem a \u201creden\u00e7\u00e3o real\u201d, como diz a autora, por<span style=\"color: #185c13;\"><strong><em> \u201cfaltar-lhe a inoc\u00eancia do Cordeiro\u201d.<\/em><\/strong><\/span><\/span><\/h2>\n<h2 style=\"text-align: center;\"><span style=\"color: #333399;\"><em>Esta inoc\u00eancia significa o \u201cego\u201d fazer uso da palavras, em seu dia a dia, ciente de que, de si mesmo, ele nada \u00e9! <\/em>A autoridade das falas de Jesus lhe vinha da sua \u201cunidade com Deus\u201d <strong><em>reconhecida!<\/em> <\/strong>Jamais eram palavras ditas de si mesmo, apenas ensinando \u201clei mental\u201d, que lida com <em>\u201ceste mundo\u201d,\u00a0<\/em> e que diz que \u201csomos o que pensamos\u201d. <strong><em>A Verdade est\u00e1 na \u201cinoc\u00eancia do Cordeiro\u201d e n\u00e3o em lhe ser atribu\u00eddo qualquer &#8220;presen\u00e7a&#8221; ou m\u00e9rito! <\/em><\/strong>O estudo \u00e9 para que \u201cconhe\u00e7amos a Verdade\u201d, ou seja, que <strong><em>&#8220;Deus e Homem s\u00e3o um.<\/em><\/strong> Nunca para que o suposto \u201cego\u201d permane\u00e7a, se achando ativo de si mesmo, em &#8220;ego reden\u00e7\u00e3o&#8221;, ou em realiza\u00e7\u00f5es v\u00e1rias meramente restritas ao &#8220;mundo de apar\u00eancias&#8221;, acreditando que \u201cpensar&#8221; e &#8220;manifestar apar\u00eancias&#8221; do que foi pensado, fosse <strong><em>\u201cconhecer a Verdade\u201d.<\/em><\/strong><\/span><\/h2>\n<h4 style=\"text-align: right;\"><em><span style=\"color: #185c13;\">Continua na pr\u00f3xima segunda-feira&#8230;&gt;<\/span><\/em><\/h4>\n<p>&nbsp;<\/p>\n","protected":false},"excerpt":{"rendered":"<p>&#8211; 12 &#8211; Os requisitos para a vit\u00f3ria sobre o magnetismo animal apresentados nesse trecho do Apocalipse nos alertam para a diferen\u00e7a que h\u00e1 entre a ora\u00e7\u00e3o perfunct\u00f3ria (ritual de palavra) e o esp\u00edrito do Cordeiro, que cura. Reden\u00e7\u00e3o individual, ao inv\u00e9s de mera repeti\u00e7\u00e3o de palavras, \u00e9 o que destr\u00f3i a cren\u00e7a nas mentiras &hellip; <\/p>\n<p class=\"link-more\"><a href=\"https:\/\/www.fachodeluz.blog.br\/wp\/2020\/12\/14\/comentarios-sobre-o-cordeiro-de-deus-destroi-o-magnetismo-animal-12\/\" class=\"more-link\">Leia mais<span class=\"screen-reader-text\"> &#8220;COMENT\u00c1RIOS SOBRE \u201cO CORDEIRO DE DEUS DESTR\u00d3I O MAGNETISMO ANIMAL\u201d \u2013 12&#8221;<\/span><\/a><\/p>\n","protected":false},"author":2,"featured_media":0,"comment_status":"open","ping_status":"closed","sticky":false,"template":"","format":"standard","meta":{"nf_dc_page":"","_crdt_document":"","footnotes":""},"categories":[10],"tags":[],"class_list":["post-27558","post","type-post","status-publish","format-standard","hentry","category-darcio-dezolt"],"featured_media_urls":[],"_links":{"self":[{"href":"https:\/\/www.fachodeluz.blog.br\/wp\/wp-json\/wp\/v2\/posts\/27558","targetHints":{"allow":["GET"]}}],"collection":[{"href":"https:\/\/www.fachodeluz.blog.br\/wp\/wp-json\/wp\/v2\/posts"}],"about":[{"href":"https:\/\/www.fachodeluz.blog.br\/wp\/wp-json\/wp\/v2\/types\/post"}],"author":[{"embeddable":true,"href":"https:\/\/www.fachodeluz.blog.br\/wp\/wp-json\/wp\/v2\/users\/2"}],"replies":[{"embeddable":true,"href":"https:\/\/www.fachodeluz.blog.br\/wp\/wp-json\/wp\/v2\/comments?post=27558"}],"version-history":[{"count":0,"href":"https:\/\/www.fachodeluz.blog.br\/wp\/wp-json\/wp\/v2\/posts\/27558\/revisions"}],"wp:attachment":[{"href":"https:\/\/www.fachodeluz.blog.br\/wp\/wp-json\/wp\/v2\/media?parent=27558"}],"wp:term":[{"taxonomy":"category","embeddable":true,"href":"https:\/\/www.fachodeluz.blog.br\/wp\/wp-json\/wp\/v2\/categories?post=27558"},{"taxonomy":"post_tag","embeddable":true,"href":"https:\/\/www.fachodeluz.blog.br\/wp\/wp-json\/wp\/v2\/tags?post=27558"}],"curies":[{"name":"wp","href":"https:\/\/api.w.org\/{rel}","templated":true}]}}