{"id":27575,"date":"2020-12-18T12:19:07","date_gmt":"2020-12-18T15:19:07","guid":{"rendered":"http:\/\/fachodeluz.blog.br\/wp\/?p=27575"},"modified":"2020-12-18T12:19:07","modified_gmt":"2020-12-18T15:19:07","slug":"melquisedeque","status":"publish","type":"post","link":"https:\/\/www.fachodeluz.blog.br\/wp\/2020\/12\/18\/melquisedeque\/","title":{"rendered":"Melquisedeque"},"content":{"rendered":"<h3 style=\"text-align: center;\"><span style=\"color: #941c1c;\"><a style=\"color: #941c1c;\" href=\"https:\/\/i0.wp.com\/fachodeluz.blog.br\/wp\/wp-content\/uploads\/2020\/12\/Quem-foi-Melquisedeque-1.jpg\"><img data-recalc-dims=\"1\" loading=\"lazy\" decoding=\"async\" loading=\"lazy\" class=\"aligncenter size-full wp-image-27576\" src=\"https:\/\/i0.wp.com\/fachodeluz.blog.br\/wp\/wp-content\/uploads\/2020\/12\/Quem-foi-Melquisedeque-1.jpg?resize=555%2C397\" alt=\"\" width=\"555\" height=\"397\" srcset=\"https:\/\/i0.wp.com\/www.fachodeluz.blog.br\/wp\/wp-content\/uploads\/2020\/12\/Quem-foi-Melquisedeque-1.jpg?w=555&amp;ssl=1 555w, https:\/\/i0.wp.com\/www.fachodeluz.blog.br\/wp\/wp-content\/uploads\/2020\/12\/Quem-foi-Melquisedeque-1.jpg?resize=300%2C215&amp;ssl=1 300w\" sizes=\"auto, (max-width: 555px) 100vw, 555px\" \/><\/a><\/span><\/h3>\n<h3 style=\"text-align: center;\"><span style=\"color: #941c1c;\"><em>Porque este Melquisedeque, que era rei de Sal\u00e9m, sacerdote do Deus Alt\u00edssimo, e que saiu ao encontro de Abra\u00e3o quando ele regressava da matan\u00e7a dos reis, e o aben\u00e7oou;<\/em><\/span><br \/>\n<span style=\"color: #941c1c;\"><em>A quem tamb\u00e9m Abra\u00e3o deu o d\u00edzimo de tudo, e primeiramente \u00e9, por interpreta\u00e7\u00e3o, rei de justi\u00e7a, e depois tamb\u00e9m rei de Sal\u00e9m, que \u00e9 rei de paz;<\/em><\/span><br \/>\n<span style=\"color: #941c1c;\"><em>Sem pai, sem m\u00e3e, sem genealogia, n\u00e3o tendo princ\u00edpio de dias nem fim de vida, mas sendo feito semelhante ao Filho de Deus, permanece sacerdote para sempre.<\/em><\/span><br \/>\n<span style=\"color: #941c1c;\"><em>Considerai, pois, qu\u00e3o grande era este, a quem at\u00e9 o patriarca Abra\u00e3o deu os d\u00edzimos dos despojos<\/em><\/span><\/h3>\n<h3 style=\"text-align: center;\"><span style=\"color: #941c1c;\"><em>Hebreus 7: 1-4<br \/>\n<\/em><\/span><\/h3>\n<h2 style=\"text-align: center;\"><span style=\"color: #941c1c;\">Os exemplos vivos contidos nas <em>Escrituras,<\/em> como \u00e9 o caso do rei <em>Melquisedeque,<\/em> s\u00e3o ali relatados para nos servirem de modelos a serem imitados para realmente colocarmos em pr\u00e1tica as instru\u00e7\u00f5es absolutas, de forma a anularmos as <strong><em>cren\u00e7as em vida humana,<\/em> <\/strong>mera inven\u00e7\u00e3o hipn\u00f3tica da suposta \u201cmente carnal\u201d, vida que \u00e9 falsa e desconhecida de Deus!<\/span><\/h2>\n<h2 style=\"text-align: center;\"><\/h2>\n<h2 style=\"text-align: center;\"><span style=\"color: #941c1c;\"><strong><em>\u201cQuem perder sua vida por AMOR DE MIM, ir\u00e1 ach\u00e1-la\u201d,<\/em><\/strong> disse Jesus. Fez-se tamb\u00e9m exemplo da VIDA REAL, DIVINA E ETERNA, que todos temos, mas que a maioria desconhece por cegamente endossar a \u201cmente carnal\u201d com seu \u00a0ilus\u00f3rio \u201cmundo do pai da mentira\u201d!<\/span><\/h2>\n<h2 style=\"text-align: center;\"><span style=\"color: #941c1c;\">Sobre <em>Melquisedeque,<\/em> <\/span><span style=\"color: #941c1c;\">assim se refere a B\u00edblia: <\/span><\/h2>\n<h2 style=\"text-align: center;\"><span style=\"color: #941c1c;\"><strong><em>Sem pai, sem m\u00e3e, sem genealogia, n\u00e3o tendo princ\u00edpio de dias nem fim de vida, mas sendo feito semelhante ao Filho de Deus, permanece sacerdote para sempre.<br \/>\nConsiderai, pois, qu\u00e3o grande era este, a quem at\u00e9 o patriarca Abra\u00e3o deu os d\u00edzimos dos despojos.<\/em><\/strong><\/span><\/h2>\n<h2 style=\"text-align: center;\"><span style=\"color: #941c1c;\">Se Jesus e Melquisedeque n\u00e3o reconheciam pais terrenos nem genealogia nenhuma, por viverem na REAL EXIST\u00caNCIA sem terem<em> \u201cprinc\u00edpio de dias nem fim de vida\u201d,<\/em> as cren\u00e7as de nascidos e de mortos ficavam por eles reduzidas ao NADA que verdadeiramente eram!<\/span><\/h2>\n<h2 style=\"text-align: center;\"><span style=\"color: #941c1c;\"><strong><em>\u201cSendo feito FILHO DE DEUS\u201d, Melquisedeque permanece \u201csacerdote para sempre\u201d!<\/em><\/strong><\/span><\/h2>\n<h2 style=\"text-align: center;\"><\/h2>\n<h2 style=\"text-align: center;\"><span style=\"color: #941c1c;\">Aquele que diz desejar \u201cconhecer a Verdade\u201d, mas fazendo \u201cvistas grossas\u201d \u00e0s<strong><em> instru\u00e7\u00f5es absolutas essenciais,<\/em> <\/strong>continuar\u00e1 fazendo sua identifica\u00e7\u00e3o com o \u201cmundo fenom\u00eanico\u201d, que \u00e9 mero \u201cpesadelo temporal\u201d,\u00a0 e deixando de perceber a Verdade de que <\/span><\/h2>\n<h2 style=\"text-align: center;\"><span style=\"color: #941c1c;\">NOSSA VIDA \u00c9 DEUS, ETERNA E INDESTRUT\u00cdVEL, podendo ser inclusive chamada de <em><strong>\u201cMELQUISEDEQUE\u201d!\u00a0<\/strong><\/em><\/span><\/h2>\n<h2 style=\"text-align: center;\"><span style=\"color: #941c1c;\">*<\/span><\/h2>\n","protected":false},"excerpt":{"rendered":"<p>Porque este Melquisedeque, que era rei de Sal\u00e9m, sacerdote do Deus Alt\u00edssimo, e que saiu ao encontro de Abra\u00e3o quando ele regressava da matan\u00e7a dos reis, e o aben\u00e7oou; A quem tamb\u00e9m Abra\u00e3o deu o d\u00edzimo de tudo, e primeiramente \u00e9, por interpreta\u00e7\u00e3o, rei de justi\u00e7a, e depois tamb\u00e9m rei de Sal\u00e9m, que \u00e9 rei &hellip; <\/p>\n<p class=\"link-more\"><a href=\"https:\/\/www.fachodeluz.blog.br\/wp\/2020\/12\/18\/melquisedeque\/\" class=\"more-link\">Leia mais<span class=\"screen-reader-text\"> &#8220;Melquisedeque&#8221;<\/span><\/a><\/p>\n","protected":false},"author":2,"featured_media":0,"comment_status":"open","ping_status":"closed","sticky":false,"template":"","format":"standard","meta":{"nf_dc_page":"","_crdt_document":"","footnotes":""},"categories":[10],"tags":[],"class_list":["post-27575","post","type-post","status-publish","format-standard","hentry","category-darcio-dezolt"],"featured_media_urls":[],"_links":{"self":[{"href":"https:\/\/www.fachodeluz.blog.br\/wp\/wp-json\/wp\/v2\/posts\/27575","targetHints":{"allow":["GET"]}}],"collection":[{"href":"https:\/\/www.fachodeluz.blog.br\/wp\/wp-json\/wp\/v2\/posts"}],"about":[{"href":"https:\/\/www.fachodeluz.blog.br\/wp\/wp-json\/wp\/v2\/types\/post"}],"author":[{"embeddable":true,"href":"https:\/\/www.fachodeluz.blog.br\/wp\/wp-json\/wp\/v2\/users\/2"}],"replies":[{"embeddable":true,"href":"https:\/\/www.fachodeluz.blog.br\/wp\/wp-json\/wp\/v2\/comments?post=27575"}],"version-history":[{"count":0,"href":"https:\/\/www.fachodeluz.blog.br\/wp\/wp-json\/wp\/v2\/posts\/27575\/revisions"}],"wp:attachment":[{"href":"https:\/\/www.fachodeluz.blog.br\/wp\/wp-json\/wp\/v2\/media?parent=27575"}],"wp:term":[{"taxonomy":"category","embeddable":true,"href":"https:\/\/www.fachodeluz.blog.br\/wp\/wp-json\/wp\/v2\/categories?post=27575"},{"taxonomy":"post_tag","embeddable":true,"href":"https:\/\/www.fachodeluz.blog.br\/wp\/wp-json\/wp\/v2\/tags?post=27575"}],"curies":[{"name":"wp","href":"https:\/\/api.w.org\/{rel}","templated":true}]}}