{"id":27609,"date":"2020-12-26T13:14:29","date_gmt":"2020-12-26T16:14:29","guid":{"rendered":"http:\/\/fachodeluz.blog.br\/wp\/?p=27609"},"modified":"2020-12-26T13:14:29","modified_gmt":"2020-12-26T16:14:29","slug":"esta-escrito-somente-adoraras-o-senhor-teu-deus","status":"publish","type":"post","link":"https:\/\/www.fachodeluz.blog.br\/wp\/2020\/12\/26\/esta-escrito-somente-adoraras-o-senhor-teu-deus\/","title":{"rendered":"&#8220;EST\u00c1 ESCRITO: SOMENTE ADORAR\u00c1S  O SENHOR TEU DEUS!\u201d"},"content":{"rendered":"<h2 style=\"text-align: center;\"><a href=\"https:\/\/i0.wp.com\/fachodeluz.blog.br\/wp\/wp-content\/uploads\/2020\/12\/tenpted2-1.jpg\"><img data-recalc-dims=\"1\" loading=\"lazy\" decoding=\"async\" loading=\"lazy\" class=\"aligncenter size-full wp-image-27611\" src=\"https:\/\/i0.wp.com\/fachodeluz.blog.br\/wp\/wp-content\/uploads\/2020\/12\/tenpted2-1.jpg?resize=555%2C370\" alt=\"\" width=\"555\" height=\"370\" srcset=\"https:\/\/i0.wp.com\/www.fachodeluz.blog.br\/wp\/wp-content\/uploads\/2020\/12\/tenpted2-1.jpg?w=555&amp;ssl=1 555w, https:\/\/i0.wp.com\/www.fachodeluz.blog.br\/wp\/wp-content\/uploads\/2020\/12\/tenpted2-1.jpg?resize=300%2C200&amp;ssl=1 300w\" sizes=\"auto, (max-width: 555px) 100vw, 555px\" \/><\/a><\/h2>\n<h2 style=\"text-align: center;\"><span style=\"color: #732c2c;\">Vendo-se &#8220;tentado no deserto&#8221;, isto \u00e9, sob a cren\u00e7a de separatividade de Deus, Jesus \u201couviu da mente carna<\/span>l\u201d a oferta de seu \u201cmundo material\u201d: <em><strong>\u201cTudo isso te darei, se prostrado me adorares\u201d.<\/strong> <\/em>Na hora, Jesus respondeu segundo seu conhecimento da Verdade, ou seja, de que <strong><em>O QUE \u00c9 TUDO, \u00c9 SOMENTE DEUS!<\/em> <\/strong><\/h2>\n<h2 style=\"text-align: center;\">Disse ele: <strong><em>\u201cEst\u00e1 escrito: Somente adorar\u00e1s o Senhor Teu Deus\u201d. <\/em><\/strong><\/h2>\n<h2 style=\"text-align: center;\">Ter e manter este entendimento absoluto constitui a Ess\u00eancia do enfoque absoluto da Verdade, que nos leva a <em><strong>ADORAR SOMENTE O DEUS QUE EST\u00c1 SENDO O SER QUE SOMOS!<\/strong><\/em><\/h2>\n<h2 style=\"text-align: center;\">S\u00e3o in\u00fameros os desvios dessa Verdade que aparentam ser reais com suas ofertas aparentemente vindas do mundo! Numa delas, Jesus recha\u00e7ou ser chamado de\u00a0 &#8220;Bom Mestre\u201d. Manteve-se fiel ao DEUS SENDO O CRISTO DE SI MESMO! Por isso, assim respondeu: <em><strong>\u201cBOM S\u00d3 H\u00c1 UM, QUE \u00c9 DEUS!\u201d<\/strong><\/em><\/h2>\n<h2 style=\"text-align: center;\">A humanidade somente viver\u00e1 a Verdade <em><strong>quando cada um RECONHECER A TOTALIDADE E UNICIDADE DE DEUS!<\/strong> <\/em>Neste reconhecimento absoluto reside a VIDA PELA GRA\u00c7A, capaz de destruir as cren\u00e7as que atribuem ao homem os seus ilus\u00f3rios FEITOS, BONS OU MAUS!<\/h2>\n<h2 style=\"text-align: center;\">Como DEUS \u00c9 TUDO, a no\u00e7\u00e3o de livre-arb\u00edtrio sempre esteve sendo cren\u00e7a falsa! UNICAMENTE <strong><em>DEUS EM ONIA\u00c7\u00c3O<\/em><\/strong> \u00c9 REALIDADE\u201d: ONIPRESENTE E PERMANENTE!<\/h2>\n<h2 style=\"text-align: center;\">Por que Jesus recusava o \u201cju\u00edzo pelas apar\u00eancias\u201d e ensinava o \u201cju\u00edzo justo\u201d? Por saber que <em><strong>\u201cFAZER A VONTADE DO PAI&#8221; SIGNIFICA &#8220;VER A SI MESMO COMO A PRESEN\u00c7A DO PAI&#8221;!<\/strong><\/em><\/h2>\n<h2 style=\"text-align: center;\"><strong><em>\u201cO Filho faz o que V\u00ca O PAI FAZER!\u201d,<\/em><\/strong><\/h2>\n<h2 style=\"text-align: center;\">E aquele que \u201cn\u00e3o faz a Vontade do Pai?\u201d Jesus deu a resposta: <strong><em>&#8220;SEGUE-ME TU, pratica o JU\u00cdZO JUSTO, \u201cQUEM ME <\/em><\/strong><br \/>\n<strong><em>V\u00ca A MIM, V\u00ca O PAI\u201d!<\/em><\/strong><\/h2>\n<h2 style=\"text-align: center;\">\u00c9 desse modo que CADA UM SOMENTE ADORAR\u00c1 <strong><em>&#8220;O SENHOR TEU DEUS!&#8221;<\/em><\/strong><\/h2>\n<h2 style=\"text-align: center;\">*<\/h2>\n","protected":false},"excerpt":{"rendered":"<p>Vendo-se &#8220;tentado no deserto&#8221;, isto \u00e9, sob a cren\u00e7a de separatividade de Deus, Jesus \u201couviu da mente carnal\u201d a oferta de seu \u201cmundo material\u201d: \u201cTudo isso te darei, se prostrado me adorares\u201d. Na hora, Jesus respondeu segundo seu conhecimento da Verdade, ou seja, de que O QUE \u00c9 TUDO, \u00c9 SOMENTE DEUS! Disse ele: \u201cEst\u00e1 &hellip; <\/p>\n<p class=\"link-more\"><a href=\"https:\/\/www.fachodeluz.blog.br\/wp\/2020\/12\/26\/esta-escrito-somente-adoraras-o-senhor-teu-deus\/\" class=\"more-link\">Leia mais<span class=\"screen-reader-text\"> &#8220;&#8220;EST\u00c1 ESCRITO: SOMENTE ADORAR\u00c1S  O SENHOR TEU DEUS!\u201d&#8221;<\/span><\/a><\/p>\n","protected":false},"author":2,"featured_media":0,"comment_status":"open","ping_status":"closed","sticky":false,"template":"","format":"standard","meta":{"nf_dc_page":"","_crdt_document":"","footnotes":""},"categories":[10],"tags":[],"class_list":["post-27609","post","type-post","status-publish","format-standard","hentry","category-darcio-dezolt"],"featured_media_urls":[],"_links":{"self":[{"href":"https:\/\/www.fachodeluz.blog.br\/wp\/wp-json\/wp\/v2\/posts\/27609","targetHints":{"allow":["GET"]}}],"collection":[{"href":"https:\/\/www.fachodeluz.blog.br\/wp\/wp-json\/wp\/v2\/posts"}],"about":[{"href":"https:\/\/www.fachodeluz.blog.br\/wp\/wp-json\/wp\/v2\/types\/post"}],"author":[{"embeddable":true,"href":"https:\/\/www.fachodeluz.blog.br\/wp\/wp-json\/wp\/v2\/users\/2"}],"replies":[{"embeddable":true,"href":"https:\/\/www.fachodeluz.blog.br\/wp\/wp-json\/wp\/v2\/comments?post=27609"}],"version-history":[{"count":0,"href":"https:\/\/www.fachodeluz.blog.br\/wp\/wp-json\/wp\/v2\/posts\/27609\/revisions"}],"wp:attachment":[{"href":"https:\/\/www.fachodeluz.blog.br\/wp\/wp-json\/wp\/v2\/media?parent=27609"}],"wp:term":[{"taxonomy":"category","embeddable":true,"href":"https:\/\/www.fachodeluz.blog.br\/wp\/wp-json\/wp\/v2\/categories?post=27609"},{"taxonomy":"post_tag","embeddable":true,"href":"https:\/\/www.fachodeluz.blog.br\/wp\/wp-json\/wp\/v2\/tags?post=27609"}],"curies":[{"name":"wp","href":"https:\/\/api.w.org\/{rel}","templated":true}]}}