{"id":27682,"date":"2021-01-08T13:14:58","date_gmt":"2021-01-08T16:14:58","guid":{"rendered":"https:\/\/fachodeluz.blog.br\/wp\/?p=27682"},"modified":"2021-01-08T16:19:29","modified_gmt":"2021-01-08T19:19:29","slug":"quando-some-o-mundo-com-seus-relogios","status":"publish","type":"post","link":"https:\/\/www.fachodeluz.blog.br\/wp\/2021\/01\/08\/quando-some-o-mundo-com-seus-relogios\/","title":{"rendered":"QUANDO SOME O MUNDO COM SEUS REL\u00d3GIOS!"},"content":{"rendered":"<h2 style=\"text-align: center;\"><span style=\"color: #784141;\"><a style=\"color: #784141;\" href=\"https:\/\/i0.wp.com\/fachodeluz.blog.br\/wp\/wp-content\/uploads\/2021\/01\/prece-b.jpg?ssl=1\"><img data-recalc-dims=\"1\" loading=\"lazy\" decoding=\"async\" loading=\"lazy\" class=\"aligncenter size-full wp-image-27683\" src=\"https:\/\/i0.wp.com\/fachodeluz.blog.br\/wp\/wp-content\/uploads\/2021\/01\/prece-b.jpg?resize=555%2C658&#038;ssl=1\" alt=\"\" width=\"555\" height=\"658\" srcset=\"https:\/\/i0.wp.com\/www.fachodeluz.blog.br\/wp\/wp-content\/uploads\/2021\/01\/prece-b.jpg?w=555&amp;ssl=1 555w, https:\/\/i0.wp.com\/www.fachodeluz.blog.br\/wp\/wp-content\/uploads\/2021\/01\/prece-b.jpg?resize=253%2C300&amp;ssl=1 253w\" sizes=\"auto, (max-width: 555px) 100vw, 555px\" \/><\/a>Quando algu\u00e9m vivencia o Universo a partir do Referencial de Deus, \u00e9 comum ser dito que aquela pessoa \u201cse iluminou\u201d. Seria correta esta afirma\u00e7\u00e3o?\u00a0 Se o Sol, em dia nublado, fosse momentaneamente visto, brilhando entre as nuvens, \u201calgu\u00e9m&#8221; teria \u201cse tornado&#8221; o seu fulgor? N\u00c3O! O QUE PERTENCE A DEUS \u00c9 DE DEUS, ASSIM COMO O CLAR\u00c3O DO SOL \u00c9 DO SOL!<\/span><\/h2>\n<h2 style=\"text-align: center;\"><span style=\"color: #784141;\">Enquanto algu\u00e9m se permitir ILUDIR pela irreal \u201cmente carnal\u201d, viver\u00e1 <em>aparentemente<\/em> na ilus\u00e3o de ser mero &#8220;aspirante \u00e0 ilumina\u00e7\u00e3o\u201d, \u00e0 \u201cevolu\u00e7\u00e3o\u201d,\u00a0 ou a qualquer outra coisa, menos \u00e0 percep\u00e7\u00e3o IMEDIATA da Verdade de que, como Deus \u00e9 TUDO, \u00e9 ele o Cristo iluminado e dotado da mesma \u201cilumina\u00e7\u00e3o do Pai\u201d. Da\u00ed Jesus ter ousado em revelar abertamente que: <em>&#8220;V\u00f3s sois a LUZ do mundo&#8221;!<\/em><\/span><\/h2>\n<h2 style=\"text-align: center;\"><span style=\"color: #784141;\">Por que prolifera o \u201cinteresse cont\u00ednuo\u201d pelas <em>\u201cdoutrinas v\u00e1rias e estranhas\u201d?<strong> PELO MOTIVO \u00daNICO DA ACEITA\u00c7\u00c3O DO FALSO E HIPN\u00d3TICO \u201cREFERENCIAL DOS HOMENS\u201d! <\/strong><\/em><\/span><\/h2>\n<h2 style=\"text-align: center;\"><span style=\"color: #784141;\">Jesus chamou o irreal &#8220;mundo de apar\u00eancias&#8221;\u00a0 de \u201cmundo do pai da mentira\u201d, mas a humanidade n\u00e3o apreendeu o real sentido de sua revela\u00e7\u00e3o! <\/span><\/h2>\n<h2 style=\"text-align: center;\"><span style=\"color: #784141;\">O SENTIDO \u00c9 QUE \u201cTUDO QUE \u00c9 REAL \u00c9 DEUS\u201d, \u00c9 ILUMINADO E ININTERRUPTAMENTE PERFEITO! Por isso, Jesus disse: <em>\u201cBUSCAI EM PRIMEIRO LUGAR O REINO DE DEUS E A SUA JUSTI\u00c7A\u201d!<\/em> Este \u201cbuscar\u201d \u00e9 unicamente \u00a0algu\u00e9m \u201cVER SUMIR\u201d O MUNDO DE APAR\u00caNCIAS, PARA PERCEBER J\u00c1 TER ESTADO ILUMINADO DESDE SEMPRE , <em>\u201cDESDE O PRINC\u00cdPIO\u201d.<\/em><\/span><\/h2>\n<h2 style=\"text-align: center;\"><span style=\"color: #784141;\">Unicamente DEUS \u00c9 LUZ E \u00c9 ILUMINADO, bastando, A CADA FILHO DE DEUS,\u00a0 reconhecer SER O PR\u00d3PRIO ESP\u00cdRITO DE DEUS, E N\u00c3O &#8220;CARNAL&#8221;, POR ESTAR\u00a0 SENDO &#8220;UM COM ELE\u201d, AQUI E AGORA! <\/span><\/h2>\n<h2 style=\"text-align: center;\"><span style=\"color: #784141;\">\u00c9 NESTE\u00a0 REFERENCIAL DO &#8220;AGORA PLENO DE LUZ&#8221; QUE SE PODE CONSTATAR &#8220;SUMIR POR COMPLETO&#8221; O <em>FICT\u00cdCIO MUNDO DE APAR\u00caNCIAS, COM TODOS OS SEUS REL\u00d3GIOS DE REGISTROS DE FEN\u00d4MENOS\u00a0 ILUS\u00d3RIOS E TEMPORAIS!<\/em><\/span><\/h2>\n<h2 style=\"text-align: center;\"><span style=\"color: #784141;\"> *<\/span><\/h2>\n","protected":false},"excerpt":{"rendered":"<p>Quando algu\u00e9m vivencia o Universo a partir do Referencial de Deus, \u00e9 comum ser dito que aquela pessoa \u201cse iluminou\u201d. Seria correta esta afirma\u00e7\u00e3o?\u00a0 Se o Sol, em dia nublado, fosse momentaneamente visto, brilhando entre as nuvens, \u201calgu\u00e9m&#8221; teria \u201cse tornado&#8221; o seu fulgor? N\u00c3O! O QUE PERTENCE A DEUS \u00c9 DE DEUS, ASSIM COMO &hellip; <\/p>\n<p class=\"link-more\"><a href=\"https:\/\/www.fachodeluz.blog.br\/wp\/2021\/01\/08\/quando-some-o-mundo-com-seus-relogios\/\" class=\"more-link\">Leia mais<span class=\"screen-reader-text\"> &#8220;QUANDO SOME O MUNDO COM SEUS REL\u00d3GIOS!&#8221;<\/span><\/a><\/p>\n","protected":false},"author":2,"featured_media":0,"comment_status":"open","ping_status":"closed","sticky":false,"template":"","format":"standard","meta":{"nf_dc_page":"","_crdt_document":"","footnotes":""},"categories":[10],"tags":[],"class_list":["post-27682","post","type-post","status-publish","format-standard","hentry","category-darcio-dezolt"],"featured_media_urls":[],"_links":{"self":[{"href":"https:\/\/www.fachodeluz.blog.br\/wp\/wp-json\/wp\/v2\/posts\/27682","targetHints":{"allow":["GET"]}}],"collection":[{"href":"https:\/\/www.fachodeluz.blog.br\/wp\/wp-json\/wp\/v2\/posts"}],"about":[{"href":"https:\/\/www.fachodeluz.blog.br\/wp\/wp-json\/wp\/v2\/types\/post"}],"author":[{"embeddable":true,"href":"https:\/\/www.fachodeluz.blog.br\/wp\/wp-json\/wp\/v2\/users\/2"}],"replies":[{"embeddable":true,"href":"https:\/\/www.fachodeluz.blog.br\/wp\/wp-json\/wp\/v2\/comments?post=27682"}],"version-history":[{"count":0,"href":"https:\/\/www.fachodeluz.blog.br\/wp\/wp-json\/wp\/v2\/posts\/27682\/revisions"}],"wp:attachment":[{"href":"https:\/\/www.fachodeluz.blog.br\/wp\/wp-json\/wp\/v2\/media?parent=27682"}],"wp:term":[{"taxonomy":"category","embeddable":true,"href":"https:\/\/www.fachodeluz.blog.br\/wp\/wp-json\/wp\/v2\/categories?post=27682"},{"taxonomy":"post_tag","embeddable":true,"href":"https:\/\/www.fachodeluz.blog.br\/wp\/wp-json\/wp\/v2\/tags?post=27682"}],"curies":[{"name":"wp","href":"https:\/\/api.w.org\/{rel}","templated":true}]}}