{"id":27797,"date":"2021-01-20T12:56:33","date_gmt":"2021-01-20T15:56:33","guid":{"rendered":"https:\/\/fachodeluz.blog.br\/wp\/?p=27797"},"modified":"2021-01-20T13:52:08","modified_gmt":"2021-01-20T16:52:08","slug":"ausencia-versus-ignorancia","status":"publish","type":"post","link":"https:\/\/www.fachodeluz.blog.br\/wp\/2021\/01\/20\/ausencia-versus-ignorancia\/","title":{"rendered":"AUS\u00caNCIA VERSUS IGNOR\u00c2NCIA"},"content":{"rendered":"<p style=\"text-align: center;\"><span style=\"color: #732566;\"><a style=\"color: #732566;\" href=\"https:\/\/i0.wp.com\/fachodeluz.blog.br\/wp\/wp-content\/uploads\/2021\/01\/cosmic-christ-george-atherton-1.jpg?ssl=1\"><img data-recalc-dims=\"1\" loading=\"lazy\" decoding=\"async\" loading=\"lazy\" class=\"aligncenter size-full wp-image-27798\" src=\"https:\/\/i0.wp.com\/fachodeluz.blog.br\/wp\/wp-content\/uploads\/2021\/01\/cosmic-christ-george-atherton-1.jpg?resize=600%2C900&#038;ssl=1\" alt=\"\" width=\"600\" height=\"900\" srcset=\"https:\/\/i0.wp.com\/www.fachodeluz.blog.br\/wp\/wp-content\/uploads\/2021\/01\/cosmic-christ-george-atherton-1.jpg?w=600&amp;ssl=1 600w, https:\/\/i0.wp.com\/www.fachodeluz.blog.br\/wp\/wp-content\/uploads\/2021\/01\/cosmic-christ-george-atherton-1.jpg?resize=200%2C300&amp;ssl=1 200w\" sizes=\"auto, (max-width: 600px) 100vw, 600px\" \/><\/a><\/span><\/p>\n<h2 style=\"text-align: center;\"><span style=\"color: #732566;\">Se formos procurar entender o que eram as chamadas \u201ccuras feitas por Jesus\u201d, acabaremos entendendo o real sentido de algumas palavras empregadas nas postagens para que a Verdade possa ser transmitida.<\/span><\/h2>\n<h2 style=\"text-align: center;\"><span style=\"color: #732566;\">O ponto central \u00e9 o que marca a Verdade de que DEUS \u00c9 TUDO. E como Deus \u00e9 Esp\u00edrito, seja o que for que se apresente como \u201csendo mat\u00e9ria\u201d, \u00e9 para ser reconhecido como \u201caus\u00eancia\u201d. \u00c9 diferente algu\u00e9m reconhecer uma doen\u00e7a, por exemplo, como \u201caus\u00eancia\u201d e, meramente, ela ser ignorada, por ter sido lido que \u201ctoda doen\u00e7a \u00e9 ilus\u00e3o\u201d.<\/span><\/h2>\n<h2 style=\"text-align: center;\"><span style=\"color: #732566;\"><em>\u201cIgnor\u00e2ncia n\u00e3o \u00e9 prote\u00e7\u00e3o\u201d,<\/em> disse <em>Mary Baker Eddy.<\/em> Explicava o grave engano que ocorreria, caso algu\u00e9m achasse que apenas \u201cignorar a doen\u00e7a\u201d seria <em>realmente<\/em> entend\u00ea-la como \u201caus\u00eancia\u201d! Mas \u00e9 gritante a diferen\u00e7a! Se a suposta \u201cdoen\u00e7a\u201d for apenas IGNORADA, <strong><em>quem a ignorou deu-lhe realidade!<\/em><\/strong> Mas n\u00e3o \u00e9 o que ocorre, se ela for diretamente reconhecida como \u201caus\u00eancia\u201d. Ao ser ignorada, Deus deixou de ser reconhecido como TUDO! Por\u00e9m, vista como \u201caus\u00eancia\u201d, esta vis\u00e3o correta indicaria que ALGO N\u00c3O DOENTIO \u00e9 o que j\u00e1 ESTARIA de fato ALI PRESENTE, ou seja, a VERDADE, A ONIPRESENTE <strong><em>PERFEI\u00c7\u00c3O DE DEUS!<\/em><\/strong><\/span><\/h2>\n<h2 style=\"text-align: center;\"><span style=\"color: #732566;\">\u00c9 imposs\u00edvel associar \u201cdoen\u00e7as e males\u201d com Deus ou com a Verdade! No m\u00ednimo, ter\u00edamos um \u201cDeus doente\u201d! <\/span><\/h2>\n<h2 style=\"text-align: center;\"><span style=\"color: #732566;\">MAS O FATO \u00c9 QUE DEUS \u00c9 TUDO, E, ONDE QUER QUE PARE\u00c7A HAVER DOEN\u00c7AS E MALES, S\u00c3O PURAS AUS\u00caNCIAS\u201d, J\u00c1 E SEMPRE &#8220;OCUPADAS&#8221; PELA <em>ONIPRESEN\u00c7A DE DEUS!<\/em><\/span><\/h2>\n<h2 style=\"text-align: center;\"><span style=\"color: #732566;\">Por isso, assim disse Jesus:<em> \u201cAo visitardes enfermos ou presidi\u00e1rios, A MIM ESTAREIS VISITANDO\u201d.\u00a0<\/em><\/span><\/h2>\n<h2 style=\"text-align: center;\"><span style=\"color: #732566;\">*<\/span><\/h2>\n","protected":false},"excerpt":{"rendered":"<p>Se formos procurar entender o que eram as chamadas \u201ccuras feitas por Jesus\u201d, acabaremos entendendo o real sentido de algumas palavras empregadas nas postagens para que a Verdade possa ser transmitida. O ponto central \u00e9 o que marca a Verdade de que DEUS \u00c9 TUDO. E como Deus \u00e9 Esp\u00edrito, seja o que for que &hellip; <\/p>\n<p class=\"link-more\"><a href=\"https:\/\/www.fachodeluz.blog.br\/wp\/2021\/01\/20\/ausencia-versus-ignorancia\/\" class=\"more-link\">Leia mais<span class=\"screen-reader-text\"> &#8220;AUS\u00caNCIA VERSUS IGNOR\u00c2NCIA&#8221;<\/span><\/a><\/p>\n","protected":false},"author":2,"featured_media":0,"comment_status":"open","ping_status":"closed","sticky":false,"template":"","format":"standard","meta":{"nf_dc_page":"","_crdt_document":"","footnotes":""},"categories":[10],"tags":[],"class_list":["post-27797","post","type-post","status-publish","format-standard","hentry","category-darcio-dezolt"],"featured_media_urls":[],"_links":{"self":[{"href":"https:\/\/www.fachodeluz.blog.br\/wp\/wp-json\/wp\/v2\/posts\/27797","targetHints":{"allow":["GET"]}}],"collection":[{"href":"https:\/\/www.fachodeluz.blog.br\/wp\/wp-json\/wp\/v2\/posts"}],"about":[{"href":"https:\/\/www.fachodeluz.blog.br\/wp\/wp-json\/wp\/v2\/types\/post"}],"author":[{"embeddable":true,"href":"https:\/\/www.fachodeluz.blog.br\/wp\/wp-json\/wp\/v2\/users\/2"}],"replies":[{"embeddable":true,"href":"https:\/\/www.fachodeluz.blog.br\/wp\/wp-json\/wp\/v2\/comments?post=27797"}],"version-history":[{"count":0,"href":"https:\/\/www.fachodeluz.blog.br\/wp\/wp-json\/wp\/v2\/posts\/27797\/revisions"}],"wp:attachment":[{"href":"https:\/\/www.fachodeluz.blog.br\/wp\/wp-json\/wp\/v2\/media?parent=27797"}],"wp:term":[{"taxonomy":"category","embeddable":true,"href":"https:\/\/www.fachodeluz.blog.br\/wp\/wp-json\/wp\/v2\/categories?post=27797"},{"taxonomy":"post_tag","embeddable":true,"href":"https:\/\/www.fachodeluz.blog.br\/wp\/wp-json\/wp\/v2\/tags?post=27797"}],"curies":[{"name":"wp","href":"https:\/\/api.w.org\/{rel}","templated":true}]}}