{"id":27918,"date":"2021-02-01T11:24:37","date_gmt":"2021-02-01T14:24:37","guid":{"rendered":"https:\/\/fachodeluz.blog.br\/wp\/?p=27918"},"modified":"2021-02-01T11:24:37","modified_gmt":"2021-02-01T14:24:37","slug":"comentarios-sobre-o-cordeiro-de-deus-destroi-o-magnetismo-animal-19","status":"publish","type":"post","link":"https:\/\/www.fachodeluz.blog.br\/wp\/2021\/02\/01\/comentarios-sobre-o-cordeiro-de-deus-destroi-o-magnetismo-animal-19\/","title":{"rendered":"COMENT\u00c1RIOS SOBRE \u201cO CORDEIRO DE DEUS DESTR\u00d3I O MAGNETISMO ANIMAL\u201d \u2013 19"},"content":{"rendered":"<h2 style=\"text-align: center;\"><a href=\"https:\/\/i0.wp.com\/fachodeluz.blog.br\/wp\/wp-content\/uploads\/2021\/01\/CDD-19A.jpg?ssl=1\"><img data-recalc-dims=\"1\" loading=\"lazy\" decoding=\"async\" loading=\"lazy\" class=\"size-full wp-image-27920\" src=\"https:\/\/i0.wp.com\/fachodeluz.blog.br\/wp\/wp-content\/uploads\/2021\/01\/CDD-19A.jpg?resize=555%2C347&#038;ssl=1\" alt=\"\" width=\"555\" height=\"347\" srcset=\"https:\/\/i0.wp.com\/www.fachodeluz.blog.br\/wp\/wp-content\/uploads\/2021\/01\/CDD-19A.jpg?w=555&amp;ssl=1 555w, https:\/\/i0.wp.com\/www.fachodeluz.blog.br\/wp\/wp-content\/uploads\/2021\/01\/CDD-19A.jpg?resize=300%2C188&amp;ssl=1 300w\" sizes=\"auto, (max-width: 555px) 100vw, 555px\" \/><\/a><\/h2>\n<h2 style=\"text-align: center;\"><span style=\"color: #666699;\"><strong>&#8211; 19 &#8211;<\/strong><\/span><\/h2>\n<h2 style=\"text-align: center;\"><span style=\"color: #008000;\"><strong><em>Sua inoc\u00eancia espiritual, sua devo\u00e7\u00e3o ao Cristo, n\u00e3o deixaram espa\u00e7o para a animalidade, o orgulho ou a neglig\u00eancia, que o tornariam vulner\u00e1vel \u00e0s imposi\u00e7\u00f5es do drag\u00e3o.<\/em><\/strong><\/span><\/h2>\n<h2 style=\"text-align: center;\"><span style=\"color: #666699;\">O que a autora chama de \u201cinoc\u00eancia espiritual\u201d, em Jesus, \u00e9 a sua rendi\u00e7\u00e3o, em termos de anula\u00e7\u00e3o da suposta natureza humana, para s\u00f3 pensar em<strong> <em>\u201cfazer o que v\u00ea o Pai fazer\u201d.<\/em><\/strong> Todo filho de Deus est\u00e1 nesta mesma posi\u00e7\u00e3o, se entende que <strong><em>\u201co Pai \u00e9 quem nele faz as obras\u201d. <\/em><\/strong><\/span><\/h2>\n<h2 style=\"text-align: center;\"><span style=\"color: #666699;\">Quando a autora diz que <strong><em>\u201csua inoc\u00eancia espiritual e devo\u00e7\u00e3o ao Cristo\u201d <\/em><\/strong>esgotaram espa\u00e7o, de modo a n\u00e3o haver campo para \u201ca animalidade, orgulho ou neglig\u00eancia\u201d, precisamos entender que isto se chama <strong><em>\u201cmudan\u00e7a de referencial\u201d, <\/em><\/strong>isto \u00e9, n\u00e3o se trata de Jesus estar usando sua suposta \u201cmente humana\u201d , e sim, estar \u201cusando\u201d sua \u201ccondi\u00e7\u00e3o perene\u201d de UNIDADE COM DEUS! Em outras palavras, significa Jesus estar se vendo como<strong><em> NADA, <\/em><\/strong>de si mesmo, e, ao mesmo tempo, se vendo como<strong><em> TUDO, <\/em><\/strong>SENDO DEUS, atrav\u00e9s do seu Cristo! Este \u00e9 o sentido absoluto de sua <strong><em>\u201cdevo\u00e7\u00e3o ao Cristo\u201d.<\/em><\/strong> \u00c9 preciso que treinemos a implanta\u00e7\u00e3o desta metodologia cr\u00edstica em nossa vida pr\u00e1tica!<\/span><\/h2>\n<h2 style=\"text-align: center;\"><span style=\"color: #666699;\">Sem esta consciente <strong><em>\u201ctroca de instrumento de percep\u00e7\u00e3o\u201d,<\/em><\/strong> Jesus estaria, segundo o texto,<strong><em>\u201cvulner\u00e1vel \u00e0s imposi\u00e7\u00f5es do drag\u00e3o\u201d,<\/em><\/strong> uma vez que estaria se identificando com a \u201cmente carnal&#8221;, reconhecida pelo <em>\u201cmagnetismo animal\u201d,<\/em> sem estar integralmente identificado com Deus, com o Cristo como sua real identidade, e, consequentemente, com a &#8220;Mente de Cristo&#8221;, que \u00e9 IMUNE \u00e0s pretens\u00f5es da nulidade chamada \u201cmal\u201d.<\/span><\/h2>\n<h2 style=\"text-align: center;\"><span style=\"color: #666699;\">Sejam quais forem as chamadas <strong><em>\u201cimposi\u00e7\u00f5es do erro\u201d,<\/em><\/strong> com a sua identifica\u00e7\u00e3o plena com a \u201cMente de Cristo\u201d, voc\u00ea v\u00ea<strong><em> \u201catrav\u00e9s de todas elas\u201d, <\/em><\/strong>contemplando unicamente a SI MESMO como UM COM O PAI, QUE \u00c9 INFINITO! Assim, claramente \u00e9 reconhecida a natureza ILUS\u00d3RIA de suposta\u00a0 <strong><em>\u201coutra mente\u201d, <\/em><\/strong>ao lado da Mente divina, enquanto a TOTALIDADE DE DEUS \u00e9 naturalmente reconhecida, contemplada e demonstrada!<\/span><\/h2>\n<h2 style=\"text-align: center;\"><span style=\"color: #666699;\">Quando se deparar com algum suposto &#8220;mal&#8221;, coloque-se sendo <strong><em>&#8220;Jesus no deserto, em luta contra o diabo&#8221;,<\/em><\/strong> ou seja, reconhe\u00e7a estar diante da &#8220;ilus\u00e3o&#8221; de vida terrena, diante de mera &#8220;cren\u00e7a em dois poderes&#8221;, e, ent\u00e3o, diga com autoridade\u00a0 \u00e0 &#8220;apar\u00eancia&#8221;: <strong><em>&#8220;Retira-te, Satan\u00e1s!&#8221;,<\/em><\/strong> vendo-se em Deus, em &#8220;verdes pastagens&#8221;, contemplando a &#8220;escurid\u00e3o&#8221; bater em retirada, diante da SUA LUZ, A LUZ DO SEU CRISTO &#8211; <em>ETERNAMENTE UM COM O PAI E SUA LUZ INFINITA!<\/em><\/span><\/h2>\n<p style=\"text-align: right;\"><span style=\"color: #008000;\">CONTINUA NA PR\u00d3XIMA SEGUNDA-FEIRA..&gt;<\/span><\/p>\n<h2 style=\"text-align: center;\"><\/h2>\n","protected":false},"excerpt":{"rendered":"<p>&#8211; 19 &#8211; Sua inoc\u00eancia espiritual, sua devo\u00e7\u00e3o ao Cristo, n\u00e3o deixaram espa\u00e7o para a animalidade, o orgulho ou a neglig\u00eancia, que o tornariam vulner\u00e1vel \u00e0s imposi\u00e7\u00f5es do drag\u00e3o. O que a autora chama de \u201cinoc\u00eancia espiritual\u201d, em Jesus, \u00e9 a sua rendi\u00e7\u00e3o, em termos de anula\u00e7\u00e3o da suposta natureza humana, para s\u00f3 pensar em &hellip; <\/p>\n<p class=\"link-more\"><a href=\"https:\/\/www.fachodeluz.blog.br\/wp\/2021\/02\/01\/comentarios-sobre-o-cordeiro-de-deus-destroi-o-magnetismo-animal-19\/\" class=\"more-link\">Leia mais<span class=\"screen-reader-text\"> &#8220;COMENT\u00c1RIOS SOBRE \u201cO CORDEIRO DE DEUS DESTR\u00d3I O MAGNETISMO ANIMAL\u201d \u2013 19&#8221;<\/span><\/a><\/p>\n","protected":false},"author":2,"featured_media":0,"comment_status":"open","ping_status":"closed","sticky":false,"template":"","format":"standard","meta":{"nf_dc_page":"","_crdt_document":"","footnotes":""},"categories":[1],"tags":[],"class_list":["post-27918","post","type-post","status-publish","format-standard","hentry","category-diversas"],"featured_media_urls":[],"_links":{"self":[{"href":"https:\/\/www.fachodeluz.blog.br\/wp\/wp-json\/wp\/v2\/posts\/27918","targetHints":{"allow":["GET"]}}],"collection":[{"href":"https:\/\/www.fachodeluz.blog.br\/wp\/wp-json\/wp\/v2\/posts"}],"about":[{"href":"https:\/\/www.fachodeluz.blog.br\/wp\/wp-json\/wp\/v2\/types\/post"}],"author":[{"embeddable":true,"href":"https:\/\/www.fachodeluz.blog.br\/wp\/wp-json\/wp\/v2\/users\/2"}],"replies":[{"embeddable":true,"href":"https:\/\/www.fachodeluz.blog.br\/wp\/wp-json\/wp\/v2\/comments?post=27918"}],"version-history":[{"count":0,"href":"https:\/\/www.fachodeluz.blog.br\/wp\/wp-json\/wp\/v2\/posts\/27918\/revisions"}],"wp:attachment":[{"href":"https:\/\/www.fachodeluz.blog.br\/wp\/wp-json\/wp\/v2\/media?parent=27918"}],"wp:term":[{"taxonomy":"category","embeddable":true,"href":"https:\/\/www.fachodeluz.blog.br\/wp\/wp-json\/wp\/v2\/categories?post=27918"},{"taxonomy":"post_tag","embeddable":true,"href":"https:\/\/www.fachodeluz.blog.br\/wp\/wp-json\/wp\/v2\/tags?post=27918"}],"curies":[{"name":"wp","href":"https:\/\/api.w.org\/{rel}","templated":true}]}}