{"id":28003,"date":"2021-02-12T13:25:22","date_gmt":"2021-02-12T16:25:22","guid":{"rendered":"https:\/\/fachodeluz.blog.br\/wp\/?p=28003"},"modified":"2021-02-12T14:15:22","modified_gmt":"2021-02-12T17:15:22","slug":"jamais-tenha-medo-da-ilusao","status":"publish","type":"post","link":"https:\/\/www.fachodeluz.blog.br\/wp\/2021\/02\/12\/jamais-tenha-medo-da-ilusao\/","title":{"rendered":"JAMAIS TENHA MEDO DA ILUS\u00c3O!"},"content":{"rendered":"<h2 style=\"text-align: center;\"><a href=\"https:\/\/i0.wp.com\/fachodeluz.blog.br\/wp\/wp-content\/uploads\/2021\/02\/TRANS-22A.jpg?ssl=1\"><img data-recalc-dims=\"1\" loading=\"lazy\" decoding=\"async\" loading=\"lazy\" class=\"aligncenter size-full wp-image-28004\" src=\"https:\/\/i0.wp.com\/fachodeluz.blog.br\/wp\/wp-content\/uploads\/2021\/02\/TRANS-22A.jpg?resize=555%2C344&#038;ssl=1\" alt=\"\" width=\"555\" height=\"344\" srcset=\"https:\/\/i0.wp.com\/www.fachodeluz.blog.br\/wp\/wp-content\/uploads\/2021\/02\/TRANS-22A.jpg?w=555&amp;ssl=1 555w, https:\/\/i0.wp.com\/www.fachodeluz.blog.br\/wp\/wp-content\/uploads\/2021\/02\/TRANS-22A.jpg?resize=300%2C186&amp;ssl=1 300w, https:\/\/i0.wp.com\/www.fachodeluz.blog.br\/wp\/wp-content\/uploads\/2021\/02\/TRANS-22A.jpg?resize=420%2C260&amp;ssl=1 420w\" sizes=\"auto, (max-width: 555px) 100vw, 555px\" \/><\/a><\/h2>\n<h3 style=\"text-align: center;\"><span style=\"color: #666699;\"><em>&#8220;N\u00e3o temas, \u00f3 pequeno rebanho! porque a vosso Pai agradou dar-vos o reino&#8221;.<\/em><\/span><\/h3>\n<h4 style=\"text-align: center;\"><span style=\"color: #666699;\">Lucas 12: 32<\/span><\/h4>\n<h2 style=\"text-align: center;\"><span style=\"color: #666699;\">A suposta \u201cmente que tem medo\u201d \u00e9 a pr\u00f3pria mente irreal criadora de \u201c situa\u00e7\u00f5es geradoras de medos hipn\u00f3ticos\u201d, somente aceitos por ela pr\u00f3pria! \u00a0Numa palestra, uma senhora me perguntou o seguinte; <em>\u201cPor que ao meditar,\u00a0 quando percebo estar caminhando interiormente \u00e0 Verdade, de repente interrompo a medita\u00e7\u00e3o em curso?\u201d<\/em> Saltou-me \u00e0 mente o que respondi a ela: <em><strong>\u201cMEDO DE DEUS!\u201d.<\/strong><\/em> Na mesma hora ela concordou!<\/span><\/h2>\n<h2 style=\"text-align: center;\"><span style=\"color: #666699;\">As Escrituras cont\u00eam diversas passagens \u201ctirando o medo&#8221; das pessoas! O medo parece existir porque sempre tem sua origem na \u201cmente carnal\u201d, <em><strong>E SE COM ELA NOS IDENTIFICARMOS.\u00a0<\/strong> <\/em><\/span><\/h2>\n<h2 style=\"text-align: center;\"><span style=\"color: #666699;\">Quando estamos na <strong><em>Mente de Cristo,<\/em><\/strong> pensamos como Jesus, que disse: <strong><em>\u201c<\/em><\/strong><strong><em><u>N\u00e3o temas, \u00f3 pequeno rebanho! porque a vosso Pai agradou dar-vos o reino\u201d.\u00a0<\/u><\/em><\/strong><\/span><\/h2>\n<h2 style=\"text-align: center;\"><span style=\"color: #666699;\">Disso se deduz que <strong><em>ACREDITAR SER MORTAL DO MUNDO, <\/em><em>E N\u00c3O O MEDO,<\/em><\/strong> \u00c9 A ILUS\u00c3O A SER DESACREDITADA E DESMANTELADA!<\/span><\/h2>\n<h2 style=\"text-align: center;\"><span style=\"color: #666699;\"><strong>Em Tiago 4: 8, podemos ler: <em>Aproximem-se de Deus, e ele se aproximar\u00e1 de voc\u00eas! Pecadores, limpem as m\u00e3os; e voc\u00eas, que t\u00eam a mente dividida, purifiquem o cora\u00e7\u00e3o.<\/em><\/strong><\/span><\/h2>\n<h2 style=\"text-align: center;\"><span style=\"color: #666699;\"><strong>N\u00e3o h\u00e1 ningu\u00e9m afastado de Deus, que \u00e9 TUDO! Aqueles que assim erroneamente se julgam, crendo ser pecadores,\u00a0 ou que t\u00eam a \u201cmente dividida\u201d, s\u00e3o os mais propensos a acreditar em \u201cmedo de Deus\u201d e em \u201cmedo do diabo\u201d. A liberta\u00e7\u00e3o dessas \u201ccren\u00e7as falsas&#8221; remete todos \u00e0 Unidade Perfeita, em que, vendo-se no Reino da Verdade, percebem a Realidade divina, completamente <em>DESTITU\u00cdDA DE MEDO! <\/em><\/strong><em><strong>\u00a0<\/strong><\/em><\/span><\/h2>\n<h2 style=\"text-align: center;\"><strong>*<\/strong><\/h2>\n","protected":false},"excerpt":{"rendered":"<p>&#8220;N\u00e3o temas, \u00f3 pequeno rebanho! porque a vosso Pai agradou dar-vos o reino&#8221;. Lucas 12: 32 A suposta \u201cmente que tem medo\u201d \u00e9 a pr\u00f3pria mente irreal criadora de \u201c situa\u00e7\u00f5es geradoras de medos hipn\u00f3ticos\u201d, somente aceitos por ela pr\u00f3pria! \u00a0Numa palestra, uma senhora me perguntou o seguinte; \u201cPor que ao meditar,\u00a0 quando percebo estar &hellip; <\/p>\n<p class=\"link-more\"><a href=\"https:\/\/www.fachodeluz.blog.br\/wp\/2021\/02\/12\/jamais-tenha-medo-da-ilusao\/\" class=\"more-link\">Leia mais<span class=\"screen-reader-text\"> &#8220;JAMAIS TENHA MEDO DA ILUS\u00c3O!&#8221;<\/span><\/a><\/p>\n","protected":false},"author":2,"featured_media":0,"comment_status":"open","ping_status":"closed","sticky":false,"template":"","format":"standard","meta":{"nf_dc_page":"","_crdt_document":"","footnotes":""},"categories":[10],"tags":[],"class_list":["post-28003","post","type-post","status-publish","format-standard","hentry","category-darcio-dezolt"],"featured_media_urls":[],"_links":{"self":[{"href":"https:\/\/www.fachodeluz.blog.br\/wp\/wp-json\/wp\/v2\/posts\/28003","targetHints":{"allow":["GET"]}}],"collection":[{"href":"https:\/\/www.fachodeluz.blog.br\/wp\/wp-json\/wp\/v2\/posts"}],"about":[{"href":"https:\/\/www.fachodeluz.blog.br\/wp\/wp-json\/wp\/v2\/types\/post"}],"author":[{"embeddable":true,"href":"https:\/\/www.fachodeluz.blog.br\/wp\/wp-json\/wp\/v2\/users\/2"}],"replies":[{"embeddable":true,"href":"https:\/\/www.fachodeluz.blog.br\/wp\/wp-json\/wp\/v2\/comments?post=28003"}],"version-history":[{"count":0,"href":"https:\/\/www.fachodeluz.blog.br\/wp\/wp-json\/wp\/v2\/posts\/28003\/revisions"}],"wp:attachment":[{"href":"https:\/\/www.fachodeluz.blog.br\/wp\/wp-json\/wp\/v2\/media?parent=28003"}],"wp:term":[{"taxonomy":"category","embeddable":true,"href":"https:\/\/www.fachodeluz.blog.br\/wp\/wp-json\/wp\/v2\/categories?post=28003"},{"taxonomy":"post_tag","embeddable":true,"href":"https:\/\/www.fachodeluz.blog.br\/wp\/wp-json\/wp\/v2\/tags?post=28003"}],"curies":[{"name":"wp","href":"https:\/\/api.w.org\/{rel}","templated":true}]}}