{"id":28050,"date":"2021-02-17T12:50:22","date_gmt":"2021-02-17T15:50:22","guid":{"rendered":"https:\/\/fachodeluz.blog.br\/wp\/?p=28050"},"modified":"2021-02-17T12:50:22","modified_gmt":"2021-02-17T15:50:22","slug":"instrucoes-fundamentadas-na-verdade-de-que-deus-e-tudo","status":"publish","type":"post","link":"https:\/\/www.fachodeluz.blog.br\/wp\/2021\/02\/17\/instrucoes-fundamentadas-na-verdade-de-que-deus-e-tudo\/","title":{"rendered":"INSTRU\u00c7\u00d5ES FUNDAMENTADAS NA VERDADE DE QUE DEUS \u00c9 TUDO!"},"content":{"rendered":"<h3 style=\"text-align: center;\"><span style=\"color: #333399;\"><a style=\"color: #333399;\" href=\"https:\/\/i0.wp.com\/fachodeluz.blog.br\/wp\/wp-content\/uploads\/2021\/02\/INSTRUCOES-1.jpg?ssl=1\"><img data-recalc-dims=\"1\" loading=\"lazy\" decoding=\"async\" loading=\"lazy\" class=\"aligncenter size-full wp-image-28051\" src=\"https:\/\/i0.wp.com\/fachodeluz.blog.br\/wp\/wp-content\/uploads\/2021\/02\/INSTRUCOES-1.jpg?resize=555%2C555&#038;ssl=1\" alt=\"\" width=\"555\" height=\"555\" srcset=\"https:\/\/i0.wp.com\/www.fachodeluz.blog.br\/wp\/wp-content\/uploads\/2021\/02\/INSTRUCOES-1.jpg?w=555&amp;ssl=1 555w, https:\/\/i0.wp.com\/www.fachodeluz.blog.br\/wp\/wp-content\/uploads\/2021\/02\/INSTRUCOES-1.jpg?resize=300%2C300&amp;ssl=1 300w, https:\/\/i0.wp.com\/www.fachodeluz.blog.br\/wp\/wp-content\/uploads\/2021\/02\/INSTRUCOES-1.jpg?resize=150%2C150&amp;ssl=1 150w\" sizes=\"auto, (max-width: 555px) 100vw, 555px\" \/><\/a><\/span><\/h3>\n<h3 style=\"text-align: center;\"><span style=\"color: #333399;\"><em>&#8220;N\u00e3o a<\/em><em>ndem ansi<\/em><em>osos por coisa alguma, mas em tudo, pela ora\u00e7\u00e3o e s\u00faplicas, e com a\u00e7\u00e3o de gra\u00e7as, apresentem seus pedidos a Deus&#8221;.<\/em><\/span><\/h3>\n<h3 style=\"text-align: center;\"><span style=\"color: #333399;\">Filipenses, 4: 6<\/span><\/h3>\n<h1 style=\"text-align: center;\"><span style=\"color: #333399;\">O desconhecimento da Verdade de que O UNIVERSO REAL EST\u00c1 FEITO, \u00e9 o que aparenta gerar as ansiedades e falta de paz nas pessoas! A cren\u00e7a coletiva grita aos quatro ventos a ilus\u00e3o: <em>\u201co futuro a Deus pertence!\u201d<\/em> Mentira! <strong><em>O AGORA ETERNO E CONSUMADO \u00c9 O QUE PERTENCE A DEUS!<\/em> <\/strong><\/span><\/h1>\n<h1 style=\"text-align: center;\"><span style=\"color: #333399;\">Desse modo, a incerteza de um fict\u00edcio \u201cfuturo desconhecido\u201d toma conta de quase todos, que seguem ansiosos quanto a tudo que creem estar fazendo, e \u00e9 quando quem conhece a Verdade, como a conhecia Paulo, tenta mostr\u00e1-la em forma de \u201cinstru\u00e7\u00f5es\u201d, ciente de serem elas necess\u00e1rias, at\u00e9 que a Verdade Absoluta seja conhecida por todos que, por conhec\u00ea-la, verdadeiramente possam desfrutar a \u201cvida do AGORA pela Gra\u00e7a divina\u201d.<\/span><\/h1>\n<h1 style=\"text-align: center;\"><span style=\"color: #333399;\">Assim disse Paulo: \u201c<em>N\u00e3o andem ansiosos por coisa alguma, mas em tudo, pela ora\u00e7\u00e3o e s\u00faplicas, e com a\u00e7\u00e3o de gra\u00e7as, apresentem seus pedidos a Deus\u201d. <\/em><\/span><\/h1>\n<h1 style=\"text-align: center;\"><span style=\"color: #333399;\">A &#8220;instru\u00e7\u00e3o&#8221; foi o que Paulo sabiamente utilizou, por saber que seus ouvintes filipenses pouco ou nada entendiam da Realidade Absoluta. Jesus tamb\u00e9m usava esse tipo de artif\u00edcio, ajustando a Verdade \u00e0 aparente situa\u00e7\u00e3o do povo. Por que disse para \u201camarmos os inimigos\u201d? Seus ouvintes n\u00e3o iriam todos entender que \u201cSOMOS TODOS UM NA UNIDADE PERFEITA&#8221;! As instru\u00e7\u00f5es absolutas eram mescladas com \u201crecomenda\u00e7\u00f5es \u00fateis\u201d, e de aplica\u00e7\u00e3o pr\u00e1tica e imediata!<\/span><\/h1>\n<h2 style=\"text-align: center;\"><span style=\"color: #333399;\">Aos leitores do <em>Facho de Luz,<\/em> a Verdade \u00e9 revelada tal como \u00c9!\u00a0 DEUS \u00c9 TUDO! VIVEMOS EM SEU UNIVERSO ESPIRITUAL, PRONTO E PERFEITO! <\/span><\/h2>\n<h2 style=\"text-align: center;\"><span style=\"color: #333399;\">Com esse conhecimento, fica entendido que as \u201capar\u00eancias temporais\u201d n\u00e3o antecedem um suposto \u201cfuturo incerto&#8221;; antes, s\u00e3o vistas\u00a0 como \u201ccont\u00ednuo desdobramento tridimensional\u201d do AGORA CONSUMADO DE DEUS! <\/span><\/h2>\n<h2 style=\"text-align: center;\"><span style=\"color: #333399;\">O que devemos fazer, \u00e9 NOS PERCEBERMOS COMO INTEGRANTES DA<em> ONIA\u00c7\u00c3O DIVINA,<\/em> e n\u00e3o como realizadores de \u201cfeitos das apar\u00eancias&#8221;, que n\u00e3o passam de ilus\u00f3rias \u201csombras fenom\u00eanicas\u201d.\u00a0 <\/span><\/h2>\n<h2 style=\"text-align: center;\"><span style=\"color: #333399;\">*\u00a0 <\/span><\/h2>\n<h2 style=\"text-align: center;\"><\/h2>\n","protected":false},"excerpt":{"rendered":"<p>&#8220;N\u00e3o andem ansiosos por coisa alguma, mas em tudo, pela ora\u00e7\u00e3o e s\u00faplicas, e com a\u00e7\u00e3o de gra\u00e7as, apresentem seus pedidos a Deus&#8221;. Filipenses, 4: 6 O desconhecimento da Verdade de que O UNIVERSO REAL EST\u00c1 FEITO, \u00e9 o que aparenta gerar as ansiedades e falta de paz nas pessoas! A cren\u00e7a coletiva grita aos &hellip; <\/p>\n<p class=\"link-more\"><a href=\"https:\/\/www.fachodeluz.blog.br\/wp\/2021\/02\/17\/instrucoes-fundamentadas-na-verdade-de-que-deus-e-tudo\/\" class=\"more-link\">Leia mais<span class=\"screen-reader-text\"> &#8220;INSTRU\u00c7\u00d5ES FUNDAMENTADAS NA VERDADE DE QUE DEUS \u00c9 TUDO!&#8221;<\/span><\/a><\/p>\n","protected":false},"author":2,"featured_media":0,"comment_status":"open","ping_status":"closed","sticky":false,"template":"","format":"video","meta":{"nf_dc_page":"","_crdt_document":"","footnotes":""},"categories":[10],"tags":[],"class_list":["post-28050","post","type-post","status-publish","format-video","hentry","category-darcio-dezolt","post_format-post-format-video"],"featured_media_urls":[],"_links":{"self":[{"href":"https:\/\/www.fachodeluz.blog.br\/wp\/wp-json\/wp\/v2\/posts\/28050","targetHints":{"allow":["GET"]}}],"collection":[{"href":"https:\/\/www.fachodeluz.blog.br\/wp\/wp-json\/wp\/v2\/posts"}],"about":[{"href":"https:\/\/www.fachodeluz.blog.br\/wp\/wp-json\/wp\/v2\/types\/post"}],"author":[{"embeddable":true,"href":"https:\/\/www.fachodeluz.blog.br\/wp\/wp-json\/wp\/v2\/users\/2"}],"replies":[{"embeddable":true,"href":"https:\/\/www.fachodeluz.blog.br\/wp\/wp-json\/wp\/v2\/comments?post=28050"}],"version-history":[{"count":0,"href":"https:\/\/www.fachodeluz.blog.br\/wp\/wp-json\/wp\/v2\/posts\/28050\/revisions"}],"wp:attachment":[{"href":"https:\/\/www.fachodeluz.blog.br\/wp\/wp-json\/wp\/v2\/media?parent=28050"}],"wp:term":[{"taxonomy":"category","embeddable":true,"href":"https:\/\/www.fachodeluz.blog.br\/wp\/wp-json\/wp\/v2\/categories?post=28050"},{"taxonomy":"post_tag","embeddable":true,"href":"https:\/\/www.fachodeluz.blog.br\/wp\/wp-json\/wp\/v2\/tags?post=28050"}],"curies":[{"name":"wp","href":"https:\/\/api.w.org\/{rel}","templated":true}]}}