{"id":28212,"date":"2021-03-12T11:49:25","date_gmt":"2021-03-12T14:49:25","guid":{"rendered":"https:\/\/fachodeluz.blog.br\/wp\/?p=28212"},"modified":"2021-03-12T12:02:48","modified_gmt":"2021-03-12T15:02:48","slug":"o-deus-verdadeiro-que-desconhece-pecados-e-doencas","status":"publish","type":"post","link":"https:\/\/www.fachodeluz.blog.br\/wp\/2021\/03\/12\/o-deus-verdadeiro-que-desconhece-pecados-e-doencas\/","title":{"rendered":"O DEUS VERDADEIRO QUE DESCONHECE PECADOS E DOEN\u00c7AS!"},"content":{"rendered":"<h3 style=\"text-align: center;\"><span style=\"color: #993300;\"><a style=\"color: #993300;\" href=\"https:\/\/i0.wp.com\/fachodeluz.blog.br\/wp\/wp-content\/uploads\/2021\/03\/justo-1a.jpg?ssl=1\"><img data-recalc-dims=\"1\" loading=\"lazy\" decoding=\"async\" loading=\"lazy\" class=\"aligncenter size-full wp-image-28213\" src=\"https:\/\/i0.wp.com\/fachodeluz.blog.br\/wp\/wp-content\/uploads\/2021\/03\/justo-1a.jpg?resize=555%2C348&#038;ssl=1\" alt=\"\" width=\"555\" height=\"348\" srcset=\"https:\/\/i0.wp.com\/www.fachodeluz.blog.br\/wp\/wp-content\/uploads\/2021\/03\/justo-1a.jpg?w=555&amp;ssl=1 555w, https:\/\/i0.wp.com\/www.fachodeluz.blog.br\/wp\/wp-content\/uploads\/2021\/03\/justo-1a.jpg?resize=300%2C188&amp;ssl=1 300w\" sizes=\"auto, (max-width: 555px) 100vw, 555px\" \/><\/a><\/span><\/h3>\n<h3 style=\"text-align: center;\"><span style=\"color: #993300;\"><em>Bendiga o Senhor a minha alma!<\/em><em><br \/>\nN\u00e3o esque\u00e7a nenhuma de suas b\u00ean\u00e7\u00e3os!<\/em><\/span><\/h3>\n<h3 style=\"text-align: center;\"><span style=\"color: #993300;\"><em>\u00a0\u00c9 ele que perdoa todos os seus pecados<br \/>\ne cura todas as suas doen\u00e7as. <\/em><\/span><\/h3>\n<h3 style=\"text-align: center;\"><span style=\"color: #993300;\">Salmo 103. 2-3<\/span><\/h3>\n<h2 style=\"text-align: center;\"><span style=\"color: #993300;\">Quando o Salmo 103 revela que <strong><em>\u201cDeus perdoa todos os pecados e cura todas as doen\u00e7as\u201d,<\/em><\/strong> sabia Davi que DEUS \u00c9 TUDO! Em Sua TOTALIDADE, Deus simplesmente deve ser reconhecido como O SER imaculado e perfeito, que, com Seu Verbo, CONSTITUI <strong><em>INTEGRALMENTE<\/em><\/strong> O \u201cSER QUE SOMOS\u201d! \u00a0Por isso, assim disse Jesus: <em>\u201cSEDE PERFEITOS ASSIM COMO O VOSSO PAI \u00c9 PERFEITO\u201d!<\/em><\/span><\/h2>\n<h2 style=\"text-align: center;\"><span style=\"color: #993300;\">As cren\u00e7as mentirosas, defendidas pelas diversas religi\u00f5es do mundo, pregaram um Deus s\u00e1dico, que supostamente teria enviado Seu filho Jesus para morrer na cruz e, desse modo, obter o perd\u00e3o dos pecados de \u00a0toda a humanidade! <\/span><\/h2>\n<h2 style=\"text-align: center;\"><span style=\"color: #993300;\">Entretanto, Jo\u00e3o afirma que DEUS \u00c9 AMOR! E a B\u00edblia nos mostra Jesus perdoando \u201cpecados\u201d sem derramar uma s\u00f3 gota de seu sangue!\u00a0 Por qu\u00ea? Como Davi, Jesus conhecia a Verdade de que DEUS \u00c9 TUDO, e que ERA UM COM ELE! <\/span><span style=\"color: #993300;\">Em outras palavras, SABIA QUE <strong><em>PECADOS E DOEN\u00c7AS JAMAIS FORAM REALIDADES!<\/em><\/strong><\/span><\/h2>\n<h2 style=\"text-align: center;\"><span style=\"color: #993300;\">A humanidade, saturada com as cren\u00e7as religiosas FALSAS, mais se prendeu aos pecados e doen\u00e7as do mundo do que AO REINO DE DEUS, em que DEUS nos colocou e DO QUAL JAMAIS SA\u00cdMOS,\u00a0 como \u201cseres \u00e0 Sua imagem e semelhan\u00e7a\u201d!<\/span><\/h2>\n<h2 style=\"text-align: center;\"><span style=\"color: #993300;\">O enfoque absoluto da Verdade avan\u00e7a al\u00e9m de \u201cser o homem perdoado e curado por Deus&#8221;! Explica que AQUELE QUE SE V\u00ca PELA VERDADE, V\u00ca A SI PR\u00d3PRIO SENDO O PR\u00d3PRIO DEUS! Para isso, abandona o falso &#8220;ju\u00edzo segundo as apar\u00eancias&#8221; para praticar o JU\u00cdZO JUSTO, pregado por Jesus: <\/span><\/h2>\n<h2 style=\"text-align: center;\"><span style=\"color: #993300;\"><em><strong>&#8220;Honrar a SI MESMO como honra O PAI&#8221;.\u00a0<\/strong> <\/em><\/span><\/h2>\n<h2 style=\"text-align: center;\"><span style=\"color: #993300;\">*<\/span><\/h2>\n<h2 style=\"text-align: center;\"><\/h2>\n","protected":false},"excerpt":{"rendered":"<p>Bendiga o Senhor a minha alma! N\u00e3o esque\u00e7a nenhuma de suas b\u00ean\u00e7\u00e3os! \u00a0\u00c9 ele que perdoa todos os seus pecados e cura todas as suas doen\u00e7as. Salmo 103. 2-3 Quando o Salmo 103 revela que \u201cDeus perdoa todos os pecados e cura todas as doen\u00e7as\u201d, sabia Davi que DEUS \u00c9 TUDO! Em Sua TOTALIDADE, Deus &hellip; <\/p>\n<p class=\"link-more\"><a href=\"https:\/\/www.fachodeluz.blog.br\/wp\/2021\/03\/12\/o-deus-verdadeiro-que-desconhece-pecados-e-doencas\/\" class=\"more-link\">Leia mais<span class=\"screen-reader-text\"> &#8220;O DEUS VERDADEIRO QUE DESCONHECE PECADOS E DOEN\u00c7AS!&#8221;<\/span><\/a><\/p>\n","protected":false},"author":2,"featured_media":0,"comment_status":"open","ping_status":"closed","sticky":false,"template":"","format":"standard","meta":{"nf_dc_page":"","_crdt_document":"","footnotes":""},"categories":[1],"tags":[],"class_list":["post-28212","post","type-post","status-publish","format-standard","hentry","category-diversas"],"featured_media_urls":[],"_links":{"self":[{"href":"https:\/\/www.fachodeluz.blog.br\/wp\/wp-json\/wp\/v2\/posts\/28212","targetHints":{"allow":["GET"]}}],"collection":[{"href":"https:\/\/www.fachodeluz.blog.br\/wp\/wp-json\/wp\/v2\/posts"}],"about":[{"href":"https:\/\/www.fachodeluz.blog.br\/wp\/wp-json\/wp\/v2\/types\/post"}],"author":[{"embeddable":true,"href":"https:\/\/www.fachodeluz.blog.br\/wp\/wp-json\/wp\/v2\/users\/2"}],"replies":[{"embeddable":true,"href":"https:\/\/www.fachodeluz.blog.br\/wp\/wp-json\/wp\/v2\/comments?post=28212"}],"version-history":[{"count":0,"href":"https:\/\/www.fachodeluz.blog.br\/wp\/wp-json\/wp\/v2\/posts\/28212\/revisions"}],"wp:attachment":[{"href":"https:\/\/www.fachodeluz.blog.br\/wp\/wp-json\/wp\/v2\/media?parent=28212"}],"wp:term":[{"taxonomy":"category","embeddable":true,"href":"https:\/\/www.fachodeluz.blog.br\/wp\/wp-json\/wp\/v2\/categories?post=28212"},{"taxonomy":"post_tag","embeddable":true,"href":"https:\/\/www.fachodeluz.blog.br\/wp\/wp-json\/wp\/v2\/tags?post=28212"}],"curies":[{"name":"wp","href":"https:\/\/api.w.org\/{rel}","templated":true}]}}