{"id":28219,"date":"2021-03-13T13:32:44","date_gmt":"2021-03-13T16:32:44","guid":{"rendered":"https:\/\/fachodeluz.blog.br\/wp\/?p=28219"},"modified":"2021-03-13T18:05:50","modified_gmt":"2021-03-13T21:05:50","slug":"a-contemplacao-plena-do-cristo","status":"publish","type":"post","link":"https:\/\/www.fachodeluz.blog.br\/wp\/2021\/03\/13\/a-contemplacao-plena-do-cristo\/","title":{"rendered":"A CONTEMPLA\u00c7\u00c3O PLENA DO CRISTO!"},"content":{"rendered":"<h2 style=\"text-align: center;\"><span style=\"color: #993300;\"><a style=\"color: #993300;\" href=\"https:\/\/i0.wp.com\/fachodeluz.blog.br\/wp\/wp-content\/uploads\/2021\/03\/CONT-3A.jpg?ssl=1\"><img data-recalc-dims=\"1\" loading=\"lazy\" decoding=\"async\" loading=\"lazy\" class=\"aligncenter size-full wp-image-28220\" src=\"https:\/\/i0.wp.com\/fachodeluz.blog.br\/wp\/wp-content\/uploads\/2021\/03\/CONT-3A.jpg?resize=555%2C555&#038;ssl=1\" alt=\"\" width=\"555\" height=\"555\" srcset=\"https:\/\/i0.wp.com\/www.fachodeluz.blog.br\/wp\/wp-content\/uploads\/2021\/03\/CONT-3A.jpg?w=555&amp;ssl=1 555w, https:\/\/i0.wp.com\/www.fachodeluz.blog.br\/wp\/wp-content\/uploads\/2021\/03\/CONT-3A.jpg?resize=300%2C300&amp;ssl=1 300w, https:\/\/i0.wp.com\/www.fachodeluz.blog.br\/wp\/wp-content\/uploads\/2021\/03\/CONT-3A.jpg?resize=150%2C150&amp;ssl=1 150w\" sizes=\"auto, (max-width: 555px) 100vw, 555px\" \/><\/a><\/span><\/h2>\n<h2 style=\"text-align: center;\"><span style=\"color: #993300;\">Em certo artigo metaf\u00edsico, o autor disse o seguinte:<strong><em> \u201cMuita gente sempre teve intui\u00e7\u00f5es sobre o Amor divino: contudo, para que este Amor Se manifeste em nossa vida, temos de aprender que Deus nunca colocou o homem na mat\u00e9ria, e, sim, fez o homem espiritual e eterno&#8221;.<\/em><\/strong><\/span><\/h2>\n<h2 style=\"text-align: center;\"><span style=\"color: #993300;\">Deus \u00e9 Esp\u00edrito; assim, toda a obra est\u00e1 \u201cdentro de Deus\u201d, isto \u00e9, a Realidade espiritual abrange todas as ideias espirituais em Si mesma. A cren\u00e7a de que estamos na mat\u00e9ria \u00e9 a ilus\u00e3o b\u00e1sica. Desta cren\u00e7a falsa decorrem os falsos conceitos de doen\u00e7a, pecado, nascimento e morte. Percebendo que Deus nunca colocou o homem na mat\u00e9ria, e que, portanto, n\u00e3o estamos na mat\u00e9ria, a ilus\u00e3o se desfaz e a Realidade espiritual se revela como Amor divino em nossa vida.<\/span><\/h2>\n<h2 style=\"text-align: center;\"><span style=\"color: #993300;\">Aos olhos humanos, todos somos aceitos como seres com defeitos e com problemas. Diante dos princ\u00edpios espirituais, sempre surge a ideia de algu\u00e9m \u201cajudar&#8221; um outro \u00a0ou ajudar a si mesmo. Se o FATO ESPIRITUAL for reconhecido n\u00e3o superficialmente, mas com a convic\u00e7\u00e3o interna plena, a \u201cterapia divina\u201d ser\u00e1 compreendida como simples \u201cCONTEMPLA\u00c7\u00c3O DO\u00a0 CRISTO&#8221;, em n\u00f3s mesmos ou em nosso pr\u00f3ximo<\/span><\/h2>\n<h2 style=\"text-align: center;\"><span style=\"color: #993300;\">Jesus revelou que DEUS \u00e9 Seu Pai e tamb\u00e9m Pai de n\u00f3s todos. A aparente diferen\u00e7a entre n\u00f3s e ele est\u00e1 na CREN\u00c7A NA MAT\u00c9RIA. Como \u201cvemos\u201d Jesus Cristo HOJE? Na mat\u00e9ria? Em Deus? Como contemplamos a exist\u00eancia de Jesus neste instante? Algu\u00e9m pensaria em v\u00ea-lo materialmente? Ou pensaria em dar-lhe tratamento espiritual ou enviar-lhe \u201cpensamentos positivos&#8221;? N\u00e3o! Sabemos que Jesus, UM COM O PAI, est\u00e1 VIVO e\u00a0 COMPLETO em Deus!<\/span><\/h2>\n<h2 style=\"text-align: center;\"><span style=\"color: #993300;\">Quando conhecemos a Verdade Absoluta, fazemos esta CONTEMPLA\u00c7\u00c3O SEM ESFOR\u00c7O, com rela\u00e7\u00e3o ao pr\u00f3ximo ou a n\u00f3s mesmos; Eis por que a premissa deste conhecimento afirma que <em><strong>DEUS \u00c9 TUDO, TUDO \u00c9 DEUS<\/strong><\/em><\/span><\/h2>\n<h2 style=\"text-align: center;\"><span style=\"color: #993300;\">A percep\u00e7\u00e3o de que n\u00e3o fomos colocados na mat\u00e9ria faz com que entendamos o motivo pelo qual Jesus enfatizava <strong><em>para que n\u00e3o cham\u00e1sse<\/em><\/strong><\/span><strong><em><span style=\"color: #993300;\">mos de \u201cpai\u201d a ningu\u00e9m na face da terra!\u00a0<\/span><\/em><\/strong><\/h2>\n<h2 style=\"text-align: center;\"><span style=\"color: #993300;\"> *<\/span><\/h2>\n","protected":false},"excerpt":{"rendered":"<p>Em certo artigo metaf\u00edsico, o autor disse o seguinte: \u201cMuita gente sempre teve intui\u00e7\u00f5es sobre o Amor divino: contudo, para que este Amor Se manifeste em nossa vida, temos de aprender que Deus nunca colocou o homem na mat\u00e9ria, e, sim, fez o homem espiritual e eterno&#8221;. Deus \u00e9 Esp\u00edrito; assim, toda a obra est\u00e1 &hellip; <\/p>\n<p class=\"link-more\"><a href=\"https:\/\/www.fachodeluz.blog.br\/wp\/2021\/03\/13\/a-contemplacao-plena-do-cristo\/\" class=\"more-link\">Leia mais<span class=\"screen-reader-text\"> &#8220;A CONTEMPLA\u00c7\u00c3O PLENA DO CRISTO!&#8221;<\/span><\/a><\/p>\n","protected":false},"author":2,"featured_media":0,"comment_status":"open","ping_status":"closed","sticky":false,"template":"","format":"standard","meta":{"nf_dc_page":"","_crdt_document":"","footnotes":""},"categories":[1],"tags":[],"class_list":["post-28219","post","type-post","status-publish","format-standard","hentry","category-diversas"],"featured_media_urls":[],"_links":{"self":[{"href":"https:\/\/www.fachodeluz.blog.br\/wp\/wp-json\/wp\/v2\/posts\/28219","targetHints":{"allow":["GET"]}}],"collection":[{"href":"https:\/\/www.fachodeluz.blog.br\/wp\/wp-json\/wp\/v2\/posts"}],"about":[{"href":"https:\/\/www.fachodeluz.blog.br\/wp\/wp-json\/wp\/v2\/types\/post"}],"author":[{"embeddable":true,"href":"https:\/\/www.fachodeluz.blog.br\/wp\/wp-json\/wp\/v2\/users\/2"}],"replies":[{"embeddable":true,"href":"https:\/\/www.fachodeluz.blog.br\/wp\/wp-json\/wp\/v2\/comments?post=28219"}],"version-history":[{"count":0,"href":"https:\/\/www.fachodeluz.blog.br\/wp\/wp-json\/wp\/v2\/posts\/28219\/revisions"}],"wp:attachment":[{"href":"https:\/\/www.fachodeluz.blog.br\/wp\/wp-json\/wp\/v2\/media?parent=28219"}],"wp:term":[{"taxonomy":"category","embeddable":true,"href":"https:\/\/www.fachodeluz.blog.br\/wp\/wp-json\/wp\/v2\/categories?post=28219"},{"taxonomy":"post_tag","embeddable":true,"href":"https:\/\/www.fachodeluz.blog.br\/wp\/wp-json\/wp\/v2\/tags?post=28219"}],"curies":[{"name":"wp","href":"https:\/\/api.w.org\/{rel}","templated":true}]}}