{"id":28280,"date":"2021-03-22T13:40:16","date_gmt":"2021-03-22T16:40:16","guid":{"rendered":"https:\/\/fachodeluz.blog.br\/wp\/?p=28280"},"modified":"2021-03-30T14:34:16","modified_gmt":"2021-03-30T17:34:16","slug":"28280","status":"publish","type":"post","link":"https:\/\/www.fachodeluz.blog.br\/wp\/2021\/03\/22\/28280\/","title":{"rendered":"COMENT\u00c1RIOS: \u201cO CORDEIRO DE DEUS DESTR\u00d3I O MAGNETISMO ANIMAL\u201d \u2013 27"},"content":{"rendered":"<h2 style=\"text-align: center;\"><a href=\"https:\/\/i0.wp.com\/fachodeluz.blog.br\/wp\/wp-content\/uploads\/2021\/03\/CDD-27A.gif?ssl=1\"><img data-recalc-dims=\"1\" loading=\"lazy\" decoding=\"async\" loading=\"lazy\" class=\"aligncenter wp-image-28358\" src=\"https:\/\/i0.wp.com\/fachodeluz.blog.br\/wp\/wp-content\/uploads\/2021\/03\/CDD-27A.gif?resize=518%2C346&#038;ssl=1\" alt=\"\" width=\"518\" height=\"346\" \/><\/a><\/h2>\n<h2 style=\"text-align: center;\"><strong>&#8211; 27 &#8211;<\/strong><\/h2>\n<h2 style=\"text-align: center;\"><span style=\"color: #008000;\"><strong><em>Na ideia perfeita do Amor, n\u00e3o h\u00e1 medo e nada que possa engendr\u00e1-lo ou responder-lhe.<\/em><\/strong><\/span><\/h2>\n<h2 style=\"text-align: center;\"><strong><em><span style=\"color: #008000;\">Saber que o homem est\u00e1 envolvido pelo Amor do<\/span> <span style=\"color: #008000;\">Pai-M\u00e3e nos torna corajosos e mant\u00e9m-nos livres. E esse conhecimento \u00e9 nossa \u00fanica mentalidade real. N\u00e3o traz indiferen\u00e7a \u00e0 ang\u00fastia do sofredor, mas seu oposto: compaix\u00e3o que cura, pois reconhece na sa\u00fade o \u00fanico efeito da Mente divina.<\/span><\/em><\/strong><\/h2>\n<h2 style=\"text-align: center;\">A B\u00edblia revela que<strong><em> \u201co perfeito amor lan\u00e7a fora o medo\u201d,<\/em><\/strong> o que \u00e9, aqui, endossado pela autora: <span style=\"color: #008000;\"><strong><em>Na ideia perfeita do Amor, n\u00e3o h\u00e1 medo e nada que possa engendr\u00e1-lo ou responder-lhe. <\/em><\/strong><\/span>N\u00e3o h\u00e1 autor metaf\u00edsico que\u00a0 tenha deixado de ressaltar a import\u00e2ncia deste reconhecimento de que estamos envoltos pelo Amor divino, e, n\u00e3o apenas envoltos: o fato \u00e9 que <strong><em>a Subst\u00e2ncia real de nosso Ser \u00e9 o Amor divino,<\/em><\/strong> ou seja, \u00e9 o pr\u00f3prio Deus.<\/h2>\n<h2 style=\"text-align: center;\"><span style=\"color: #008000;\"><strong><em>Saber que o homem est\u00e1 envolvido pelo Amor do Pai-M\u00e3e nos torna corajosos e mant\u00e9m-nos livres. E esse conhecimento \u00e9 nossa \u00fanica mentalidade real.<\/em><\/strong> <\/span>Isto significa que a Mente \u00danica, a Mente de Deus, \u00e9 a Mente que reconhece o Amor onipresente como Subst\u00e2ncia de toda Forma. Este conhecimento \u00e9 nossa \u00fanica mentalidade real, uma vez que a suposta \u201cmente humana\u201d n\u00e3o \u00e9 mente verdadeira, sendo t\u00e3o somente uma <strong><em>ilus\u00e3o. <\/em><\/strong><\/h2>\n<h2 style=\"text-align: center;\">Assim, diante de \u201cquadros hipn\u00f3ticos\u201d que mostram &#8220;sofredores e sofrimentos&#8221;, o artigo diz que <span style=\"color: #008000;\"><strong><em>&#8220;n\u00e3o ficaremos indiferentes, mas sim num estado de compaix\u00e3o que cura&#8221;.<\/em><\/strong><\/span> De que modo? Atrav\u00e9s do reconhecimento de que<span style=\"color: #008000;\"><strong><em> \u201ca sa\u00fade \u00e9 o \u00fanico efeito da Mente divina\u201d.<\/em><\/strong><\/span><\/h2>\n<h2 style=\"text-align: center;\">Estas revela\u00e7\u00f5es precisam ser contempladas, e, nestas contempla\u00e7\u00f5es, estar\u00e3o sendo considerados na pr\u00e1tica todos estes princ\u00edpios absolutos. Estaremos reconhecendo que o suposto \u201csofredor\u201d n\u00e3o \u00e9 o que aparenta ser,<strong><em> e sim o que a Mente divina reconhece ser sua real identidade, <\/em><\/strong>sempre envolta na ideia perfeita do Amor. Ele estar\u00e1, de fato, atuando com a <strong><em>Mente \u00fanica,<\/em><\/strong> reconhecida como sendo a Mente divina, quando, ent\u00e3o, concluiremos o que diz o texto: <span style=\"color: #008000;\"><strong><em>a sa\u00fade \u00e9 reconhecida como \u00fanico efeito da Mente divina!<\/em><\/strong><\/span> Em outras palavras, a ideia de \u201csofredor e sofrimento\u201d \u00e9 dissipada como \u201csombra\u201d, que naturalmente cede espa\u00e7o\u00a0 \u00e0 luz.<\/h2>\n<h2 style=\"text-align: center;\"><\/h2>\n<h4 style=\"text-align: right;\"><span style=\"color: #800080;\"><em><strong>Continua na pr\u00f3xima segunda-feira..&gt;<\/strong><\/em><\/span><\/h4>\n<h2 style=\"text-align: center;\"><\/h2>\n","protected":false},"excerpt":{"rendered":"<p>&#8211; 27 &#8211; Na ideia perfeita do Amor, n\u00e3o h\u00e1 medo e nada que possa engendr\u00e1-lo ou responder-lhe. Saber que o homem est\u00e1 envolvido pelo Amor do Pai-M\u00e3e nos torna corajosos e mant\u00e9m-nos livres. E esse conhecimento \u00e9 nossa \u00fanica mentalidade real. N\u00e3o traz indiferen\u00e7a \u00e0 ang\u00fastia do sofredor, mas seu oposto: compaix\u00e3o que cura, &hellip; <\/p>\n<p class=\"link-more\"><a href=\"https:\/\/www.fachodeluz.blog.br\/wp\/2021\/03\/22\/28280\/\" class=\"more-link\">Leia mais<span class=\"screen-reader-text\"> &#8220;COMENT\u00c1RIOS: \u201cO CORDEIRO DE DEUS DESTR\u00d3I O MAGNETISMO ANIMAL\u201d \u2013 27&#8221;<\/span><\/a><\/p>\n","protected":false},"author":2,"featured_media":0,"comment_status":"open","ping_status":"closed","sticky":false,"template":"","format":"standard","meta":{"nf_dc_page":"","_crdt_document":"","footnotes":""},"categories":[1],"tags":[],"class_list":["post-28280","post","type-post","status-publish","format-standard","hentry","category-diversas"],"featured_media_urls":[],"_links":{"self":[{"href":"https:\/\/www.fachodeluz.blog.br\/wp\/wp-json\/wp\/v2\/posts\/28280","targetHints":{"allow":["GET"]}}],"collection":[{"href":"https:\/\/www.fachodeluz.blog.br\/wp\/wp-json\/wp\/v2\/posts"}],"about":[{"href":"https:\/\/www.fachodeluz.blog.br\/wp\/wp-json\/wp\/v2\/types\/post"}],"author":[{"embeddable":true,"href":"https:\/\/www.fachodeluz.blog.br\/wp\/wp-json\/wp\/v2\/users\/2"}],"replies":[{"embeddable":true,"href":"https:\/\/www.fachodeluz.blog.br\/wp\/wp-json\/wp\/v2\/comments?post=28280"}],"version-history":[{"count":0,"href":"https:\/\/www.fachodeluz.blog.br\/wp\/wp-json\/wp\/v2\/posts\/28280\/revisions"}],"wp:attachment":[{"href":"https:\/\/www.fachodeluz.blog.br\/wp\/wp-json\/wp\/v2\/media?parent=28280"}],"wp:term":[{"taxonomy":"category","embeddable":true,"href":"https:\/\/www.fachodeluz.blog.br\/wp\/wp-json\/wp\/v2\/categories?post=28280"},{"taxonomy":"post_tag","embeddable":true,"href":"https:\/\/www.fachodeluz.blog.br\/wp\/wp-json\/wp\/v2\/tags?post=28280"}],"curies":[{"name":"wp","href":"https:\/\/api.w.org\/{rel}","templated":true}]}}