{"id":28325,"date":"2021-03-27T13:56:01","date_gmt":"2021-03-27T16:56:01","guid":{"rendered":"https:\/\/fachodeluz.blog.br\/wp\/?p=28325"},"modified":"2021-03-27T19:35:33","modified_gmt":"2021-03-27T22:35:33","slug":"nao-estou-so-porque-o-pai-esta-comigo","status":"publish","type":"post","link":"https:\/\/www.fachodeluz.blog.br\/wp\/2021\/03\/27\/nao-estou-so-porque-o-pai-esta-comigo\/","title":{"rendered":"\u201cN\u00c3O ESTOU S\u00d3 PORQUE O PAI EST\u00c1 COMIGO!\u201d"},"content":{"rendered":"<h2 style=\"text-align: center;\"><span style=\"color: #003300;\"><a style=\"color: #003300;\" href=\"https:\/\/i0.wp.com\/fachodeluz.blog.br\/wp\/wp-content\/uploads\/2021\/03\/STORM-5A.jpg?ssl=1\"><img data-recalc-dims=\"1\" loading=\"lazy\" decoding=\"async\" loading=\"lazy\" class=\"aligncenter size-full wp-image-28326\" src=\"https:\/\/i0.wp.com\/fachodeluz.blog.br\/wp\/wp-content\/uploads\/2021\/03\/STORM-5A.jpg?resize=555%2C278&#038;ssl=1\" alt=\"\" width=\"555\" height=\"278\" srcset=\"https:\/\/i0.wp.com\/www.fachodeluz.blog.br\/wp\/wp-content\/uploads\/2021\/03\/STORM-5A.jpg?w=555&amp;ssl=1 555w, https:\/\/i0.wp.com\/www.fachodeluz.blog.br\/wp\/wp-content\/uploads\/2021\/03\/STORM-5A.jpg?resize=300%2C150&amp;ssl=1 300w\" sizes=\"auto, (max-width: 555px) 100vw, 555px\" \/><\/a><\/span><\/h2>\n<h2 style=\"text-align: center;\"><span style=\"color: #003300;\">Aquele que estuda o Evangelho e n\u00e3o entende Jesus como Filho de Deus diferente de SI PR\u00d3PRIO, conhece a Verdade dita e v\u00e1lida para ele como \u00e9 tamb\u00e9m v\u00e1lida para TODOS N\u00d3S!<\/span><\/h2>\n<h2 style=\"text-align: center;\"><span style=\"color: #003300;\">Disse Jesus: <em>\u201cEu n\u00e3o estou s\u00f3 porque o Pai est\u00e1 comigo\u201d,<\/em> ou seja, estava revelando a Unidade Perfeita em que NINGU\u00c9M EST\u00c1 S\u00d3 PORQUE O PAI EST\u00c1 E TODOS \u2013 SEM EXCE\u00c7\u00c3O!<\/span><\/h2>\n<h2 style=\"text-align: center;\"><span style=\"color: #003300;\">Enquanto a mentirosa CREN\u00c7A SEPARATISTA continuar a ser aceita pela maioria, A CREN\u00c7A DE VIDA SEPARADA DE DEUS aparentar\u00e1 ser ver\u00eddica! Isto porque os supostos \u201csentidos mortais\u201d somente reconhecem inexist\u00eancias, assim como o suposto \u201cmundo material\u201d \u00e9 pura inexist\u00eancia.<\/span><\/h2>\n<h2 style=\"text-align: center;\"><span style=\"color: #003300;\">Ocorrendo a VIS\u00c3O DO OLHO SIMPLES em consciente percep\u00e7\u00e3o, TUDO SER\u00c1 VISTO COMO UNIDADE, E COMO UNIDADE PERFEITA! E a Luz Eterna do Pai poder\u00e1 ser discernida espiritualmente no lugar dos cegos sentidos humanos! Algu\u00e9m \u201cteria se iluminado\u201d? N\u00c3O! Apenas a ILUS\u00c3O TERIA SE DISSIPADO, DEIXANDO \u00c0 MOSTRA O \u201cCRISTO-LUZ\u201d QUE TODOS SEMPRE SOMOS!<\/span><\/h2>\n<h2 style=\"text-align: center;\"><span style=\"color: #003300;\">A F\u00c9 VERDADEIRA \u00e9 nossa CONVIC\u00c7\u00c3O ABSOLUTA de que SOMOS INSEPAR\u00c1VEIS DE DEUS E INSEPAR\u00c1VEIS DE TUDO O QUE DEUS FAZ! Tal convic\u00e7\u00e3o elimina as CREN\u00c7AS SEPARATISTAS\u00a0 E NOS REVELAM A VERDADE QUE SOMOS, DISSIPANDO A ILUS\u00c3O DE SOLID\u00c3O POR NOS REVELAR A UNIDADE QUE SOMOS!<\/span><\/h2>\n<h2 style=\"text-align: center;\"><span style=\"color: #003300;\">\u201cO Testemunho de Deus \u00e9 maior do que o testemunho dos homens\u201d, diz a B\u00edblia! <em>\u201cOrar e vigiar sem cessar\u201d REQUER QUE FIQUEMOS IMPASS\u00cdVEIS, diante das \u201capar\u00eancias flutuantes\u201d do \u201cmundo do pai da mentira\u201d<\/em><\/span><\/h2>\n<h2 style=\"text-align: center;\"><span style=\"color: #003300;\">Enquanto os disc\u00edpulos apavorados acordavam Jesus, reconhecendo \u201ctemporal e ventania\u201d sacudindo o barco em que estavam, Jesus simplesmente ordenou: \u201cPaz, s\u00ea quieto!\u201d, e tudo se acalmou! Que fez ele? Primeiro entendamos O QUE DEIXOU ELE DE FAZER: <em><strong>CRER QUE O TEMPORAL EXISTISSE \u201cEXTERNAMENTE\u201d!<\/strong> <\/em>Sabia ser ele simples IMAGEM NA MENTE CARNAL. E ent\u00e3o, Jesus reconheceu A PERMANENTE DIVINA ORDEM UNIVERSAL, MANTIDA PERPETUAMENTE POR DEUS!<\/span><\/h2>\n<h2 style=\"text-align: center;\"><span style=\"color: #003300;\">Como diz a Lei mental,<em> \u201cO QUE FOR RECONHECIDO, APARECER\u00c1\u201d<\/em>. Que estavam os disc\u00edpulos reconhecendo? TEMPORAL E VENTANIA! \u00a0E Jesus corrigiu a \u201cvis\u00e3o ERRADA deles&#8221;, RECONHECENDO A\\ TOTALIDADE DE DEUS E A ONIPRESEN\u00c7A DO \u201cBEM PERMANENTE\u201d!<\/span><\/h2>\n<h2 style=\"text-align: center;\"><span style=\"color: #003300;\">E voc\u00ea? Que reconhece como presente? DEUS?\u00a0 OU PANDEMIA?<\/span><\/h2>\n<h2 style=\"text-align: center;\"><span style=\"color: #003300;\">*<\/span><\/h2>\n","protected":false},"excerpt":{"rendered":"<p>Aquele que estuda o Evangelho e n\u00e3o entende Jesus como Filho de Deus diferente de SI PR\u00d3PRIO, conhece a Verdade dita e v\u00e1lida para ele como \u00e9 tamb\u00e9m v\u00e1lida para TODOS N\u00d3S! Disse Jesus: \u201cEu n\u00e3o estou s\u00f3 porque o Pai est\u00e1 comigo\u201d, ou seja, estava revelando a Unidade Perfeita em que NINGU\u00c9M EST\u00c1 S\u00d3 &hellip; <\/p>\n<p class=\"link-more\"><a href=\"https:\/\/www.fachodeluz.blog.br\/wp\/2021\/03\/27\/nao-estou-so-porque-o-pai-esta-comigo\/\" class=\"more-link\">Leia mais<span class=\"screen-reader-text\"> &#8220;\u201cN\u00c3O ESTOU S\u00d3 PORQUE O PAI EST\u00c1 COMIGO!\u201d&#8221;<\/span><\/a><\/p>\n","protected":false},"author":2,"featured_media":0,"comment_status":"open","ping_status":"closed","sticky":false,"template":"","format":"standard","meta":{"nf_dc_page":"","_crdt_document":"","footnotes":""},"categories":[1],"tags":[],"class_list":["post-28325","post","type-post","status-publish","format-standard","hentry","category-diversas"],"featured_media_urls":[],"_links":{"self":[{"href":"https:\/\/www.fachodeluz.blog.br\/wp\/wp-json\/wp\/v2\/posts\/28325","targetHints":{"allow":["GET"]}}],"collection":[{"href":"https:\/\/www.fachodeluz.blog.br\/wp\/wp-json\/wp\/v2\/posts"}],"about":[{"href":"https:\/\/www.fachodeluz.blog.br\/wp\/wp-json\/wp\/v2\/types\/post"}],"author":[{"embeddable":true,"href":"https:\/\/www.fachodeluz.blog.br\/wp\/wp-json\/wp\/v2\/users\/2"}],"replies":[{"embeddable":true,"href":"https:\/\/www.fachodeluz.blog.br\/wp\/wp-json\/wp\/v2\/comments?post=28325"}],"version-history":[{"count":0,"href":"https:\/\/www.fachodeluz.blog.br\/wp\/wp-json\/wp\/v2\/posts\/28325\/revisions"}],"wp:attachment":[{"href":"https:\/\/www.fachodeluz.blog.br\/wp\/wp-json\/wp\/v2\/media?parent=28325"}],"wp:term":[{"taxonomy":"category","embeddable":true,"href":"https:\/\/www.fachodeluz.blog.br\/wp\/wp-json\/wp\/v2\/categories?post=28325"},{"taxonomy":"post_tag","embeddable":true,"href":"https:\/\/www.fachodeluz.blog.br\/wp\/wp-json\/wp\/v2\/tags?post=28325"}],"curies":[{"name":"wp","href":"https:\/\/api.w.org\/{rel}","templated":true}]}}