{"id":28377,"date":"2021-04-01T14:03:57","date_gmt":"2021-04-01T17:03:57","guid":{"rendered":"https:\/\/fachodeluz.blog.br\/wp\/?p=28377"},"modified":"2021-04-01T14:09:37","modified_gmt":"2021-04-01T17:09:37","slug":"nao-sou-carne-o-cristo-vive-em-mim","status":"publish","type":"post","link":"https:\/\/www.fachodeluz.blog.br\/wp\/2021\/04\/01\/nao-sou-carne-o-cristo-vive-em-mim\/","title":{"rendered":"&#8220;N\u00c3O SOU &#8216;CARNE&#8217; &#8211; O CRISTO VIVE EM MIM!&#8221;"},"content":{"rendered":"<h2 style=\"text-align: center;\"><span style=\"color: #800000;\"><strong>\u00a0<a style=\"color: #800000;\" href=\"https:\/\/i0.wp.com\/fachodeluz.blog.br\/wp\/wp-content\/uploads\/2021\/04\/CROSS-A.jpg?ssl=1\"><img data-recalc-dims=\"1\" loading=\"lazy\" decoding=\"async\" loading=\"lazy\" class=\"aligncenter size-full wp-image-28379\" src=\"https:\/\/i0.wp.com\/fachodeluz.blog.br\/wp\/wp-content\/uploads\/2021\/04\/CROSS-A.jpg?resize=555%2C387&#038;ssl=1\" alt=\"\" width=\"555\" height=\"387\" srcset=\"https:\/\/i0.wp.com\/www.fachodeluz.blog.br\/wp\/wp-content\/uploads\/2021\/04\/CROSS-A.jpg?w=555&amp;ssl=1 555w, https:\/\/i0.wp.com\/www.fachodeluz.blog.br\/wp\/wp-content\/uploads\/2021\/04\/CROSS-A.jpg?resize=300%2C209&amp;ssl=1 300w\" sizes=\"auto, (max-width: 555px) 100vw, 555px\" \/><\/a><\/strong><\/span><\/h2>\n<h2 style=\"text-align: center;\"><span style=\"color: #800000;\"><strong>Quantas n\u00e3o teriam sido as \u201cgera\u00e7\u00f5es fenom\u00eanicas\u201d ILUDIDAS, crendo e lidando com um ilus\u00f3rio \u201ccorpo carnal com se fosse seu corpo verdadeiro! Na verdade, SOMOS DEUSES, e nosso Corpo \u00e9 espiritual, sem come\u00e7o e sem fim, eterno e glorioso. Em vista disso, assim disse Paulo: Glorificai a DEUS no vosso CORPO \u2013 o qual <em>PERTENCE A DEUS!<\/em><\/strong><\/span><\/h2>\n<h2 style=\"text-align: center;\"><span style=\"color: #800000;\"><strong>Para ser \u201cvisto\u201d, o Corpo que temos requer que nos recusemos a aceitar o suposto \u201ccorpo carnal&#8221; como existente; assim, abrimo-nos \u00e0 Mente de Cristo, revelada como a Mente real que todos temos, deixando-a nos revelar O TEMPLO ETERNO DE DEUS, que \u00e9 o nosso Corpo. Nesse sentido, disse Jesus: <em>\u201cSe teus olhos forem bons, todo teu Corpo ter\u00e1 Luz!\u201d<\/em><\/strong><\/span><\/h2>\n<h2 style=\"text-align: center;\"><span style=\"color: #800000;\"><strong>Tendo em vista estas revela\u00e7\u00f5es absoluras, devemos contemplar a Verdade sobre o Corpo que temos, e n\u00e3o mais endossarmos a &#8220;figura hipn\u00f3tica&#8221; que se fazia passar por \u201ccorpo carnal nascido\u201d!<\/strong><\/span><\/h2>\n<h2 style=\"text-align: center;\"><span style=\"color: #800000;\"><strong>A crucifica\u00e7\u00e3o de Jesus \u00e9 um s\u00edmbolo da NEGA\u00c7\u00c3O DO CORPO NASCIDO, raz\u00e3o pela qual disse Jesus a Maria:<em> \u201cMulher, que tenho eu a ver contigo? <\/em>Jamais chamava Maria de m\u00e3e!<em><br \/>\n<\/em><\/strong><\/span><\/h2>\n<h2 style=\"text-align: center;\"><span style=\"color: #800000;\"><strong>NOSSO CORPO \u00c9 ETERNO, LUMINOSO E PERFEITO! <em>DE FATO, \u00c9 TEMPLO DE DEUS E PERTENCE A DEUS!<\/em> \u00a0<\/strong><\/span><\/h2>\n<h2 style=\"text-align: center;\"><span style=\"color: #800000;\"><strong>Paulo sabia que DEUS \u00c9TUDO, E O TUDO QUE DEUS \u00c9, \u00c9 O QUE IGUALMENTE TODOS SOMOS! Esta \u00e9 mensagem trazida por Jesus!<\/strong><\/span><\/h2>\n<h2 style=\"text-align: center;\"><span style=\"color: #800000;\"><strong>Nunca o suposto \u201cmundo do pai da mentira\u201d teve realidade! E SEMPRE A ESS\u00caNCIA QUE CONSTITUI O <em>CORPO GLORIOSO<\/em> QUE TEMOS SE CONSTITUI DOVERBO, DO AMOR E DA PERFEI\u00c7\u00c3O DE DEUS! <\/strong><\/span><\/h2>\n<h2 style=\"text-align: center;\"><span style=\"color: #800000;\"><strong>Portanto, CONTEMPLE DEUS SENDO O SEU CORPO ETERNO, \u00daNICO E GLORIOSO, DEIXANDO EXTINTA A FALSA CREN\u00c7A DE \u201cTER EXISTIDO&#8221; ALGUM \u201cCORPO CARNAL\u201d! <\/strong><\/span><\/h2>\n<h2 style=\"text-align: center;\"><span style=\"color: #800000;\"><strong><em>DEUS \u00c9 ESP\u00cdRITO, E \u00c9 TUDO!\u00a0<\/em><\/strong><\/span><\/h2>\n<h2 style=\"text-align: center;\"><span style=\"color: #800000;\"><strong>Jesus\u00a0 CRUCIFICADO \u00e9 JESUS VIVO NA UNIDADE COM O PAI! E, PARA &#8220;SEGUI-LO&#8221;, CADA UM TER\u00c1 DE TOMAR A PR\u00d3PRIA CRUZ, E REPETIR PAULO: <\/strong><\/span><\/h2>\n<h2 style=\"text-align: center;\"><span style=\"color: #800000;\"><strong><em>&#8220;ESTOU CRUCIFICADO! N\u00c3O SOU &#8220;CARNE&#8221;; O CRISTO VIVE EM MIM&#8221;!<\/em><\/strong><\/span><\/h2>\n<h2 style=\"text-align: center;\"><span style=\"color: #800000;\"><strong><em>*<\/em><\/strong><\/span><\/h2>\n","protected":false},"excerpt":{"rendered":"<p>\u00a0 Quantas n\u00e3o teriam sido as \u201cgera\u00e7\u00f5es fenom\u00eanicas\u201d ILUDIDAS, crendo e lidando com um ilus\u00f3rio \u201ccorpo carnal com se fosse seu corpo verdadeiro! Na verdade, SOMOS DEUSES, e nosso Corpo \u00e9 espiritual, sem come\u00e7o e sem fim, eterno e glorioso. Em vista disso, assim disse Paulo: Glorificai a DEUS no vosso CORPO \u2013 o qual &hellip; <\/p>\n<p class=\"link-more\"><a href=\"https:\/\/www.fachodeluz.blog.br\/wp\/2021\/04\/01\/nao-sou-carne-o-cristo-vive-em-mim\/\" class=\"more-link\">Leia mais<span class=\"screen-reader-text\"> &#8220;&#8220;N\u00c3O SOU &#8216;CARNE&#8217; &#8211; O CRISTO VIVE EM MIM!&#8221;&#8221;<\/span><\/a><\/p>\n","protected":false},"author":2,"featured_media":0,"comment_status":"open","ping_status":"closed","sticky":false,"template":"","format":"standard","meta":{"nf_dc_page":"","_crdt_document":"","footnotes":""},"categories":[1],"tags":[],"class_list":["post-28377","post","type-post","status-publish","format-standard","hentry","category-diversas"],"featured_media_urls":[],"_links":{"self":[{"href":"https:\/\/www.fachodeluz.blog.br\/wp\/wp-json\/wp\/v2\/posts\/28377","targetHints":{"allow":["GET"]}}],"collection":[{"href":"https:\/\/www.fachodeluz.blog.br\/wp\/wp-json\/wp\/v2\/posts"}],"about":[{"href":"https:\/\/www.fachodeluz.blog.br\/wp\/wp-json\/wp\/v2\/types\/post"}],"author":[{"embeddable":true,"href":"https:\/\/www.fachodeluz.blog.br\/wp\/wp-json\/wp\/v2\/users\/2"}],"replies":[{"embeddable":true,"href":"https:\/\/www.fachodeluz.blog.br\/wp\/wp-json\/wp\/v2\/comments?post=28377"}],"version-history":[{"count":0,"href":"https:\/\/www.fachodeluz.blog.br\/wp\/wp-json\/wp\/v2\/posts\/28377\/revisions"}],"wp:attachment":[{"href":"https:\/\/www.fachodeluz.blog.br\/wp\/wp-json\/wp\/v2\/media?parent=28377"}],"wp:term":[{"taxonomy":"category","embeddable":true,"href":"https:\/\/www.fachodeluz.blog.br\/wp\/wp-json\/wp\/v2\/categories?post=28377"},{"taxonomy":"post_tag","embeddable":true,"href":"https:\/\/www.fachodeluz.blog.br\/wp\/wp-json\/wp\/v2\/tags?post=28377"}],"curies":[{"name":"wp","href":"https:\/\/api.w.org\/{rel}","templated":true}]}}