{"id":28401,"date":"2021-04-06T13:40:46","date_gmt":"2021-04-06T16:40:46","guid":{"rendered":"https:\/\/fachodeluz.blog.br\/wp\/?p=28401"},"modified":"2021-04-06T13:40:46","modified_gmt":"2021-04-06T16:40:46","slug":"eis-que-eu-renovo-todas-as-coisas","status":"publish","type":"post","link":"https:\/\/www.fachodeluz.blog.br\/wp\/2021\/04\/06\/eis-que-eu-renovo-todas-as-coisas\/","title":{"rendered":"&#8220;EIS QUE EU RENOVO TODAS AS COISAS!&#8221;"},"content":{"rendered":"<h2 style=\"text-align: center;\"><span style=\"color: #416f7a;\"><a style=\"color: #416f7a;\" href=\"https:\/\/i0.wp.com\/fachodeluz.blog.br\/wp\/wp-content\/uploads\/2021\/04\/EINSTEIN-3A.jpg?ssl=1\"><img data-recalc-dims=\"1\" loading=\"lazy\" decoding=\"async\" loading=\"lazy\" class=\"aligncenter size-full wp-image-28423\" src=\"https:\/\/i0.wp.com\/fachodeluz.blog.br\/wp\/wp-content\/uploads\/2021\/04\/EINSTEIN-3A.jpg?resize=555%2C273&#038;ssl=1\" alt=\"\" width=\"555\" height=\"273\" srcset=\"https:\/\/i0.wp.com\/www.fachodeluz.blog.br\/wp\/wp-content\/uploads\/2021\/04\/EINSTEIN-3A.jpg?w=555&amp;ssl=1 555w, https:\/\/i0.wp.com\/www.fachodeluz.blog.br\/wp\/wp-content\/uploads\/2021\/04\/EINSTEIN-3A.jpg?resize=300%2C148&amp;ssl=1 300w\" sizes=\"auto, (max-width: 555px) 100vw, 555px\" \/><\/a><\/span><\/h2>\n<h2 style=\"text-align: center;\"><span style=\"color: #416f7a;\">Albert Einstein assim dizia: <em>\u201cInsanidade \u00e9 continuar a fazer as coisas da mesma forma e esperar um resultado diferente\u201d. <\/em><\/span><\/h2>\n<h2 style=\"text-align: center;\"><span style=\"color: #416f7a;\">N\u00e3o seria este o erro cometido por muita gente que estuda a Verdade? A B\u00edblia diz:<em> &#8220;Eis que eu renovo todas as coisas!&#8221;.<\/em><\/span><\/h2>\n<h2 style=\"text-align: center;\"><span style=\"color: #416f7a;\">H\u00e1 pessoas que vivem fenomenicamente no &#8220;tudo igual&#8221; de seus antigos h\u00e1bitos, sem eles em nada mudarem! Sabendo que DEUS E SEU UNIVERSO S\u00c3O IMUT\u00c1VEIS,\u00a0 talvez estejam entendendo que &#8220;NA SOMBRA CHAMADA &#8220;MUNDO DE APAR\u00caNCIAS&#8221;, NADA REQUEIRA RENOVA\u00c7\u00c3O! Da\u00ed a citada revela\u00e7\u00e3o, que parte do mut\u00e1vel &#8220;mundo de apar\u00eancias&#8221;:<em>&#8220;Eis que eu renovo todas as coisas!&#8221;.<\/em><\/span><\/h2>\n<h2 style=\"text-align: center;\"><span style=\"color: #416f7a;\">O QUE A B\u00cdBLIA DIZ SE REFERE \u00c0S MUDAN\u00c7AS QUE NOS S\u00c3O SUGERIDAS AP\u00d3S &#8220;CONTEMPLARMOS&#8221;A ESTABILIDADE DA REALIDADE DIVINA! <\/span><\/h2>\n<h2 style=\"text-align: center;\"><span style=\"color: #416f7a;\">DE OLHO NA ESTABILIDADE DO ABSOLUTO, PERCEBEMOS AS &#8220;MUDAN\u00c7AS RECEBIDAS&#8221; COMO &#8220;BENS ACRESCENTADOS&#8221;! <\/span><\/h2>\n<h2 style=\"text-align: center;\"><span style=\"color: #416f7a;\">Unicamente DEUS \u00e9 Realidade! Toda\u00a0 Exist\u00eancia real \u00e9 Perfei\u00e7\u00e3o ESPIRITUAL Absoluta do que, como &#8220;sombra&#8221; se projeta como &#8220;apar\u00eancias em renova\u00e7\u00e3o&#8221;. Por isso, assim disse Paulo: <em>&#8220;O que se v\u00ea procede do que n\u00e3o se v\u00ea&#8221;. E o alerta de Einstein nos foi dado nesse sentido, para aparentemente nos renovarmos em conson\u00e2ncia com as inspira\u00e7\u00f5es de mudan\u00e7as que nos forem sendo reveladas! <\/em><\/span><\/h2>\n<h2 style=\"text-align: center;\"><span style=\"color: #416f7a;\"><em>N\u00e3o h\u00e1 C\u00c9U E TERRA! TERRA \u00c9 SOMBRA! Caso um carpinteiro fabrique uma escrivaninha de madeira, teria ele criado a sombra dela? N\u00c3O! Teria criado somente a escrivaninha, ASSIM COMO DEUS CRIOU UNICAMENTE O SEU REINO E SUAS OBRAS PERMANENTES! <\/em><\/span><\/h2>\n<h2 style=\"text-align: center;\"><span style=\"color: #416f7a;\"><em>*<\/em><\/span><\/h2>\n<p><span style=\"color: #416f7a;\">Ca<\/span><\/p>\n<p>&nbsp;<\/p>\n<p>&nbsp;<\/p>\n<p><span style=\"color: #416f7a;\">E<\/span><\/p>\n<p>&nbsp;<\/p>\n<p>&nbsp;<\/p>\n<p>&nbsp;<\/p>\n<p>&nbsp;<\/p>\n<p>&nbsp;<\/p>\n<p><span style=\"color: #416f7a;\">N<\/span><\/p>\n<p>&nbsp;<\/p>\n<h2 style=\"text-align: center;\"><\/h2>\n","protected":false},"excerpt":{"rendered":"<p>Albert Einstein assim dizia: \u201cInsanidade \u00e9 continuar a fazer as coisas da mesma forma e esperar um resultado diferente\u201d. N\u00e3o seria este o erro cometido por muita gente que estuda a Verdade? A B\u00edblia diz: &#8220;Eis que eu renovo todas as coisas!&#8221;. H\u00e1 pessoas que vivem fenomenicamente no &#8220;tudo igual&#8221; de seus antigos h\u00e1bitos, sem &hellip; <\/p>\n<p class=\"link-more\"><a href=\"https:\/\/www.fachodeluz.blog.br\/wp\/2021\/04\/06\/eis-que-eu-renovo-todas-as-coisas\/\" class=\"more-link\">Leia mais<span class=\"screen-reader-text\"> &#8220;&#8220;EIS QUE EU RENOVO TODAS AS COISAS!&#8221;&#8221;<\/span><\/a><\/p>\n","protected":false},"author":2,"featured_media":0,"comment_status":"open","ping_status":"closed","sticky":false,"template":"","format":"standard","meta":{"nf_dc_page":"","_crdt_document":"","footnotes":""},"categories":[1],"tags":[],"class_list":["post-28401","post","type-post","status-publish","format-standard","hentry","category-diversas"],"featured_media_urls":[],"_links":{"self":[{"href":"https:\/\/www.fachodeluz.blog.br\/wp\/wp-json\/wp\/v2\/posts\/28401","targetHints":{"allow":["GET"]}}],"collection":[{"href":"https:\/\/www.fachodeluz.blog.br\/wp\/wp-json\/wp\/v2\/posts"}],"about":[{"href":"https:\/\/www.fachodeluz.blog.br\/wp\/wp-json\/wp\/v2\/types\/post"}],"author":[{"embeddable":true,"href":"https:\/\/www.fachodeluz.blog.br\/wp\/wp-json\/wp\/v2\/users\/2"}],"replies":[{"embeddable":true,"href":"https:\/\/www.fachodeluz.blog.br\/wp\/wp-json\/wp\/v2\/comments?post=28401"}],"version-history":[{"count":0,"href":"https:\/\/www.fachodeluz.blog.br\/wp\/wp-json\/wp\/v2\/posts\/28401\/revisions"}],"wp:attachment":[{"href":"https:\/\/www.fachodeluz.blog.br\/wp\/wp-json\/wp\/v2\/media?parent=28401"}],"wp:term":[{"taxonomy":"category","embeddable":true,"href":"https:\/\/www.fachodeluz.blog.br\/wp\/wp-json\/wp\/v2\/categories?post=28401"},{"taxonomy":"post_tag","embeddable":true,"href":"https:\/\/www.fachodeluz.blog.br\/wp\/wp-json\/wp\/v2\/tags?post=28401"}],"curies":[{"name":"wp","href":"https:\/\/api.w.org\/{rel}","templated":true}]}}