{"id":28426,"date":"2021-04-07T13:44:41","date_gmt":"2021-04-07T16:44:41","guid":{"rendered":"https:\/\/fachodeluz.blog.br\/wp\/?p=28426"},"modified":"2021-04-07T13:53:01","modified_gmt":"2021-04-07T16:53:01","slug":"o-foco-que-apaga-doutrinas-varias-e-estranhas","status":"publish","type":"post","link":"https:\/\/www.fachodeluz.blog.br\/wp\/2021\/04\/07\/o-foco-que-apaga-doutrinas-varias-e-estranhas\/","title":{"rendered":"TUA GRA\u00c7A ME BASTA"},"content":{"rendered":"<h2 style=\"text-align: center;\"><span style=\"color: #993300;\"><a style=\"color: #993300;\" href=\"https:\/\/i0.wp.com\/fachodeluz.blog.br\/wp\/wp-content\/uploads\/2021\/04\/graca-322.jpg?ssl=1\"><img data-recalc-dims=\"1\" loading=\"lazy\" decoding=\"async\" loading=\"lazy\" class=\"aligncenter size-full wp-image-28429\" src=\"https:\/\/i0.wp.com\/fachodeluz.blog.br\/wp\/wp-content\/uploads\/2021\/04\/graca-322.jpg?resize=555%2C417&#038;ssl=1\" alt=\"\" width=\"555\" height=\"417\" srcset=\"https:\/\/i0.wp.com\/www.fachodeluz.blog.br\/wp\/wp-content\/uploads\/2021\/04\/graca-322.jpg?w=555&amp;ssl=1 555w, https:\/\/i0.wp.com\/www.fachodeluz.blog.br\/wp\/wp-content\/uploads\/2021\/04\/graca-322.jpg?resize=300%2C225&amp;ssl=1 300w\" sizes=\"auto, (max-width: 555px) 100vw, 555px\" \/><\/a><\/span><\/h2>\n<h2 style=\"text-align: center;\"><span style=\"color: #993300;\">Quando Jesus diz que <em>\u201cN\u00e3o se deita vinho novo em odres velhos\u201d,<\/em> o principal ali contido, \u00e9 que \u00a0n\u00e3o devemos ser especialistas em \u201dopini\u00f5es terrenas\u201d de pensadores espiritualizados, nem nos apegarmos a cren\u00e7as e dogmas de religi\u00f5es e denomina\u00e7\u00f5es do ilus\u00f3rio mundo fenom\u00eanico!<\/span><\/h2>\n<h2 style=\"text-align: center;\"><span style=\"color: #993300;\"><em>\u201cA Gra\u00e7a de Deus nos basta\u201d,<\/em> disse Paulo! Alertou tamb\u00e9m que<em> \u201cviver buscando doutrinas v\u00e1rias e estranhas\u201d<\/em> \u00e9 puramente nutrir o ego de mais pensamentos e cren\u00e7as opostos \u00e0 Gra\u00e7a!<\/span><\/h2>\n<h2 style=\"text-align: center;\"><span style=\"color: #993300;\">As mensagens do Facho de Luz se prendem ao FOCO explicitado por Jesus: <em>\u201cAquele que PERMANECER EM MIM, conhecer\u00e1 A Verdade e a Verdade o libertar\u00e1\u201d.<\/em><\/span><\/h2>\n<h2 style=\"text-align: center;\"><span style=\"color: #993300;\">Buda pregou ao mundo a Verdade que lhe foi revelada: O CHAMADO MUNDO DE DOIS PODERES, BEM E MAL, N\u00c3O PASSA DE UMA<em> ILUS\u00c3O COLETIVA,<\/em> E NADA MAIS! Como o mundo n\u00e3o acreditou, criou ele instru\u00e7\u00f5es menores, que pudessem ser aceitas e vividas pelo mundo!<\/span><\/h2>\n<h2 style=\"text-align: center;\"><span style=\"color: #993300;\">Jesus revelou ao mundo a mesma Verdade, e ocorreu o mesmo descr\u00e9dito e desinteresse, com muitos achando ser \u201cloucura\u201d, &#8220;muito profundo\u201d, e coisas do tipo! <\/span><\/h2>\n<h2 style=\"text-align: center;\"><span style=\"color: #993300;\">A QUEST\u00c3O \u00c9 A SEGUINTE: PODEMOS COMVERSAR COM PESSOAS O TEMPO TODO, SEM QUE DELAS ESCUTEMOS SEQUER MEN\u00c7\u00c3O DE QUE <em>\u201cA GRA\u00c7A DE DEUS NOS BASTA&#8221;!<\/em><\/span><\/h2>\n<h2 style=\"text-align: center;\"><span style=\"color: #993300;\">A B\u00edblia nos revela que \u201cSOMOS FILHOS DE DEUS PELA GRA\u00c7A&#8221;. Apenas isso nos deveria abolir a IDENTIFICA\u00c7\u00c3O COM MORTAIS E COM DOUTRINAS VARIADAS PREGADAS POR MORTAIS!<\/span><\/h2>\n<h2 style=\"text-align: center;\"><span style=\"color: #993300;\">Quando salientamos o FOCO DA VERDADE, numa conversa com algu\u00e9m,\u00a0 por ele a CREN\u00c7A COLETIVA NOS DIZ: <em>\u201cNINGU\u00c9M \u00c9 DONO DA VERDADE! CADA UM TEM A SUA VERDADE, E DEVEMOS RESPEITAR A VIS\u00c3O DE CADA UM!\u201d<\/em><\/span><\/h2>\n<h2 style=\"text-align: center;\"><span style=\"color: #993300;\"> Sempre assim respondi: \u201cN\u00c3O SOU DONO DA VERDADE, MAS A VERDADE \u00c9 MINHA DONA! S\u00d3 RESPEITO A VERDADE, QUE \u00c9 \u00daNICA, SOBERANA E IMPESSOAI,\u00a0 SEM JAMAIS ADMITIR\u00a0 \u201cAPEGOS A CREN\u00c7AS ERR\u00d4NEAS DE AUTORES DO MUNDO, QUE MUITAS VEZES S\u00c3O ENDEUSADOS, MESMO DISTANCIANDO SEUS DILETOS SEGUIDORES <em>&#8220;DE MIM\u201d!<\/em><\/span><\/h2>\n<h2 style=\"text-align: center;\"><span style=\"color: #993300;\">A Jesus, disse Satan\u00e1s,\u00a0 &#8211; A MENTE MORTAL- apontando a Terra: <\/span><\/h2>\n<h2 style=\"text-align: center;\"><span style=\"color: #993300;\"><em>\u201cTUDO ISSO TE DAREI, SE PROSTRADO ME ADORARES!\u201d<\/em> <\/span><\/h2>\n<h2 style=\"text-align: center;\"><span style=\"color: #993300;\">E Jesus lhe respondeu: <\/span><\/h2>\n<h2 style=\"text-align: center;\"><span style=\"color: #993300;\"><em>\u201cEST\u00c1 ESCRITO: SOMENTE ADORAR\u00c1S O SENHOR TEU DEUS! AFASTA-TE, SATAN\u00c1S!&#8221;<\/em><\/span><\/h2>\n<h2 style=\"text-align: center;\"><span style=\"color: #993300;\">Assim \u00e9 Jesus, que nunca adorou \u201cprofetas nem reveladores da Verdade\u201d! SABIA QUE EM CADA UM VIVE DEUS, OU SEJA, ENTENDIA QUE CADA UM DEVE ADORAR A SEU DEUS, EM SI MESMO, N\u00c3O NELE NEM EM NINGU\u00c9M, MAS <em>\u201cEM MIM\u201d!\u00a0<\/em> E \u00c9 ESTE O &#8220;FOCO&#8221;!<\/span><\/h2>\n<h2 style=\"text-align: center;\"><span style=\"color: #993300;\">*<\/span><\/h2>\n<h2 style=\"text-align: center;\"><\/h2>\n","protected":false},"excerpt":{"rendered":"<p>Quando Jesus diz que \u201cN\u00e3o se deita vinho novo em odres velhos\u201d, o principal ali contido, \u00e9 que \u00a0n\u00e3o devemos ser especialistas em \u201dopini\u00f5es terrenas\u201d de pensadores espiritualizados, nem nos apegarmos a cren\u00e7as e dogmas de religi\u00f5es e denomina\u00e7\u00f5es do ilus\u00f3rio mundo fenom\u00eanico! \u201cA Gra\u00e7a de Deus nos basta\u201d, disse Paulo! Alertou tamb\u00e9m que \u201cviver &hellip; <\/p>\n<p class=\"link-more\"><a href=\"https:\/\/www.fachodeluz.blog.br\/wp\/2021\/04\/07\/o-foco-que-apaga-doutrinas-varias-e-estranhas\/\" class=\"more-link\">Leia mais<span class=\"screen-reader-text\"> &#8220;TUA GRA\u00c7A ME BASTA&#8221;<\/span><\/a><\/p>\n","protected":false},"author":2,"featured_media":0,"comment_status":"open","ping_status":"closed","sticky":false,"template":"","format":"standard","meta":{"nf_dc_page":"","_crdt_document":"","footnotes":""},"categories":[1],"tags":[],"class_list":["post-28426","post","type-post","status-publish","format-standard","hentry","category-diversas"],"featured_media_urls":[],"_links":{"self":[{"href":"https:\/\/www.fachodeluz.blog.br\/wp\/wp-json\/wp\/v2\/posts\/28426","targetHints":{"allow":["GET"]}}],"collection":[{"href":"https:\/\/www.fachodeluz.blog.br\/wp\/wp-json\/wp\/v2\/posts"}],"about":[{"href":"https:\/\/www.fachodeluz.blog.br\/wp\/wp-json\/wp\/v2\/types\/post"}],"author":[{"embeddable":true,"href":"https:\/\/www.fachodeluz.blog.br\/wp\/wp-json\/wp\/v2\/users\/2"}],"replies":[{"embeddable":true,"href":"https:\/\/www.fachodeluz.blog.br\/wp\/wp-json\/wp\/v2\/comments?post=28426"}],"version-history":[{"count":0,"href":"https:\/\/www.fachodeluz.blog.br\/wp\/wp-json\/wp\/v2\/posts\/28426\/revisions"}],"wp:attachment":[{"href":"https:\/\/www.fachodeluz.blog.br\/wp\/wp-json\/wp\/v2\/media?parent=28426"}],"wp:term":[{"taxonomy":"category","embeddable":true,"href":"https:\/\/www.fachodeluz.blog.br\/wp\/wp-json\/wp\/v2\/categories?post=28426"},{"taxonomy":"post_tag","embeddable":true,"href":"https:\/\/www.fachodeluz.blog.br\/wp\/wp-json\/wp\/v2\/tags?post=28426"}],"curies":[{"name":"wp","href":"https:\/\/api.w.org\/{rel}","templated":true}]}}