{"id":28541,"date":"2021-04-22T13:47:01","date_gmt":"2021-04-22T16:47:01","guid":{"rendered":"https:\/\/fachodeluz.blog.br\/wp\/?p=28541"},"modified":"2021-04-22T13:56:28","modified_gmt":"2021-04-22T16:56:28","slug":"estamos-todos-em-mim","status":"publish","type":"post","link":"https:\/\/www.fachodeluz.blog.br\/wp\/2021\/04\/22\/estamos-todos-em-mim\/","title":{"rendered":"ESTAMOS TODOS &#8220;EM MIM&#8221;!"},"content":{"rendered":"<h3 style=\"text-align: center;\"><span style=\"color: #412a82;\"><a style=\"color: #412a82;\" href=\"https:\/\/i0.wp.com\/fachodeluz.blog.br\/wp\/wp-content\/uploads\/2021\/04\/krishna5A.jpg?ssl=1\"><img data-recalc-dims=\"1\" loading=\"lazy\" decoding=\"async\" loading=\"lazy\" class=\"aligncenter size-full wp-image-28542\" src=\"https:\/\/i0.wp.com\/fachodeluz.blog.br\/wp\/wp-content\/uploads\/2021\/04\/krishna5A.jpg?resize=555%2C503&#038;ssl=1\" alt=\"\" width=\"555\" height=\"503\" srcset=\"https:\/\/i0.wp.com\/www.fachodeluz.blog.br\/wp\/wp-content\/uploads\/2021\/04\/krishna5A.jpg?w=555&amp;ssl=1 555w, https:\/\/i0.wp.com\/www.fachodeluz.blog.br\/wp\/wp-content\/uploads\/2021\/04\/krishna5A.jpg?resize=300%2C272&amp;ssl=1 300w\" sizes=\"auto, (max-width: 555px) 100vw, 555px\" \/><\/a><\/span><\/h3>\n<h3><\/h3>\n<h3 style=\"text-align: center;\"><span style=\"color: #412a82;\"><em>Disse Krishna: <\/em><em>\u201cUma vez atingida a Verdade, \u00f3 pr\u00edncipe, nunca mais sucumbir\u00e1s \u00e0 ignor\u00e2ncia \u2013 e a Verdade te dir\u00e1 que todos os mundos est\u00e3o em ti &#8212;\u00a0 E tu est\u00e1s em Mim\u201d.<\/em><\/span><\/h3>\n<h4 style=\"text-align: center;\"><span style=\"color: #412a82;\">Bhagavad Gita<\/span><\/h4>\n<h2 style=\"text-align: center;\"><span style=\"color: #412a82;\">H\u00e1 mais de sete mil anos que a humanidade recebeu os ensinamentos de Krishna pelo\u201dBhagavad Gita\u201d. Seus ensinamentos absolutos foram os mesmos repetidos posteriormente por Jesus, e explicam a Verdade de que <strong><em>VIVEMOS EM MIM,<\/em> <\/strong>E QUE TRAZEMOS, EM N\u00d3S MESMOS, TODA A INFINITA <strong><em>EXIST\u00caNCIA REAL, ETERNA E ABSOLUTA!<\/em><\/strong><\/span><\/h2>\n<h2 style=\"text-align: center;\"><span style=\"color: #412a82;\"><em><strong>\u201cAs coisas dos homens s\u00e3o tolices para Deus\u201d, disse Paulo. <\/strong><\/em><strong>A Verdade lhe era conhecida! <\/strong>Enquanto o \u201cmundo de cren\u00e7as mentirosas\u201d for entendido como realidade, O QUE \u00c9 REAL PARECER\u00c1 N\u00c3O EXISTIR! Por isso Krishna dizia o que Jesus diria tempos depois: \u201cQuem tem o Filho, tem o Pai\u201d, e &#8220;TODOS V\u00caM AO PAI ATRAV\u00c9S DE MIM!&#8221;<\/span><\/h2>\n<h2 style=\"text-align: center;\"><span style=\"color: #412a82;\">Certa vez algu\u00e9m me disse o seguinte:<em> \u201cDo jeito que voc\u00ea fala, parece-me que voc\u00ea \u00e9 dependente de medita\u00e7\u00e3o para tudo!\u201d<\/em> Assim lhe rspondi: <em>\u201cEngana-se! Sou dependente s\u00f3 de DEUS, igualzinho a voc\u00ea e a todos os demais! A medita\u00e7\u00e3o \u00e9 simples expediente empregado para que eu saiba o seguinte: Quem me v\u00ea a MIM, v\u00ea o Pai\u201d! Quem me v\u00ea &#8220;meditante&#8221;, v\u00ea a ILUS\u00c3O!&#8221;<\/em><\/span><\/h2>\n<h2 style=\"text-align: center;\"><span style=\"color: #412a82;\">A maioria v\u00ea a si mesma como \u201ccarnal do mundo\u201d! Cr\u00ea ter \u201cvida na mat\u00e9ria\u201d, e se deslumbra com \u201cnascimentos\u201d enquanto chora com as \u201cmortes\u201d! Assim a-gindo, s\u00e3o materialistas, deixando as Verdades espirituais PARA SEREM VIVIDAS SOMENTE \u201cUM DIA\u201d- <em><strong>E N\u00c3O NO AQUI E AGORA!<\/strong> <\/em><\/span><\/h2>\n<h2 style=\"text-align: center;\"><span style=\"color: #412a82;\">Krishna, como Buda, Jesus e outros, DEIXOU EXPL\u00cdCITO QUE \u201cESTAMOS EM MIM\u201d, E N\u00c3O EM MUNDO ILUS\u00d3RIO DE APAR\u00caNCIAS! Por isso Jesus disse que \u201cviria o Consolador para nos \u201cconvencer do pecado\u201d! Que pecado seria? O DE N\u00c3O CRER EM MIM! N\u00c3O CRER EM SEU PR\u00d3PRIO DEUS, VIVENDO COMO \u201cUNIDADE PERFEITA!\u201d<\/span><\/h2>\n<h2 style=\"text-align: center;\"><span style=\"color: #412a82;\">*<\/span><\/h2>\n<h2 style=\"text-align: center;\"><span style=\"color: #412a82;\">*<\/span><\/h2>\n","protected":false},"excerpt":{"rendered":"<p>Disse Krishna: \u201cUma vez atingida a Verdade, \u00f3 pr\u00edncipe, nunca mais sucumbir\u00e1s \u00e0 ignor\u00e2ncia \u2013 e a Verdade te dir\u00e1 que todos os mundos est\u00e3o em ti &#8212;\u00a0 E tu est\u00e1s em Mim\u201d. Bhagavad Gita H\u00e1 mais de sete mil anos que a humanidade recebeu os ensinamentos de Krishna pelo\u201dBhagavad Gita\u201d. Seus ensinamentos absolutos foram &hellip; <\/p>\n<p class=\"link-more\"><a href=\"https:\/\/www.fachodeluz.blog.br\/wp\/2021\/04\/22\/estamos-todos-em-mim\/\" class=\"more-link\">Leia mais<span class=\"screen-reader-text\"> &#8220;ESTAMOS TODOS &#8220;EM MIM&#8221;!&#8221;<\/span><\/a><\/p>\n","protected":false},"author":2,"featured_media":0,"comment_status":"open","ping_status":"closed","sticky":false,"template":"","format":"standard","meta":{"nf_dc_page":"","_crdt_document":"","footnotes":""},"categories":[1],"tags":[],"class_list":["post-28541","post","type-post","status-publish","format-standard","hentry","category-diversas"],"featured_media_urls":[],"_links":{"self":[{"href":"https:\/\/www.fachodeluz.blog.br\/wp\/wp-json\/wp\/v2\/posts\/28541","targetHints":{"allow":["GET"]}}],"collection":[{"href":"https:\/\/www.fachodeluz.blog.br\/wp\/wp-json\/wp\/v2\/posts"}],"about":[{"href":"https:\/\/www.fachodeluz.blog.br\/wp\/wp-json\/wp\/v2\/types\/post"}],"author":[{"embeddable":true,"href":"https:\/\/www.fachodeluz.blog.br\/wp\/wp-json\/wp\/v2\/users\/2"}],"replies":[{"embeddable":true,"href":"https:\/\/www.fachodeluz.blog.br\/wp\/wp-json\/wp\/v2\/comments?post=28541"}],"version-history":[{"count":0,"href":"https:\/\/www.fachodeluz.blog.br\/wp\/wp-json\/wp\/v2\/posts\/28541\/revisions"}],"wp:attachment":[{"href":"https:\/\/www.fachodeluz.blog.br\/wp\/wp-json\/wp\/v2\/media?parent=28541"}],"wp:term":[{"taxonomy":"category","embeddable":true,"href":"https:\/\/www.fachodeluz.blog.br\/wp\/wp-json\/wp\/v2\/categories?post=28541"},{"taxonomy":"post_tag","embeddable":true,"href":"https:\/\/www.fachodeluz.blog.br\/wp\/wp-json\/wp\/v2\/tags?post=28541"}],"curies":[{"name":"wp","href":"https:\/\/api.w.org\/{rel}","templated":true}]}}