{"id":28589,"date":"2021-04-29T13:39:26","date_gmt":"2021-04-29T16:39:26","guid":{"rendered":"https:\/\/fachodeluz.blog.br\/wp\/?p=28589"},"modified":"2021-04-30T01:42:01","modified_gmt":"2021-04-30T04:42:01","slug":"a-onipresenca-da-perfeicao-atesta-a-ausencia-das-imperfeicoes","status":"publish","type":"post","link":"https:\/\/www.fachodeluz.blog.br\/wp\/2021\/04\/29\/a-onipresenca-da-perfeicao-atesta-a-ausencia-das-imperfeicoes\/","title":{"rendered":"A ONIPRESEN\u00c7A DA PERFEI\u00c7\u00c3O ATESTA A AUS\u00caNCIA DAS IMPERFEI\u00c7\u00d5ES!"},"content":{"rendered":"<h2 style=\"text-align: center;\"><span style=\"color: #993300;\"><a style=\"color: #993300;\" href=\"https:\/\/i0.wp.com\/fachodeluz.blog.br\/wp\/wp-content\/uploads\/2021\/04\/inri-2.jpg?ssl=1\"><img data-recalc-dims=\"1\" loading=\"lazy\" decoding=\"async\" loading=\"lazy\" class=\"aligncenter size-full wp-image-28590\" src=\"https:\/\/i0.wp.com\/fachodeluz.blog.br\/wp\/wp-content\/uploads\/2021\/04\/inri-2.jpg?resize=555%2C483&#038;ssl=1\" alt=\"\" width=\"555\" height=\"483\" srcset=\"https:\/\/i0.wp.com\/www.fachodeluz.blog.br\/wp\/wp-content\/uploads\/2021\/04\/inri-2.jpg?w=555&amp;ssl=1 555w, https:\/\/i0.wp.com\/www.fachodeluz.blog.br\/wp\/wp-content\/uploads\/2021\/04\/inri-2.jpg?resize=300%2C261&amp;ssl=1 300w\" sizes=\"auto, (max-width: 555px) 100vw, 555px\" \/><\/a><\/span><\/h2>\n<h2 style=\"text-align: center;\"><span style=\"color: #993300;\">N\u00e3o h\u00e1 revela\u00e7\u00e3o da Verdade que j\u00e1 n\u00e3o esteja evidenciada, aqui e agora, como verdadeira. A quest\u00e3o \u00e9 fundamentalmente a seguinte: TUDO PARECE SER BOM DEMAIS PARA SER VERDADE! As \u201capar\u00eancias\u201d, que s\u00e3o simples &#8220;imagens ilus\u00f3rias\u201d, atestam suas mentiras e falsidades visivelmente, e a humanidade, que s\u00f3 v\u00ea \u00a0como verdades as infinitas \u201cimagens de imperfei\u00e7\u00f5es\u201d enxergadas pela &#8220;mente carnal&#8221;, reluta em ACATAR COM CORA\u00c7\u00c3O DE CRIAN\u00c7A que s\u00e3o, TODAS ELAS, puras nulidades, uma vez que UNICAMENTE O VERBO DE DEUS \u00c9 \u201cMAT\u00c9RIA-PRIMA\u201d VERDADEIRA DE TUDO, SEMPRE PERFEITA UNIVERSALMENTE, MAS QUE, POR SER A REALIDADE INVIS\u00cdVEL AOS SUPOSTOS \u201cSENTIDOS HUMANOS, DEIXA O\u00a0 VERBO ONIPRESENTE DE SER ACEITO E RECONHECIDO, ATRAV\u00c9S DE UMA F\u00c9 TOTAL E PERSEVERANTE!<\/span><\/h2>\n<h2 style=\"text-align: center;\"><span style=\"color: #993300;\">Suponhamos que algu\u00e9m acredite possuir um \u201ccorpo carnal\u201dAPARENTANDO estar com alguma imperfei\u00e7\u00e3o. A primeira coisa ser\u00e1 reconhecer a PERMAN\u00caNCIA da perfei\u00e7\u00e3o total de seu verdadeiro Corpo, que \u00e9 um GLORIOSO TEMPLO DE DEUS! O suposto &#8220;corpo carnal\u201d \u00e9 ilus\u00f3rio! Nunca esteve sendo realidade, estivesse com \u201capar\u00eancia\u201d de s\u00e3o ou de doente! Em vista disso, ser\u00e1 reconhecido como AUSENTE, por estar <em><strong>PRESENTE EM SEU LUGAR<\/strong>\u00a0 O VERBO DE DEUS,<\/em> INC\u00d3LUME E PERFEITO <em><strong>\u201cDESDE SEMPRE\u201d!<\/strong><\/em><\/span><\/h2>\n<h2 style=\"text-align: center;\"><span style=\"color: #993300;\">Todo AUTOTRATAMENTO se firma na totalidade de Deus sendo \u00daNICA EVID\u00caNCIA COMO UNIVERSO ESPIRITUAL INFINITO! ENQUANTO AS \u201cIMAGENS MENTAIS&#8221; DE IMPERFEI\u00c7\u00d5ES s\u00e3o vistas como pesadelos:\u00a0 SEM SUBST\u00c2NCIA, SEM REALIDADE E\u00a0 SEM PODER, raz\u00e3o pela qual s\u00e3o descartadas\u00a0 de nossa aten\u00e7\u00e3o, que em lugar delas, se volta a \u201cMim\u201d, ao \u201cEU SOU INFINITO\u201d, que mant\u00e9m o Universo como PERFEI\u00c7\u00c3O IMUT\u00c1VEL E ABSOLUTA,<em><strong> sem IMPERFEI\u00c7\u00d5ES de qualquer esp\u00e9cie!<\/strong><\/em><\/span><\/h2>\n<h2 style=\"text-align: center;\"><span style=\"color: #993300;\"><em><strong> *<\/strong><\/em><\/span><\/h2>\n","protected":false},"excerpt":{"rendered":"<p>N\u00e3o h\u00e1 revela\u00e7\u00e3o da Verdade que j\u00e1 n\u00e3o esteja evidenciada, aqui e agora, como verdadeira. A quest\u00e3o \u00e9 fundamentalmente a seguinte: TUDO PARECE SER BOM DEMAIS PARA SER VERDADE! As \u201capar\u00eancias\u201d, que s\u00e3o simples &#8220;imagens ilus\u00f3rias\u201d, atestam suas mentiras e falsidades visivelmente, e a humanidade, que s\u00f3 v\u00ea \u00a0como verdades as infinitas \u201cimagens de imperfei\u00e7\u00f5es\u201d &hellip; <\/p>\n<p class=\"link-more\"><a href=\"https:\/\/www.fachodeluz.blog.br\/wp\/2021\/04\/29\/a-onipresenca-da-perfeicao-atesta-a-ausencia-das-imperfeicoes\/\" class=\"more-link\">Leia mais<span class=\"screen-reader-text\"> &#8220;A ONIPRESEN\u00c7A DA PERFEI\u00c7\u00c3O ATESTA A AUS\u00caNCIA DAS IMPERFEI\u00c7\u00d5ES!&#8221;<\/span><\/a><\/p>\n","protected":false},"author":2,"featured_media":0,"comment_status":"open","ping_status":"closed","sticky":false,"template":"","format":"standard","meta":{"nf_dc_page":"","_crdt_document":"","footnotes":""},"categories":[1],"tags":[],"class_list":["post-28589","post","type-post","status-publish","format-standard","hentry","category-diversas"],"featured_media_urls":[],"_links":{"self":[{"href":"https:\/\/www.fachodeluz.blog.br\/wp\/wp-json\/wp\/v2\/posts\/28589","targetHints":{"allow":["GET"]}}],"collection":[{"href":"https:\/\/www.fachodeluz.blog.br\/wp\/wp-json\/wp\/v2\/posts"}],"about":[{"href":"https:\/\/www.fachodeluz.blog.br\/wp\/wp-json\/wp\/v2\/types\/post"}],"author":[{"embeddable":true,"href":"https:\/\/www.fachodeluz.blog.br\/wp\/wp-json\/wp\/v2\/users\/2"}],"replies":[{"embeddable":true,"href":"https:\/\/www.fachodeluz.blog.br\/wp\/wp-json\/wp\/v2\/comments?post=28589"}],"version-history":[{"count":0,"href":"https:\/\/www.fachodeluz.blog.br\/wp\/wp-json\/wp\/v2\/posts\/28589\/revisions"}],"wp:attachment":[{"href":"https:\/\/www.fachodeluz.blog.br\/wp\/wp-json\/wp\/v2\/media?parent=28589"}],"wp:term":[{"taxonomy":"category","embeddable":true,"href":"https:\/\/www.fachodeluz.blog.br\/wp\/wp-json\/wp\/v2\/categories?post=28589"},{"taxonomy":"post_tag","embeddable":true,"href":"https:\/\/www.fachodeluz.blog.br\/wp\/wp-json\/wp\/v2\/tags?post=28589"}],"curies":[{"name":"wp","href":"https:\/\/api.w.org\/{rel}","templated":true}]}}