{"id":3123,"date":"2009-07-10T09:39:37","date_gmt":"2009-07-10T12:39:37","guid":{"rendered":"http:\/\/fachodeluz.hostmach.com.br\/wp\/?p=3123"},"modified":"2009-07-10T09:39:37","modified_gmt":"2009-07-10T12:39:37","slug":"segue-me-tu","status":"publish","type":"post","link":"https:\/\/www.fachodeluz.blog.br\/wp\/2009\/07\/10\/segue-me-tu\/","title":{"rendered":"&quot;SEGUE-ME TU&quot;"},"content":{"rendered":"<div style=\"text-align: center;\"><span style=\"font-family: Splash; color: #800000; font-size: xx-large;\">&#8220;SEGUE-ME  TU&#8221;<\/span><\/div>\n<div style=\"text-align: center;\"><strong><span style=\"color: #800000;\">D\u00e1rcio<br \/>\n.<br \/>\n<\/span><\/strong><span style=\"color: #800000;\"><strong><span style=\"font-family: Monotype Corsiva; font-size: large;\">\u201cVendo Pedro a este, disse a Jesus: Senhor, e  deste que ser\u00e1? Disse-lhe Jesus: Se eu quero que ele fique at\u00e9 que eu venha, que  te importa a ti? Segue-me tu\u201d.<br \/>\n<\/span>Jo\u00e3o 20:21,  22.<br \/>\n<\/strong><br \/>\n.<\/p>\n<p><\/span><\/div>\n<div><strong><span style=\"font-family: Georgia; color: #800000; font-size: medium;\">O Reino de Deus \u00e9  atemporal. No G\u00eanesis, encontramos a declara\u00e7\u00e3o: \u201cE viu Deus tudo quando fizera,  e achou muito bom\u201d. E, em Eclesiastes, h\u00e1 a confirma\u00e7\u00e3o de que \u201cas obras de Deus  s\u00e3o permanentes: nada se-lhes pode acrescentar, e nada lhes tirar\u201d. Diante  destas Verdades, podemos compreender o que de in\u00edcio dissemos: O Reino de Deus,  imut\u00e1vel e perfeito, \u00e9 atemporal! Que \u00e9 o chamado \u201ctempo\u201d? Um conceito da mente  humana, mais nada! Isto significa que o estado iluminado j\u00e1 \u00e9 a condi\u00e7\u00e3o real de  todos n\u00f3s neste &#8220;agora&#8221;.Se analisarmos os fatos \u201csegundo as  apar\u00eancias\u201d, veremos \u201co tempo passando\u201d, com\u00a0 pessoas se mostrando com apar\u00eancia  de iluminadas, outras em processo de ilumina\u00e7\u00e3o, e outras em ignor\u00e2ncia  espiritual. Na passagem acima, vemos Pedro querendo saber de Jesus: \u201cE deste que  ser\u00e1?\u201d E teve por resposta: \u201cSe eu quero que ele fique at\u00e9 que eu venha, que te  importa a ti? Segue-me tu\u201d. Que sentido tem esta resposta? Se toda obra de Deus  \u00e9 boa, e\u00a0 permanente, cada um de n\u00f3s j\u00e1 \u00e9 esta OBRA PERFEITA! Que vem sendo  aceito? Que Jesus \u00e9 o filho unig\u00eanito e perfeito do Pai, e que toda a ra\u00e7a  humana \u00e9 diferente dele em natureza, cheia de pecados, problemas e defeitos.  Pedro, na passagem citada, estava \u201cvendo segundo as apar\u00eancias\u201d. Mas foi  corrigido por Jesus: \u201cQue te importa a ti? SEGUE-ME TU!\u201d.<\/p>\n<p>Cada um, que  se descobre sendo a OBRA PERMANENTEMENTE PERFEITA DE DEUS, endossa as palavras  de Deus e percebe a unidade \u201cEu e o Pai somos um\u201d. Entretanto, como vimos, o  tempo n\u00e3o existe como Realidade! TUDO \u00c9 AGORA! Se algu\u00e9m percebeu em SI MESMO a  revela\u00e7\u00e3o divina, ter\u00e1 percebido sua natureza genu\u00edna: O CRISTO! N\u00e3o foi este  momento glorioso que levou Paulo a declarar, em G\u00e1latas 2:20, \u201cO Cristo vive em  mim?\u201d Voltemos \u00e0 resposta de Jesus: \u201cSe eu quero que ele fique at\u00e9 que eu venha,  que te importa a ti?\u201d Nesta resposta est\u00e1 a base da Revela\u00e7\u00e3o absoluta! Quem  est\u00e1 \u201cseguindo a Cristo\u201d est\u00e1 sem julgar pelas apar\u00eancias! Est\u00e1 julgando  consoante \u201cjulgamento justo\u201d. Est\u00e1 no Reino atemporal em que somos todos um.  Est\u00e1 desperto para a Verdade de que Deus e Sua Obra s\u00e3o perfei\u00e7\u00e3o permanente, e  que todos J\u00c1 SOMOS esta Obra! Quem estiver desejoso de saber a respeito \u201cdo  outro\u201d, sobre \u201co que ser\u00e1 dele\u201d, estar\u00e1 deixando a pr\u00f3pria Luz de lado,  trocando-a pelo \u201cjulgamento pelas apar\u00eancias\u201d, deixando a Verdade e endossando a  ilus\u00e3o e a cren\u00e7a no tempo.<\/p>\n<p>Qual o sentido de \u201cSe eu quero que ele fique  at\u00e9 que eu venha?\u201d Jesus enfatiza a \u201cremo\u00e7\u00e3o da trave de nosso olho!\u201d O Cristo  vir\u00e1 \u201cno outro\u201d quando N\u00d3S O ENXERGARMOS com os olhos da Verdade! O v\u00e9u da  ilus\u00e3o ter\u00e1 sido banido de nossa vis\u00e3o! Juntamente com o \u201cjulgamento segundo as  apar\u00eancias\u201d. Em outras palavras, o Cristo sempre esteve sendo \u201co outro\u201d, e o  Fato apenas passou a ser reconhecido! Assim, a UNIDADE &#8220;eu e o outro somos um&#8221; \u00e9  discernida! DEUS \u00c9 TUDO, E A LUZ \u00c9 UMA!<\/p>\n<p><\/span><\/strong><\/div>\n<div><strong><span style=\"font-family: Georgia; color: #800000; font-size: medium;\"><br \/>\n\u201cSEGUE-ME TU\u201d,  disse Cristo, para que permane\u00e7amos em nossa Vis\u00e3o Iluminada! Nesta posi\u00e7\u00e3o de  comunh\u00e3o com Deus, estaremos contemplando o AGORA ATEMPORAL, momento eterno em  que Deus \u00e9 Cristo como todos n\u00f3s: o Alfa, o \u00d4mega, o Princ\u00edpio e o Fim. <\/span><\/strong><\/div>\n<div style=\"text-align: center;\"><strong><span style=\"font-family: Georgia; color: #800000; font-size: medium;\">.<\/span><\/strong><\/div>\n","protected":false},"excerpt":{"rendered":"<p>&#8220;SEGUE-ME TU&#8221; D\u00e1rcio . \u201cVendo Pedro a este, disse a Jesus: Senhor, e deste que ser\u00e1? Disse-lhe Jesus: Se eu quero que ele fique at\u00e9 que eu venha, que te importa a ti? Segue-me tu\u201d. Jo\u00e3o 20:21, 22. . O Reino de Deus \u00e9 atemporal. No G\u00eanesis, encontramos a declara\u00e7\u00e3o: \u201cE viu Deus tudo quando &hellip; <\/p>\n<p class=\"link-more\"><a href=\"https:\/\/www.fachodeluz.blog.br\/wp\/2009\/07\/10\/segue-me-tu\/\" class=\"more-link\">Leia mais<span class=\"screen-reader-text\"> &#8220;&quot;SEGUE-ME TU&quot;&#8221;<\/span><\/a><\/p>\n","protected":false},"author":2,"featured_media":0,"comment_status":"open","ping_status":"open","sticky":false,"template":"","format":"standard","meta":{"nf_dc_page":"","_crdt_document":"","footnotes":""},"categories":[10],"tags":[],"class_list":["post-3123","post","type-post","status-publish","format-standard","hentry","category-darcio-dezolt"],"featured_media_urls":[],"_links":{"self":[{"href":"https:\/\/www.fachodeluz.blog.br\/wp\/wp-json\/wp\/v2\/posts\/3123","targetHints":{"allow":["GET"]}}],"collection":[{"href":"https:\/\/www.fachodeluz.blog.br\/wp\/wp-json\/wp\/v2\/posts"}],"about":[{"href":"https:\/\/www.fachodeluz.blog.br\/wp\/wp-json\/wp\/v2\/types\/post"}],"author":[{"embeddable":true,"href":"https:\/\/www.fachodeluz.blog.br\/wp\/wp-json\/wp\/v2\/users\/2"}],"replies":[{"embeddable":true,"href":"https:\/\/www.fachodeluz.blog.br\/wp\/wp-json\/wp\/v2\/comments?post=3123"}],"version-history":[{"count":0,"href":"https:\/\/www.fachodeluz.blog.br\/wp\/wp-json\/wp\/v2\/posts\/3123\/revisions"}],"wp:attachment":[{"href":"https:\/\/www.fachodeluz.blog.br\/wp\/wp-json\/wp\/v2\/media?parent=3123"}],"wp:term":[{"taxonomy":"category","embeddable":true,"href":"https:\/\/www.fachodeluz.blog.br\/wp\/wp-json\/wp\/v2\/categories?post=3123"},{"taxonomy":"post_tag","embeddable":true,"href":"https:\/\/www.fachodeluz.blog.br\/wp\/wp-json\/wp\/v2\/tags?post=3123"}],"curies":[{"name":"wp","href":"https:\/\/api.w.org\/{rel}","templated":true}]}}