{"id":31664,"date":"2025-02-01T09:05:45","date_gmt":"2025-02-01T12:05:45","guid":{"rendered":"https:\/\/fachodeluz.blog.br\/wp\/?p=31664"},"modified":"2025-10-13T16:55:28","modified_gmt":"2025-10-13T19:55:28","slug":"mensagens-da-verdade-darcio-414","status":"publish","type":"post","link":"https:\/\/www.fachodeluz.blog.br\/wp\/2025\/02\/01\/mensagens-da-verdade-darcio-414\/","title":{"rendered":"Mensagens da Verdade (D\u00e1rcio) \u2013 414"},"content":{"rendered":"<p style=\"font-weight: 400; text-align: center;\"><span style=\"font-size: 48px; font-family: tahoma, arial, helvetica, sans-serif;\">414<\/span><\/p>\n<p style=\"font-weight: 400; text-align: center;\"><span style=\"font-size: 32px; font-family: tahoma, arial, helvetica, sans-serif;\"><em>\u201cO INFINITO E VOC\u00ca S\u00c3O UM\u201d<\/em><\/span><\/p>\n<p style=\"font-weight: 400; text-align: center;\">\n<p style=\"font-weight: 400; text-align: center;\"><span style=\"font-size: 24px; font-family: tahoma, arial, helvetica, sans-serif;\">Diante de um povo iludido pela CREN\u00c7A EM SEPARATIVIDADE,\u00a0 Jesus disse:\u00a0<em><strong>\u201cEu e o Pai somos um\u201d!<\/strong><\/em>\u00a0Verdade que soou como blasf\u00eamia, aos seus ouvintes. Mas estava revelando a Verdade universal, v\u00e1lida para ele, v\u00e1lida para todos! SOMENTE EXISTE DEUS! A UNIDADE PERFEITA ONIPRESENTE, QUE ABRANGE A TUDO E A TODOS!<\/span><\/p>\n<p style=\"font-weight: 400; text-align: center;\"><span style=\"font-size: 24px; font-family: tahoma, arial, helvetica, sans-serif;\"><strong><em>\u201dDeis-lhes a gl\u00f3ria para serem UM \u2013perfeitos em Unidade\u201d (Jo\u00e3o, 17: 22).<\/em><\/strong><\/span><\/p>\n<p style=\"font-weight: 400; text-align: center;\"><span style=\"font-size: 24px; font-family: tahoma, arial, helvetica, sans-serif;\"><strong>AFIRMA\u00c7\u00c3O DO DIA<\/strong><\/span><\/p>\n<p style=\"font-weight: 400; text-align: center;\"><span style=\"font-size: 24px; font-family: tahoma, arial, helvetica, sans-serif;\"><em>DEUS \u00c9 TUDO! Sendo Deus Esp\u00edrito,\u00a0<strong>o Infinito \u00e9 Esp\u00edrito,<\/strong><\/em>\u00a0<em>Se evidenciando como tudo e como todos em Unidade Perfeita! Afirmo desse modo a minha Presen\u00e7a, ou seja,\u00a0 reconhecendo que \u201c<strong>o Infinito e Eu somos um\u201d,<\/strong>\u00a0contemplando o TODO como a Onipresen\u00e7a do Bem infinito e contemplando a MIM MESMO como o Cristo em\u00a0<strong>unidade<\/strong>\u00a0com este Bem, que \u00e9 permanente!<\/em><\/span><\/p>\n","protected":false},"excerpt":{"rendered":"<p>414 \u201cO INFINITO E VOC\u00ca S\u00c3O UM\u201d Diante de um povo iludido pela CREN\u00c7A EM SEPARATIVIDADE,\u00a0 Jesus disse:\u00a0\u201cEu e o Pai somos um\u201d!\u00a0Verdade que soou como blasf\u00eamia, aos seus ouvintes. Mas estava revelando a Verdade universal, v\u00e1lida para ele, v\u00e1lida para todos! SOMENTE EXISTE DEUS! A UNIDADE PERFEITA ONIPRESENTE, QUE ABRANGE A TUDO E A &hellip; <\/p>\n<p class=\"link-more\"><a href=\"https:\/\/www.fachodeluz.blog.br\/wp\/2025\/02\/01\/mensagens-da-verdade-darcio-414\/\" class=\"more-link\">Leia mais<span class=\"screen-reader-text\"> &#8220;Mensagens da Verdade (D\u00e1rcio) \u2013 414&#8221;<\/span><\/a><\/p>\n","protected":false},"author":2,"featured_media":0,"comment_status":"open","ping_status":"closed","sticky":false,"template":"","format":"standard","meta":{"nf_dc_page":"","_crdt_document":"","footnotes":""},"categories":[10,94],"tags":[67,68,98],"class_list":["post-31664","post","type-post","status-publish","format-standard","hentry","category-darcio-dezolt","category-mensagens-da-verdade","tag-darciodezolt","tag-fachodeluz","tag-mensagensdaverdade"],"featured_media_urls":[],"_links":{"self":[{"href":"https:\/\/www.fachodeluz.blog.br\/wp\/wp-json\/wp\/v2\/posts\/31664","targetHints":{"allow":["GET"]}}],"collection":[{"href":"https:\/\/www.fachodeluz.blog.br\/wp\/wp-json\/wp\/v2\/posts"}],"about":[{"href":"https:\/\/www.fachodeluz.blog.br\/wp\/wp-json\/wp\/v2\/types\/post"}],"author":[{"embeddable":true,"href":"https:\/\/www.fachodeluz.blog.br\/wp\/wp-json\/wp\/v2\/users\/2"}],"replies":[{"embeddable":true,"href":"https:\/\/www.fachodeluz.blog.br\/wp\/wp-json\/wp\/v2\/comments?post=31664"}],"version-history":[{"count":1,"href":"https:\/\/www.fachodeluz.blog.br\/wp\/wp-json\/wp\/v2\/posts\/31664\/revisions"}],"predecessor-version":[{"id":31665,"href":"https:\/\/www.fachodeluz.blog.br\/wp\/wp-json\/wp\/v2\/posts\/31664\/revisions\/31665"}],"wp:attachment":[{"href":"https:\/\/www.fachodeluz.blog.br\/wp\/wp-json\/wp\/v2\/media?parent=31664"}],"wp:term":[{"taxonomy":"category","embeddable":true,"href":"https:\/\/www.fachodeluz.blog.br\/wp\/wp-json\/wp\/v2\/categories?post=31664"},{"taxonomy":"post_tag","embeddable":true,"href":"https:\/\/www.fachodeluz.blog.br\/wp\/wp-json\/wp\/v2\/tags?post=31664"}],"curies":[{"name":"wp","href":"https:\/\/api.w.org\/{rel}","templated":true}]}}