{"id":31676,"date":"2025-02-08T16:49:12","date_gmt":"2025-02-08T19:49:12","guid":{"rendered":"https:\/\/fachodeluz.blog.br\/wp\/?p=31676"},"modified":"2025-10-13T16:55:27","modified_gmt":"2025-10-13T19:55:27","slug":"mensagens-da-verdade-darcio-420","status":"publish","type":"post","link":"https:\/\/www.fachodeluz.blog.br\/wp\/2025\/02\/08\/mensagens-da-verdade-darcio-420\/","title":{"rendered":"Mensagens da Verdade (D\u00e1rcio) \u2013 420"},"content":{"rendered":"<p style=\"font-weight: 400; text-align: center;\"><span style=\"font-family: tahoma, arial, helvetica, sans-serif; font-size: 48px;\">420<\/span><\/p>\n<p style=\"font-weight: 400; text-align: center;\"><span style=\"font-family: tahoma, arial, helvetica, sans-serif; font-size: 32px;\"><em>\u00a0 \u201cA CONSCI\u00caNCIA ILUMINADA \u00c9 \u00daNICA\u201d<\/em><\/span><\/p>\n<p style=\"font-weight: 400; text-align: center;\">\n<p style=\"font-weight: 400; text-align: center;\"><span style=\"font-family: tahoma, arial, helvetica, sans-serif; font-size: 24px;\">Se, de um lado, h\u00e1 a aparente \u201cl\u00f3gica humana\u201d, que defende a ilus\u00f3ria exist\u00eancia material como real, de outro lado, h\u00e1 a percep\u00e7\u00e3o de que Deus jamais poderia deixar de ser\u00a0<strong><em>Consci\u00eancia onipresente,<\/em><\/strong>\u00a0sendo, portanto, a real Consci\u00eancia de cada um de n\u00f3s. Esta \u00e9 a Verdade difundida por todos os mestres, que ensinaram sem rodeios que \u201csomos Luz\u201d e n\u00e3o \u201cmat\u00e9ria\u201d.<\/span><\/p>\n<p style=\"font-weight: 400; text-align: center;\"><span style=\"font-family: tahoma, arial, helvetica, sans-serif; font-size: 24px;\"><em><strong>\u201cColocai no alto a vossa Luz\u201d,<\/strong><\/em>\u00a0disse Jesus, revelando em todos esta Presen\u00e7a iluminada na forma de Consci\u00eancia espiritual. Quando fizermos conscientemente a\u00a0<strong><em>identifica\u00e7\u00e3o<\/em><\/strong>\u00a0com esta Consci\u00eancia iluminada, e n\u00e3o mais com a ilus\u00f3ria \u201cmente humana\u201d, estaremos \u201cpraticando a Verdade\u201d.<\/span><\/p>\n<p style=\"font-weight: 400; text-align: center;\"><span style=\"font-family: tahoma, arial, helvetica, sans-serif; font-size: 24px;\"><strong>AFIRMA\u00c7\u00c3O DO DIA<\/strong><\/span><\/p>\n<p style=\"font-weight: 400; text-align: center;\"><span style=\"font-family: tahoma, arial, helvetica, sans-serif; font-size: 24px;\"><em>Assim como a ilus\u00f3ria \u201cmente humana\u201d capta um ilus\u00f3rio \u201cmundo terreno\u201d, a Consci\u00eancia iluminada onipresente capta o Reino de Deus. Nesta \u201ccontempla\u00e7\u00e3o silenciosa\u201d, identifico-me totalmente com a Consci\u00eancia iluminada de Deus, reconhecendo-a como a minha Consci\u00eancia, aqui e agora! Em outras palavras, \u201cEu\u00a0<strong>SOU<\/strong>\u00a0Consci\u00eancia iluminada!<\/em><\/span><\/p>\n","protected":false},"excerpt":{"rendered":"<p>420 \u00a0 \u201cA CONSCI\u00caNCIA ILUMINADA \u00c9 \u00daNICA\u201d Se, de um lado, h\u00e1 a aparente \u201cl\u00f3gica humana\u201d, que defende a ilus\u00f3ria exist\u00eancia material como real, de outro lado, h\u00e1 a percep\u00e7\u00e3o de que Deus jamais poderia deixar de ser\u00a0Consci\u00eancia onipresente,\u00a0sendo, portanto, a real Consci\u00eancia de cada um de n\u00f3s. Esta \u00e9 a Verdade difundida por todos &hellip; <\/p>\n<p class=\"link-more\"><a href=\"https:\/\/www.fachodeluz.blog.br\/wp\/2025\/02\/08\/mensagens-da-verdade-darcio-420\/\" class=\"more-link\">Leia mais<span class=\"screen-reader-text\"> &#8220;Mensagens da Verdade (D\u00e1rcio) \u2013 420&#8221;<\/span><\/a><\/p>\n","protected":false},"author":2,"featured_media":0,"comment_status":"open","ping_status":"closed","sticky":false,"template":"","format":"standard","meta":{"nf_dc_page":"","_crdt_document":"","footnotes":""},"categories":[10,94],"tags":[67,68,98],"class_list":["post-31676","post","type-post","status-publish","format-standard","hentry","category-darcio-dezolt","category-mensagens-da-verdade","tag-darciodezolt","tag-fachodeluz","tag-mensagensdaverdade"],"featured_media_urls":[],"_links":{"self":[{"href":"https:\/\/www.fachodeluz.blog.br\/wp\/wp-json\/wp\/v2\/posts\/31676","targetHints":{"allow":["GET"]}}],"collection":[{"href":"https:\/\/www.fachodeluz.blog.br\/wp\/wp-json\/wp\/v2\/posts"}],"about":[{"href":"https:\/\/www.fachodeluz.blog.br\/wp\/wp-json\/wp\/v2\/types\/post"}],"author":[{"embeddable":true,"href":"https:\/\/www.fachodeluz.blog.br\/wp\/wp-json\/wp\/v2\/users\/2"}],"replies":[{"embeddable":true,"href":"https:\/\/www.fachodeluz.blog.br\/wp\/wp-json\/wp\/v2\/comments?post=31676"}],"version-history":[{"count":1,"href":"https:\/\/www.fachodeluz.blog.br\/wp\/wp-json\/wp\/v2\/posts\/31676\/revisions"}],"predecessor-version":[{"id":31677,"href":"https:\/\/www.fachodeluz.blog.br\/wp\/wp-json\/wp\/v2\/posts\/31676\/revisions\/31677"}],"wp:attachment":[{"href":"https:\/\/www.fachodeluz.blog.br\/wp\/wp-json\/wp\/v2\/media?parent=31676"}],"wp:term":[{"taxonomy":"category","embeddable":true,"href":"https:\/\/www.fachodeluz.blog.br\/wp\/wp-json\/wp\/v2\/categories?post=31676"},{"taxonomy":"post_tag","embeddable":true,"href":"https:\/\/www.fachodeluz.blog.br\/wp\/wp-json\/wp\/v2\/tags?post=31676"}],"curies":[{"name":"wp","href":"https:\/\/api.w.org\/{rel}","templated":true}]}}