{"id":31690,"date":"2025-02-15T15:20:48","date_gmt":"2025-02-15T18:20:48","guid":{"rendered":"https:\/\/fachodeluz.blog.br\/wp\/?p=31690"},"modified":"2025-10-13T16:55:26","modified_gmt":"2025-10-13T19:55:26","slug":"mensagens-da-verdade-darcio-427","status":"publish","type":"post","link":"https:\/\/www.fachodeluz.blog.br\/wp\/2025\/02\/15\/mensagens-da-verdade-darcio-427\/","title":{"rendered":"Mensagens da Verdade (D\u00e1rcio) \u2013 427"},"content":{"rendered":"<p style=\"font-weight: 400; text-align: center;\"><span style=\"font-family: tahoma, arial, helvetica, sans-serif; font-size: 48px;\">427<\/span><\/p>\n<p style=\"font-weight: 400; text-align: center;\"><span style=\"font-family: tahoma, arial, helvetica, sans-serif; font-size: 32px;\"><em>\u201cA CENT\u00c9SIMA MARTELADA\u201d<\/em><\/span><\/p>\n<p style=\"font-weight: 400; text-align: center;\">\n<p style=\"font-weight: 400; text-align: center;\"><span style=\"font-family: tahoma, arial, helvetica, sans-serif; font-size: 24px;\"><em>Mary Baker Eddy,<\/em>\u00a0fundadora da\u00a0<strong><em>Ci\u00eancia Crist\u00e3,<\/em><\/strong>\u00a0perguntou o seguinte:\u00a0<strong><em>\u201cSe dermos marteladas numa pedra, e ela se quebrar na cent\u00e9sima, que ter\u00e1 produzido sua ruptura? A cent\u00e9sima? Ou as noventa e nove marteladas anteriores?\u201d<\/em><\/strong>\u00a0Com isto, estava explicando o \u201cefeito acumulativo\u201d das\u00a0<strong><em>ora\u00e7\u00f5es cient\u00edficas,<\/em><\/strong>\u00a0para que ningu\u00e9m desanimasse ou desistisse, antes de aparecerem os resultados.<\/span><\/p>\n<p style=\"font-weight: 400; text-align: center;\"><span style=\"font-family: tahoma, arial, helvetica, sans-serif; font-size: 24px;\">A\u00a0<em><strong>\u201cora\u00e7\u00e3o cient\u00edfica\u201d<\/strong><\/em>\u00a0difere das ora\u00e7\u00f5es populares, em que algu\u00e9m acredita ser um \u201ccarnal sofredor\u201d, ou um \u201cpecador\u201d, implorando a miseric\u00f3rdia de Deus.\u00a0<em><strong>\u201cO Pai sabe do que necessitais antes de Lho pedirdes\u201d,<\/strong><\/em>\u00a0ensinou Jesus. Voc\u00ea \u201cora cientificamente\u201d quando se v\u00ea\u00a0<strong>ESPIRITUALMENTE J\u00c1 PERFEITO E EM UNIDADE COM DEUS, PORTANTO, J\u00c1 CURADO, J\u00c1 PLENO, J\u00c1 COMPONDO A HARMONIA ONIPRESENTE DO INFINITO!<\/strong><\/span><\/p>\n<p style=\"font-weight: 400; text-align: center;\"><span style=\"font-family: tahoma, arial, helvetica, sans-serif; font-size: 24px;\">Que s\u00e3o as \u201capar\u00eancias desarm\u00f4nicas\u201d? S\u00c3O CREN\u00c7AS DA MENTE HUMANA! Portanto, n\u00e3o d\u00ea PODER ALGUM A ELAS! Fa\u00e7a decididamente a \u201cora\u00e7\u00e3o cient\u00edfica\u201d,\u00a0<strong><em>SEM ESMORECER,<\/em><\/strong>\u00a0at\u00e9 que possa ter a solu\u00e7\u00e3o visivelmente, seja na primeira, ou seja na cent\u00e9sima \u201cmartelada\u201d. JAMAIS DESISTA ANTES! Assim como cada martelada, com sua energia, leva \u00e0 pedra uma \u201cdose de ruptura\u201d, at\u00e9 que ela ceda e se arrebente, igualmente a energia de cada ora\u00e7\u00e3o se acumula em sua investida contra a CREN\u00c7A FALSA, demonstrando a Verdade de que\u00a0<strong><em>SOMENTE DEUS \u00c9 PRESEN\u00c7A E PODER!<\/em><\/strong><\/span><\/p>\n","protected":false},"excerpt":{"rendered":"<p>427 \u201cA CENT\u00c9SIMA MARTELADA\u201d Mary Baker Eddy,\u00a0fundadora da\u00a0Ci\u00eancia Crist\u00e3,\u00a0perguntou o seguinte:\u00a0\u201cSe dermos marteladas numa pedra, e ela se quebrar na cent\u00e9sima, que ter\u00e1 produzido sua ruptura? A cent\u00e9sima? Ou as noventa e nove marteladas anteriores?\u201d\u00a0Com isto, estava explicando o \u201cefeito acumulativo\u201d das\u00a0ora\u00e7\u00f5es cient\u00edficas,\u00a0para que ningu\u00e9m desanimasse ou desistisse, antes de aparecerem os resultados. A\u00a0\u201cora\u00e7\u00e3o cient\u00edfica\u201d\u00a0difere &hellip; <\/p>\n<p class=\"link-more\"><a href=\"https:\/\/www.fachodeluz.blog.br\/wp\/2025\/02\/15\/mensagens-da-verdade-darcio-427\/\" class=\"more-link\">Leia mais<span class=\"screen-reader-text\"> &#8220;Mensagens da Verdade (D\u00e1rcio) \u2013 427&#8221;<\/span><\/a><\/p>\n","protected":false},"author":2,"featured_media":0,"comment_status":"open","ping_status":"closed","sticky":false,"template":"","format":"standard","meta":{"nf_dc_page":"","_crdt_document":"","footnotes":""},"categories":[10,94],"tags":[67,68,98],"class_list":["post-31690","post","type-post","status-publish","format-standard","hentry","category-darcio-dezolt","category-mensagens-da-verdade","tag-darciodezolt","tag-fachodeluz","tag-mensagensdaverdade"],"featured_media_urls":[],"_links":{"self":[{"href":"https:\/\/www.fachodeluz.blog.br\/wp\/wp-json\/wp\/v2\/posts\/31690","targetHints":{"allow":["GET"]}}],"collection":[{"href":"https:\/\/www.fachodeluz.blog.br\/wp\/wp-json\/wp\/v2\/posts"}],"about":[{"href":"https:\/\/www.fachodeluz.blog.br\/wp\/wp-json\/wp\/v2\/types\/post"}],"author":[{"embeddable":true,"href":"https:\/\/www.fachodeluz.blog.br\/wp\/wp-json\/wp\/v2\/users\/2"}],"replies":[{"embeddable":true,"href":"https:\/\/www.fachodeluz.blog.br\/wp\/wp-json\/wp\/v2\/comments?post=31690"}],"version-history":[{"count":1,"href":"https:\/\/www.fachodeluz.blog.br\/wp\/wp-json\/wp\/v2\/posts\/31690\/revisions"}],"predecessor-version":[{"id":31691,"href":"https:\/\/www.fachodeluz.blog.br\/wp\/wp-json\/wp\/v2\/posts\/31690\/revisions\/31691"}],"wp:attachment":[{"href":"https:\/\/www.fachodeluz.blog.br\/wp\/wp-json\/wp\/v2\/media?parent=31690"}],"wp:term":[{"taxonomy":"category","embeddable":true,"href":"https:\/\/www.fachodeluz.blog.br\/wp\/wp-json\/wp\/v2\/categories?post=31690"},{"taxonomy":"post_tag","embeddable":true,"href":"https:\/\/www.fachodeluz.blog.br\/wp\/wp-json\/wp\/v2\/tags?post=31690"}],"curies":[{"name":"wp","href":"https:\/\/api.w.org\/{rel}","templated":true}]}}