{"id":31699,"date":"2025-02-21T09:56:08","date_gmt":"2025-02-21T12:56:08","guid":{"rendered":"https:\/\/fachodeluz.blog.br\/wp\/?p=31699"},"modified":"2025-10-13T16:55:26","modified_gmt":"2025-10-13T19:55:26","slug":"mensagens-da-verdade-darcio-431","status":"publish","type":"post","link":"https:\/\/www.fachodeluz.blog.br\/wp\/2025\/02\/21\/mensagens-da-verdade-darcio-431\/","title":{"rendered":"Mensagens da Verdade (D\u00e1rcio) \u2013 431"},"content":{"rendered":"<p style=\"font-weight: 400; text-align: center;\"><span style=\"font-family: tahoma, arial, helvetica, sans-serif; font-size: 48px;\">431<\/span><\/p>\n<p style=\"font-weight: 400; text-align: center;\"><span style=\"font-family: tahoma, arial, helvetica, sans-serif; font-size: 32px;\"><em>\u201cAQUELE QUE ME V\u00ca\u201d<\/em><\/span><\/p>\n<p style=\"font-weight: 400; text-align: center;\">\n<p style=\"font-weight: 400; text-align: center;\"><span style=\"font-family: tahoma, arial, helvetica, sans-serif; font-size: 24px;\">Uma frase de Jesus \u00e9 iluminadora, se for entendida a partir do\u00a0<em>Referencial Iluminado:<\/em>\u00a0<em><strong>\u201cAquele que me v\u00ea a MIM, v\u00ea o Pai\u201d.<\/strong><\/em>\u00a0N\u00e3o disse apenas\u00a0<strong><em>\u201cQuem me v\u00ea, v\u00ea o Pai\u201d.<\/em><\/strong>\u00a0Estava falando da Presen\u00e7a do Pai nele, como o seu\u00a0<strong><em>Esp\u00edrito.<\/em><\/strong>\u00a0O Evangelho todo \u00e9 pautado na Prsen\u00e7a do Pai em todos n\u00f3s.\u00a0<strong><em>\u201cN\u00e3o sabeis que sois o templo de Deus e que o Esp\u00edrito de Deus habita em v\u00f3s?\u201d<\/em><\/strong>\u00a0\u2013 indagava Paulo.<\/span><\/p>\n<p style=\"font-weight: 400; text-align: center;\"><span style=\"font-family: tahoma, arial, helvetica, sans-serif; font-size: 24px;\">O sentido real disso tudo tem a ver com cada um de n\u00f3s, quando paramos de nos identificar com a \u201cfigura humana\u201d, desenhada pela \u201cmente carnal\u201d, para, como fez Jesus, reconhecermos\u00a0<strong><em>o Esp\u00edrito do Pai em n\u00f3s.<\/em><\/strong>\u00a0Para o mundo, se algu\u00e9m se chamar Jo\u00e3o e disser:\u00a0<strong><em>\u201cQuem est\u00e1 me vendo?\u201d,<\/em><\/strong>\u00a0certamente aqueles que estiverem vendo\u00a0<strong><em>o Jo\u00e3o<\/em><\/strong>\u00a0ir\u00e3o se apresentar. Ningu\u00e9m dir\u00e1 \u201cestar vendo o Pai\u201d! E aqueles frequentadores das igrejas? Veriam a QUEM? A\u00a0<strong><em>JO\u00c3O<\/em><\/strong>\u00a0OU AO\u00a0<strong><em>PAI?<\/em><\/strong><\/span><\/p>\n<p style=\"font-weight: 400; text-align: center;\"><span style=\"font-family: tahoma, arial, helvetica, sans-serif; font-size: 24px;\">A\u00a0<em><strong>pr\u00e1tica da Verdade<\/strong><\/em>\u00a0est\u00e1 em reconhecermos a\u00a0<em><strong>Presen\u00e7a do Pai<\/strong><\/em>\u00a0em n\u00f3s e nos demais! Se o Esp\u00edrito de Deus \u201chabita em n\u00f3s\u201d, somos vivos com a Vida de Deus e nos movemos com o Esp\u00edrito de Deus! N\u00e3o foi isto que Paulo nos revelou?\u00a0<strong><em>\u201cEm Deus vivemos, nos movemos e temos o nosso ser\u201d\u00a0<\/em><\/strong>(Atos 17: 28). Por que as pessoas n\u00e3o assumem para si mesmas as revela\u00e7\u00f5es?\u00a0<strong><em>Porque foram ensinadas que s\u00f3 Jesus \u00e9 Deus!<\/em><\/strong>\u00a0Se dissermos que\u00a0<em><strong>somos o Esp\u00edrito de Deus,<\/strong><\/em>\u00a0iguais a ele, o condicionamento criado pelas igrejas falar\u00e1 mais alto, e a Verdade ser\u00e1 tomada como\u00a0<strong><em>heresia.<\/em><\/strong><\/span><\/p>\n<p style=\"font-weight: 400; text-align: center;\"><span style=\"font-family: tahoma, arial, helvetica, sans-serif; font-size: 24px;\">Quem assimilar as duas cita\u00e7\u00f5es de Paulo, ligando-as a si mesmo, estar\u00e1 entendendo o\u00a0<strong><em>Evangelho,<\/em><\/strong>\u00a0que nunca foi acreditar em Deus s\u00f3 em Jesus, mas, igualmente\u00a0<strong><em>presente em todos n\u00f3s!<\/em><\/strong>\u00a0E voc\u00ea, no caso, poder\u00e1 dizer a si mesmo:\u00a0<strong><em>\u201cAquele que me v\u00ea a MIM, v\u00ea o Pai\u201d,\u00a0<\/em><\/strong>desde que \u201cse negue como carnal\u201d para reconhecer que\u00a0<strong><em>\u201cno Pai \u00e9 que vive, se move e tem o seu ser\u201d!<\/em><\/strong><\/span><\/p>\n","protected":false},"excerpt":{"rendered":"<p>431 \u201cAQUELE QUE ME V\u00ca\u201d Uma frase de Jesus \u00e9 iluminadora, se for entendida a partir do\u00a0Referencial Iluminado:\u00a0\u201cAquele que me v\u00ea a MIM, v\u00ea o Pai\u201d.\u00a0N\u00e3o disse apenas\u00a0\u201cQuem me v\u00ea, v\u00ea o Pai\u201d.\u00a0Estava falando da Presen\u00e7a do Pai nele, como o seu\u00a0Esp\u00edrito.\u00a0O Evangelho todo \u00e9 pautado na Prsen\u00e7a do Pai em todos n\u00f3s.\u00a0\u201cN\u00e3o sabeis que &hellip; <\/p>\n<p class=\"link-more\"><a href=\"https:\/\/www.fachodeluz.blog.br\/wp\/2025\/02\/21\/mensagens-da-verdade-darcio-431\/\" class=\"more-link\">Leia mais<span class=\"screen-reader-text\"> &#8220;Mensagens da Verdade (D\u00e1rcio) \u2013 431&#8221;<\/span><\/a><\/p>\n","protected":false},"author":2,"featured_media":0,"comment_status":"open","ping_status":"closed","sticky":false,"template":"","format":"standard","meta":{"nf_dc_page":"","_crdt_document":"","footnotes":""},"categories":[10,94],"tags":[67,68,98],"class_list":["post-31699","post","type-post","status-publish","format-standard","hentry","category-darcio-dezolt","category-mensagens-da-verdade","tag-darciodezolt","tag-fachodeluz","tag-mensagensdaverdade"],"featured_media_urls":[],"_links":{"self":[{"href":"https:\/\/www.fachodeluz.blog.br\/wp\/wp-json\/wp\/v2\/posts\/31699","targetHints":{"allow":["GET"]}}],"collection":[{"href":"https:\/\/www.fachodeluz.blog.br\/wp\/wp-json\/wp\/v2\/posts"}],"about":[{"href":"https:\/\/www.fachodeluz.blog.br\/wp\/wp-json\/wp\/v2\/types\/post"}],"author":[{"embeddable":true,"href":"https:\/\/www.fachodeluz.blog.br\/wp\/wp-json\/wp\/v2\/users\/2"}],"replies":[{"embeddable":true,"href":"https:\/\/www.fachodeluz.blog.br\/wp\/wp-json\/wp\/v2\/comments?post=31699"}],"version-history":[{"count":1,"href":"https:\/\/www.fachodeluz.blog.br\/wp\/wp-json\/wp\/v2\/posts\/31699\/revisions"}],"predecessor-version":[{"id":31700,"href":"https:\/\/www.fachodeluz.blog.br\/wp\/wp-json\/wp\/v2\/posts\/31699\/revisions\/31700"}],"wp:attachment":[{"href":"https:\/\/www.fachodeluz.blog.br\/wp\/wp-json\/wp\/v2\/media?parent=31699"}],"wp:term":[{"taxonomy":"category","embeddable":true,"href":"https:\/\/www.fachodeluz.blog.br\/wp\/wp-json\/wp\/v2\/categories?post=31699"},{"taxonomy":"post_tag","embeddable":true,"href":"https:\/\/www.fachodeluz.blog.br\/wp\/wp-json\/wp\/v2\/tags?post=31699"}],"curies":[{"name":"wp","href":"https:\/\/api.w.org\/{rel}","templated":true}]}}