{"id":31707,"date":"2025-02-25T10:03:52","date_gmt":"2025-02-25T13:03:52","guid":{"rendered":"https:\/\/fachodeluz.blog.br\/wp\/?p=31707"},"modified":"2025-10-13T16:55:25","modified_gmt":"2025-10-13T19:55:25","slug":"mensagens-da-verdade-darcio-435","status":"publish","type":"post","link":"https:\/\/www.fachodeluz.blog.br\/wp\/2025\/02\/25\/mensagens-da-verdade-darcio-435\/","title":{"rendered":"Mensagens da Verdade (D\u00e1rcio) \u2013 435"},"content":{"rendered":"<p style=\"font-weight: 400; text-align: center;\"><span style=\"font-family: tahoma, arial, helvetica, sans-serif; font-size: 48px;\">435<\/span><\/p>\n<p style=\"font-weight: 400; text-align: center;\"><span style=\"font-family: tahoma, arial, helvetica, sans-serif; font-size: 32px;\"><em>\u201cIMAGINA\u00c7\u00c3O E FOR\u00c7A DE VONTADE\u201d<\/em><\/span><\/p>\n<p style=\"font-weight: 400; text-align: center;\">\n<p style=\"font-weight: 400; text-align: center;\"><span style=\"font-family: tahoma, arial, helvetica, sans-serif; font-size: 24px;\">Se algu\u00e9m tiver for\u00e7a de vontade para andar\u00a0 e atravessar uma avenida,\u00a0 usando uma\u00a0 passarela de apenas um metro de largura e quinze de comprimento, ele o far\u00e1 sem problema algum; por\u00e9m, se retir\u00e1ssemos as suas laterais,\u00a0 mantendo a largura de um metro, caso ergu\u00eassemos a passarela a 200 metros de altura, ele vacilaria e correria s\u00e9rio risco de cair! Por qu\u00ea? Por ter entrado em cena a sua \u201cimagina\u00e7\u00e3o do perigo\u201d, do medo de correr aquele risco!<\/span><\/p>\n<p style=\"font-weight: 400; text-align: center;\"><span style=\"font-family: tahoma, arial, helvetica, sans-serif; font-size: 24px;\">A \u201cimagina\u00e7\u00e3o\u201d suplanta a \u201cfor\u00e7a de vontade\u201d, e esta condi\u00e7\u00e3o mental pode e deve ser utilizada para o benef\u00edcio da pessoa. Se algu\u00e9m reconhecer que h\u00e1, em si mesmo, a Presen\u00e7a de Deus, se em vez de apenas desejar manifestar esta Presen\u00e7a com a \u201cfor\u00e7a de vontade\u201d, ele ativar a sua \u201cimagina\u00e7\u00e3o\u201d, visualizando sem esfor\u00e7o a Luz divina Se irradiando poderosamente a partir do Centro de seu Ser, ir\u00e1 sentir \u201cdesbloquear\u201d a mente, dando melhores condi\u00e7\u00f5es de esta Luz resplandecer. N\u00e3o estar\u00e1 alterando nada em Deus, mas, na mente, a tens\u00e3o se reduzir\u00e1, e ela se mostrar\u00e1 desanuviada pela a\u00e7\u00e3o da \u201cimagina\u00e7\u00e3o\u201d.<\/span><\/p>\n<p style=\"font-weight: 400; text-align: center;\"><span style=\"font-family: tahoma, arial, helvetica, sans-serif; font-size: 24px;\">Aqueles que se habituaram a fazer sua\u00a0<strong><em>identifica\u00e7\u00e3o<\/em><\/strong>\u00a0com a \u201cMente de Cristo\u201d, que \u00e9 a Mente real de todos n\u00f3s, unicamente devem permanecer em sil\u00eancio, contemplando em si mesmos a livre a\u00e7\u00e3o desta Mente divina, sem querer \u201cajud\u00e1-la\u201d. Durante suas \u201ccontempla\u00e7\u00f5es\u201d, a suposta \u201cmente humana\u201d lhes ser\u00e1 uma total\u00a0<strong><em>\u201caus\u00eancia\u201d.<\/em><\/strong><\/span><\/p>\n","protected":false},"excerpt":{"rendered":"<p>435 \u201cIMAGINA\u00c7\u00c3O E FOR\u00c7A DE VONTADE\u201d Se algu\u00e9m tiver for\u00e7a de vontade para andar\u00a0 e atravessar uma avenida,\u00a0 usando uma\u00a0 passarela de apenas um metro de largura e quinze de comprimento, ele o far\u00e1 sem problema algum; por\u00e9m, se retir\u00e1ssemos as suas laterais,\u00a0 mantendo a largura de um metro, caso ergu\u00eassemos a passarela a 200 &hellip; <\/p>\n<p class=\"link-more\"><a href=\"https:\/\/www.fachodeluz.blog.br\/wp\/2025\/02\/25\/mensagens-da-verdade-darcio-435\/\" class=\"more-link\">Leia mais<span class=\"screen-reader-text\"> &#8220;Mensagens da Verdade (D\u00e1rcio) \u2013 435&#8221;<\/span><\/a><\/p>\n","protected":false},"author":2,"featured_media":0,"comment_status":"open","ping_status":"closed","sticky":false,"template":"","format":"standard","meta":{"nf_dc_page":"","_crdt_document":"","footnotes":""},"categories":[10,94],"tags":[67,68,98],"class_list":["post-31707","post","type-post","status-publish","format-standard","hentry","category-darcio-dezolt","category-mensagens-da-verdade","tag-darciodezolt","tag-fachodeluz","tag-mensagensdaverdade"],"featured_media_urls":[],"_links":{"self":[{"href":"https:\/\/www.fachodeluz.blog.br\/wp\/wp-json\/wp\/v2\/posts\/31707","targetHints":{"allow":["GET"]}}],"collection":[{"href":"https:\/\/www.fachodeluz.blog.br\/wp\/wp-json\/wp\/v2\/posts"}],"about":[{"href":"https:\/\/www.fachodeluz.blog.br\/wp\/wp-json\/wp\/v2\/types\/post"}],"author":[{"embeddable":true,"href":"https:\/\/www.fachodeluz.blog.br\/wp\/wp-json\/wp\/v2\/users\/2"}],"replies":[{"embeddable":true,"href":"https:\/\/www.fachodeluz.blog.br\/wp\/wp-json\/wp\/v2\/comments?post=31707"}],"version-history":[{"count":1,"href":"https:\/\/www.fachodeluz.blog.br\/wp\/wp-json\/wp\/v2\/posts\/31707\/revisions"}],"predecessor-version":[{"id":31708,"href":"https:\/\/www.fachodeluz.blog.br\/wp\/wp-json\/wp\/v2\/posts\/31707\/revisions\/31708"}],"wp:attachment":[{"href":"https:\/\/www.fachodeluz.blog.br\/wp\/wp-json\/wp\/v2\/media?parent=31707"}],"wp:term":[{"taxonomy":"category","embeddable":true,"href":"https:\/\/www.fachodeluz.blog.br\/wp\/wp-json\/wp\/v2\/categories?post=31707"},{"taxonomy":"post_tag","embeddable":true,"href":"https:\/\/www.fachodeluz.blog.br\/wp\/wp-json\/wp\/v2\/tags?post=31707"}],"curies":[{"name":"wp","href":"https:\/\/api.w.org\/{rel}","templated":true}]}}