{"id":31739,"date":"2025-03-07T18:57:24","date_gmt":"2025-03-07T21:57:24","guid":{"rendered":"https:\/\/fachodeluz.blog.br\/wp\/?p=31739"},"modified":"2025-10-13T16:55:24","modified_gmt":"2025-10-13T19:55:24","slug":"mensagens-da-verdade-darcio-445","status":"publish","type":"post","link":"https:\/\/www.fachodeluz.blog.br\/wp\/2025\/03\/07\/mensagens-da-verdade-darcio-445\/","title":{"rendered":"Mensagens da Verdade (D\u00e1rcio) \u2013 445"},"content":{"rendered":"<p style=\"font-weight: 400; text-align: center;\"><span style=\"font-family: tahoma, arial, helvetica, sans-serif; font-size: 48px;\">445<\/span><\/p>\n<p style=\"font-weight: 400; text-align: center;\"><span style=\"font-family: tahoma, arial, helvetica, sans-serif; font-size: 32px;\"><em>\u201cORA\u00c7\u00c3O DE N\u00c3O SE FAZER NADA\u201d<\/em><\/span><\/p>\n<p style=\"font-weight: 400; text-align: center;\">\n<p style=\"font-weight: 400; text-align: center;\"><span style=\"font-family: tahoma, arial, helvetica, sans-serif; font-size: 24px;\">Como\u00a0<strong><em>DEUS \u00c9 TUDO,<\/em><\/strong>\u00a0numa \u201cora\u00e7\u00e3o correta\u201d, voc\u00ea nada tem a fazer; DEUS j\u00e1 est\u00e1 sendo VOC\u00ca, j\u00e1 est\u00e1 mantendo\u00a0 a sua PERFEI\u00c7\u00c3O, e, para n\u00e3o dizer que\u00a0 voc\u00ea n\u00e3o ter\u00e1 fun\u00e7\u00e3o nenhuma, ir\u00e1\u00a0<strong><em>unicamente \u201cdar testemunho\u201d<\/em><\/strong>\u00a0da atua\u00e7\u00e3o de Deus sendo Deus, ou seja, aceitar que DEUS \u00c9 DEUS UNIVERSALMENTE e, em vista disso, aceitar que DEUS \u00c9 DEUS ESPECIFICAMENTE, isto \u00e9,\u00a0<strong><em>DEUS \u00c9 DEUS COMO UNIVERSO<\/em><\/strong>\u00a0E\u00a0<strong><em>DEUS \u00c9 DEUS COMO O FILHO QUE VOC\u00ca \u00c9!<\/em><\/strong><\/span><\/p>\n<p style=\"font-weight: 400; text-align: center;\"><span style=\"font-family: tahoma, arial, helvetica, sans-serif; font-size: 24px;\">Jesus bem sabia disso, pois disse:\u00a0<em><strong>\u201cEu, de mim mesmo, nada sou e nada fa\u00e7o: o Pai em mim faz as obras\u201d!<\/strong>\u00a0Fa\u00e7a sua\u00a0<strong>\u201cora\u00e7\u00e3o de n\u00e3o fazer nada\u201d,<\/strong>\u00a0dentro desse mesmo entendimento iluminado de Jesus!<\/em><\/span><\/p>\n","protected":false},"excerpt":{"rendered":"<p>445 \u201cORA\u00c7\u00c3O DE N\u00c3O SE FAZER NADA\u201d Como\u00a0DEUS \u00c9 TUDO,\u00a0numa \u201cora\u00e7\u00e3o correta\u201d, voc\u00ea nada tem a fazer; DEUS j\u00e1 est\u00e1 sendo VOC\u00ca, j\u00e1 est\u00e1 mantendo\u00a0 a sua PERFEI\u00c7\u00c3O, e, para n\u00e3o dizer que\u00a0 voc\u00ea n\u00e3o ter\u00e1 fun\u00e7\u00e3o nenhuma, ir\u00e1\u00a0unicamente \u201cdar testemunho\u201d\u00a0da atua\u00e7\u00e3o de Deus sendo Deus, ou seja, aceitar que DEUS \u00c9 DEUS UNIVERSALMENTE e, &hellip; <\/p>\n<p class=\"link-more\"><a href=\"https:\/\/www.fachodeluz.blog.br\/wp\/2025\/03\/07\/mensagens-da-verdade-darcio-445\/\" class=\"more-link\">Leia mais<span class=\"screen-reader-text\"> &#8220;Mensagens da Verdade (D\u00e1rcio) \u2013 445&#8221;<\/span><\/a><\/p>\n","protected":false},"author":2,"featured_media":0,"comment_status":"open","ping_status":"closed","sticky":false,"template":"","format":"standard","meta":{"nf_dc_page":"","_crdt_document":"","footnotes":""},"categories":[10,94],"tags":[67,68,98],"class_list":["post-31739","post","type-post","status-publish","format-standard","hentry","category-darcio-dezolt","category-mensagens-da-verdade","tag-darciodezolt","tag-fachodeluz","tag-mensagensdaverdade"],"featured_media_urls":[],"_links":{"self":[{"href":"https:\/\/www.fachodeluz.blog.br\/wp\/wp-json\/wp\/v2\/posts\/31739","targetHints":{"allow":["GET"]}}],"collection":[{"href":"https:\/\/www.fachodeluz.blog.br\/wp\/wp-json\/wp\/v2\/posts"}],"about":[{"href":"https:\/\/www.fachodeluz.blog.br\/wp\/wp-json\/wp\/v2\/types\/post"}],"author":[{"embeddable":true,"href":"https:\/\/www.fachodeluz.blog.br\/wp\/wp-json\/wp\/v2\/users\/2"}],"replies":[{"embeddable":true,"href":"https:\/\/www.fachodeluz.blog.br\/wp\/wp-json\/wp\/v2\/comments?post=31739"}],"version-history":[{"count":1,"href":"https:\/\/www.fachodeluz.blog.br\/wp\/wp-json\/wp\/v2\/posts\/31739\/revisions"}],"predecessor-version":[{"id":31740,"href":"https:\/\/www.fachodeluz.blog.br\/wp\/wp-json\/wp\/v2\/posts\/31739\/revisions\/31740"}],"wp:attachment":[{"href":"https:\/\/www.fachodeluz.blog.br\/wp\/wp-json\/wp\/v2\/media?parent=31739"}],"wp:term":[{"taxonomy":"category","embeddable":true,"href":"https:\/\/www.fachodeluz.blog.br\/wp\/wp-json\/wp\/v2\/categories?post=31739"},{"taxonomy":"post_tag","embeddable":true,"href":"https:\/\/www.fachodeluz.blog.br\/wp\/wp-json\/wp\/v2\/tags?post=31739"}],"curies":[{"name":"wp","href":"https:\/\/api.w.org\/{rel}","templated":true}]}}