{"id":31785,"date":"2025-03-25T18:23:48","date_gmt":"2025-03-25T21:23:48","guid":{"rendered":"https:\/\/fachodeluz.blog.br\/wp\/?p=31785"},"modified":"2025-10-13T16:55:21","modified_gmt":"2025-10-13T19:55:21","slug":"mensagens-da-verdade-darcio-463","status":"publish","type":"post","link":"https:\/\/www.fachodeluz.blog.br\/wp\/2025\/03\/25\/mensagens-da-verdade-darcio-463\/","title":{"rendered":"Mensagens da Verdade (D\u00e1rcio) \u2013 463"},"content":{"rendered":"<p style=\"font-weight: 400; text-align: center;\"><span style=\"font-family: tahoma, arial, helvetica, sans-serif; font-size: 48px;\">463<\/span><\/p>\n<p style=\"font-weight: 400; text-align: center;\"><span style=\"font-family: tahoma, arial, helvetica, sans-serif; font-size: 32px;\"><em>\u201cN\u00c3O ESTOU S\u00d3\u201d<\/em><\/span><\/p>\n<p style=\"font-weight: 400; text-align: center;\">\n<p style=\"font-weight: 400; text-align: center;\"><span style=\"font-family: tahoma, arial, helvetica, sans-serif; font-size: 24px;\">H\u00e1 pessoas, em constante atividade, que, vendo algo de outra para ser feito, at\u00e9 se oferecem para fazer por ela. Tais pessoas n\u00e3o se sentem depressivas nem cansadas; antes, j\u00e1 se julgam\u00a0<em><strong>\u201ccom a m\u00e3o na massa\u201d<\/strong><\/em>\u00a0e, incluir alguma coisa do pr\u00f3ximo em seu roteiro, para elas, n\u00e3o seria transtorno algum!<\/span><\/p>\n<p style=\"font-weight: 400; text-align: center;\"><span style=\"font-family: tahoma, arial, helvetica, sans-serif; font-size: 24px;\">Por outro lado, h\u00e1 aquelas acomodadas, inseguras, sempre tendo algo a ser feito, mas que v\u00e3o deixando para depois, ou esperando que algu\u00e9m apare\u00e7a e\u00a0 as ajude ou fa\u00e7a para elas. Para entender a vida, \u00e9 de vital import\u00e2ncia o conhecimento da Verdade:\u00a0<strong><em>\u201cO Pai, em mim, faz as obras\u201d!<\/em><\/strong>\u00a0Uma abertura interna a este Fato permanente\u00a0<strong><em>faz jorrar a FOR\u00c7A INFINITA<\/em><\/strong>\u00a0 que se aloja em todos n\u00f3s!\u00a0<strong><em>Quanto mais a usamos, mais ela se manifesta,<\/em><\/strong>\u00a0e isto demonstra a Verdade de que, realmente,\u00a0<strong><em>\u201co Esp\u00edrito de Deus habita em n\u00f3s\u201d!<\/em><\/strong><\/span><\/p>\n<p style=\"font-weight: 400; text-align: center;\"><span style=\"font-family: tahoma, arial, helvetica, sans-serif; font-size: 24px;\">Seja do grupo que\u00a0<strong><em>\u201c sempre d\u00ea conta de seus afazeres\u201d,<\/em><\/strong>\u00a0deixando-os sempre bem feitos e em dia! De tempos em tempos, em seu dia a dia, pare com tudo por alguns segundos,\u00a0 e reconhe\u00e7a a Verdade:\u00a0<strong><em>\u201cH\u00e1 uma For\u00e7a infinita jorrando do Centro de meu Ser, que \u00e9 Deus!\u201d.<\/em><\/strong>\u00a0Ver\u00e1 que as coisas ser\u00e3o feitas com efici\u00eancia, sem cansa\u00e7o, sem medo ou inseguran\u00e7a, por ter sido anulada a \u201ccren\u00e7a\u201d de que um suposto \u201cser humano\u201d \u00e9 quem teria de tudo resolver, quanto \u00e0 sua vida! A Verdade \u00e9 outra, deixada bem claro por Jesus:<strong><em>\u00a0\u201cN\u00e3o estou s\u00f3; o Pai est\u00e1 sempre comigo! Eu e o Pai somos um!\u201d.<\/em><\/strong><\/span><\/p>\n<p style=\"font-weight: 400; text-align: center;\"><span style=\"font-family: tahoma, arial, helvetica, sans-serif; font-size: 24px;\">Esta Verdade \u00e9 v\u00e1lida para qualquer um de n\u00f3s, desde que a\u00a0<strong><em>reconhe\u00e7amos!<\/em><\/strong><\/span><\/p>\n","protected":false},"excerpt":{"rendered":"<p>463 \u201cN\u00c3O ESTOU S\u00d3\u201d H\u00e1 pessoas, em constante atividade, que, vendo algo de outra para ser feito, at\u00e9 se oferecem para fazer por ela. Tais pessoas n\u00e3o se sentem depressivas nem cansadas; antes, j\u00e1 se julgam\u00a0\u201ccom a m\u00e3o na massa\u201d\u00a0e, incluir alguma coisa do pr\u00f3ximo em seu roteiro, para elas, n\u00e3o seria transtorno algum! Por &hellip; <\/p>\n<p class=\"link-more\"><a href=\"https:\/\/www.fachodeluz.blog.br\/wp\/2025\/03\/25\/mensagens-da-verdade-darcio-463\/\" class=\"more-link\">Leia mais<span class=\"screen-reader-text\"> &#8220;Mensagens da Verdade (D\u00e1rcio) \u2013 463&#8221;<\/span><\/a><\/p>\n","protected":false},"author":2,"featured_media":0,"comment_status":"open","ping_status":"closed","sticky":false,"template":"","format":"standard","meta":{"nf_dc_page":"","_crdt_document":"","footnotes":""},"categories":[10,94],"tags":[67,68,98],"class_list":["post-31785","post","type-post","status-publish","format-standard","hentry","category-darcio-dezolt","category-mensagens-da-verdade","tag-darciodezolt","tag-fachodeluz","tag-mensagensdaverdade"],"featured_media_urls":[],"_links":{"self":[{"href":"https:\/\/www.fachodeluz.blog.br\/wp\/wp-json\/wp\/v2\/posts\/31785","targetHints":{"allow":["GET"]}}],"collection":[{"href":"https:\/\/www.fachodeluz.blog.br\/wp\/wp-json\/wp\/v2\/posts"}],"about":[{"href":"https:\/\/www.fachodeluz.blog.br\/wp\/wp-json\/wp\/v2\/types\/post"}],"author":[{"embeddable":true,"href":"https:\/\/www.fachodeluz.blog.br\/wp\/wp-json\/wp\/v2\/users\/2"}],"replies":[{"embeddable":true,"href":"https:\/\/www.fachodeluz.blog.br\/wp\/wp-json\/wp\/v2\/comments?post=31785"}],"version-history":[{"count":1,"href":"https:\/\/www.fachodeluz.blog.br\/wp\/wp-json\/wp\/v2\/posts\/31785\/revisions"}],"predecessor-version":[{"id":31786,"href":"https:\/\/www.fachodeluz.blog.br\/wp\/wp-json\/wp\/v2\/posts\/31785\/revisions\/31786"}],"wp:attachment":[{"href":"https:\/\/www.fachodeluz.blog.br\/wp\/wp-json\/wp\/v2\/media?parent=31785"}],"wp:term":[{"taxonomy":"category","embeddable":true,"href":"https:\/\/www.fachodeluz.blog.br\/wp\/wp-json\/wp\/v2\/categories?post=31785"},{"taxonomy":"post_tag","embeddable":true,"href":"https:\/\/www.fachodeluz.blog.br\/wp\/wp-json\/wp\/v2\/tags?post=31785"}],"curies":[{"name":"wp","href":"https:\/\/api.w.org\/{rel}","templated":true}]}}