{"id":31812,"date":"2025-04-01T18:02:09","date_gmt":"2025-04-01T21:02:09","guid":{"rendered":"https:\/\/fachodeluz.blog.br\/wp\/?p=31812"},"modified":"2025-10-13T16:55:20","modified_gmt":"2025-10-13T19:55:20","slug":"mensagens-da-verdade-darcio-470","status":"publish","type":"post","link":"https:\/\/www.fachodeluz.blog.br\/wp\/2025\/04\/01\/mensagens-da-verdade-darcio-470\/","title":{"rendered":"Mensagens da Verdade (D\u00e1rcio) \u2013 470"},"content":{"rendered":"<p style=\"font-weight: 400; text-align: center;\"><span style=\"font-family: tahoma, arial, helvetica, sans-serif; font-size: 48px;\">470<\/span><\/p>\n<p style=\"font-weight: 400; text-align: center;\"><span style=\"font-family: tahoma, arial, helvetica, sans-serif; font-size: 32px;\"><em>\u201cSOB A A\u00c7\u00c3O DO PODER \u00daNICO\u201d<\/em><\/span><\/p>\n<p style=\"font-weight: 400; text-align: center;\">\n<p style=\"font-weight: 400; text-align: center;\"><span style=\"font-family: tahoma, arial, helvetica, sans-serif; font-size: 24px;\">Jesus explicou que<strong><em>\u00a0\u201cDeus \u00e9 Esp\u00edrito\u201d,<\/em><\/strong>\u00a0e disse tamb\u00e9m que\u00a0<strong><em>\u201cpara Deus tudo \u00e9 poss\u00edvel\u201d.<\/em><\/strong>\u00a0Se a humanidade n\u00e3o estivesse sob o\u00a0<em><strong>\u201chipnotismo de massa\u201d,<\/strong><\/em>\u00a0e ouvisse estas revela\u00e7\u00f5es, certamente n\u00e3o largaria delas por nada! Por isso esta suposta mente humana precisa ser recha\u00e7ada, a ponto de cada se sentir livre para meditar e perceber a Mente onipotente\u00a0<strong><em>presente,\u00a0<\/em><\/strong>exatamente onde\u00a0<em><strong>parecia existir<\/strong><\/em>\u00a0\u201cmente humana\u201d! O estado hipn\u00f3tico faz parecer que a mente humana existe! Sem o estado hipn\u00f3tico, a Verdade,\u00a0<strong><em>DEUS \u00c9 TUDO,<\/em><\/strong>\u00a0\u00e9 de imediato discernida\u00a0<strong><em>espiritualmente.<\/em><\/strong><\/span><\/p>\n<p style=\"font-weight: 400; text-align: center;\"><span style=\"font-family: tahoma, arial, helvetica, sans-serif; font-size: 24px;\">Estes princ\u00edpios precisam ser apreendidos e colocados em pr\u00e1tica\u00a0<strong><em>intuitivamente,<\/em><\/strong>\u00a0ou seja, aceitos com \u201ccora\u00e7\u00e3o de menino\u201d.<\/span><\/p>\n<p style=\"font-weight: 400; text-align: center;\"><span style=\"font-family: tahoma, arial, helvetica, sans-serif; font-size: 24px;\">Caso algu\u00e9m esteja acreditando passar por algum problema, como estes princ\u00edpios poder\u00e3o ser-lhe \u00fateis?\u00a0<em><strong>Se Deus \u00e9 Esp\u00edrito, e tudo a Deus \u00e9 poss\u00edvel, ele n\u00e3o dever\u00e1 acreditar que \u201c\u00e9 poss\u00edvel, a Deus, resolver o seu problema!<\/strong><\/em>\u00a0Se TUDO A DEUS \u00c9 POSS\u00cdVEL, ele dever\u00e1 fechar os olhos, entrar no sil\u00eancio, aceitando que\u00a0<strong><em>PARA DEUS, N\u00c3O H\u00c1 PROBLEMAS! TUDO J\u00c1 EST\u00c1 RESOLVIDO!<\/em><\/strong>\u00a0\u201cEsperar que Deus resolva\u201d \u00e9 querer que Deus aja como \u201cser humano\u201d! O contr\u00e1rio deve ser feito: VOC\u00ca deve agir como age Deus! De que modo? Vendo-se como o CRISTO e n\u00e3o como \u201cser humano com problema\u201d!<\/span><\/p>\n<p style=\"font-weight: 400; text-align: center;\"><span style=\"font-family: tahoma, arial, helvetica, sans-serif; font-size: 24px;\">Jesus disse:\u00a0<strong><em>\u201cO Filho faz o que v\u00ea o Pai fazer\u201d;<\/em><\/strong>\u00a0portanto, medite e ore dessa forma:<\/span><\/p>\n<p style=\"font-weight: 400; text-align: center;\"><span style=\"font-family: tahoma, arial, helvetica, sans-serif; font-size: 24px;\"><em><strong>O Pai \u00e9 Esp\u00edrito e nada lhe \u00e9 imposs\u00edvel! Eu, como Filho, digo a mesma coisa; desse modo, o que \u201cparecia ser problema\u201d, como n\u00e3o \u00e9 problema para o Pai, n\u00e3o \u00e9 problema para mim!\u201d<\/strong><\/em><\/span><\/p>\n<p style=\"font-weight: 400; text-align: center;\"><span style=\"font-family: tahoma, arial, helvetica, sans-serif; font-size: 24px;\">Ponha toda a sua aten\u00e7\u00e3o na\u00a0<em><strong>A\u00e7\u00e3o do Pai, perceba-se INCLUSO nela, e \u201centregue-se a esta Onia\u00e7\u00e3o!<\/strong><\/em>\u00a0<strong><em>\u201cO Pai em mim faz as obras\u201d,<\/em><\/strong>\u00a0disse Jesus. Pense igual!\u00a0<em><strong>\u201cO Pai em mim faz as obras\u201d!<\/strong><\/em>\u00a0Assim, deixe o Esp\u00edrito de Deus atuar livremente, E NEM PENSE EM \u201cAJUDAR\u201d! Deus, de SI MESMO, age n\u00e3o apenas\u00a0<strong><em>\u201cem voc\u00ea\u201d,<\/em><\/strong>\u00a0mas,\u00a0<strong><em>\u201ccomo VOC\u00ca\u201d!<\/em><\/strong><\/span><\/p>\n","protected":false},"excerpt":{"rendered":"<p>470 \u201cSOB A A\u00c7\u00c3O DO PODER \u00daNICO\u201d Jesus explicou que\u00a0\u201cDeus \u00e9 Esp\u00edrito\u201d,\u00a0e disse tamb\u00e9m que\u00a0\u201cpara Deus tudo \u00e9 poss\u00edvel\u201d.\u00a0Se a humanidade n\u00e3o estivesse sob o\u00a0\u201chipnotismo de massa\u201d,\u00a0e ouvisse estas revela\u00e7\u00f5es, certamente n\u00e3o largaria delas por nada! Por isso esta suposta mente humana precisa ser recha\u00e7ada, a ponto de cada se sentir livre para meditar e &hellip; <\/p>\n<p class=\"link-more\"><a href=\"https:\/\/www.fachodeluz.blog.br\/wp\/2025\/04\/01\/mensagens-da-verdade-darcio-470\/\" class=\"more-link\">Leia mais<span class=\"screen-reader-text\"> &#8220;Mensagens da Verdade (D\u00e1rcio) \u2013 470&#8221;<\/span><\/a><\/p>\n","protected":false},"author":2,"featured_media":0,"comment_status":"open","ping_status":"closed","sticky":false,"template":"","format":"standard","meta":{"nf_dc_page":"","_crdt_document":"","footnotes":""},"categories":[10,94],"tags":[67,68,98],"class_list":["post-31812","post","type-post","status-publish","format-standard","hentry","category-darcio-dezolt","category-mensagens-da-verdade","tag-darciodezolt","tag-fachodeluz","tag-mensagensdaverdade"],"featured_media_urls":[],"_links":{"self":[{"href":"https:\/\/www.fachodeluz.blog.br\/wp\/wp-json\/wp\/v2\/posts\/31812","targetHints":{"allow":["GET"]}}],"collection":[{"href":"https:\/\/www.fachodeluz.blog.br\/wp\/wp-json\/wp\/v2\/posts"}],"about":[{"href":"https:\/\/www.fachodeluz.blog.br\/wp\/wp-json\/wp\/v2\/types\/post"}],"author":[{"embeddable":true,"href":"https:\/\/www.fachodeluz.blog.br\/wp\/wp-json\/wp\/v2\/users\/2"}],"replies":[{"embeddable":true,"href":"https:\/\/www.fachodeluz.blog.br\/wp\/wp-json\/wp\/v2\/comments?post=31812"}],"version-history":[{"count":1,"href":"https:\/\/www.fachodeluz.blog.br\/wp\/wp-json\/wp\/v2\/posts\/31812\/revisions"}],"predecessor-version":[{"id":31813,"href":"https:\/\/www.fachodeluz.blog.br\/wp\/wp-json\/wp\/v2\/posts\/31812\/revisions\/31813"}],"wp:attachment":[{"href":"https:\/\/www.fachodeluz.blog.br\/wp\/wp-json\/wp\/v2\/media?parent=31812"}],"wp:term":[{"taxonomy":"category","embeddable":true,"href":"https:\/\/www.fachodeluz.blog.br\/wp\/wp-json\/wp\/v2\/categories?post=31812"},{"taxonomy":"post_tag","embeddable":true,"href":"https:\/\/www.fachodeluz.blog.br\/wp\/wp-json\/wp\/v2\/tags?post=31812"}],"curies":[{"name":"wp","href":"https:\/\/api.w.org\/{rel}","templated":true}]}}