{"id":31821,"date":"2025-04-05T18:08:25","date_gmt":"2025-04-05T21:08:25","guid":{"rendered":"https:\/\/fachodeluz.blog.br\/wp\/?p=31821"},"modified":"2025-10-13T16:55:20","modified_gmt":"2025-10-13T19:55:20","slug":"mensagens-da-verdade-darcio-474","status":"publish","type":"post","link":"https:\/\/www.fachodeluz.blog.br\/wp\/2025\/04\/05\/mensagens-da-verdade-darcio-474\/","title":{"rendered":"Mensagens da Verdade (D\u00e1rcio) \u2013 474"},"content":{"rendered":"<p style=\"font-weight: 400; text-align: center;\"><span style=\"font-family: tahoma, arial, helvetica, sans-serif; font-size: 48px;\">474<\/span><\/p>\n<p style=\"font-weight: 400; text-align: center;\"><span style=\"font-family: tahoma, arial, helvetica, sans-serif; font-size: 32px;\"><em>\u201cTOCANDO A ORLA DAS VESTES DE CRISTO\u201d<\/em><\/span><\/p>\n<p style=\"font-weight: 400; text-align: center;\">\n<p style=\"font-weight: 400; text-align: center;\"><span style=\"font-family: tahoma, arial, helvetica, sans-serif; font-size: 24px;\">Diz a B\u00edblia, que certa mulher sofria de hemorragia havia 12 anos, e ao tocar a orla das vestes de Jesus,\u00a0 se viu curada na hora. Em meio \u00e0 multid\u00e3o que o seguia, indagou Jesus:\u00a0<strong><em>\u201cQuem me tocou?\u201d<\/em><\/strong>\u00a0Os disc\u00edpulos lhe responderam que, em meio a tanta gente, quem iria saber, para dar a resposta certa? Mas Jesus disse:\u00a0<em><strong>\u201cAlgu\u00e9m me tocou, de mim saiu poder!\u201d<\/strong><\/em>\u00a0E foi quando a mulher, curada, se identificou.\u00a0<em><strong>\u201cA tua f\u00e9 te salvou\u201d,<\/strong><\/em>\u00a0disse Jesus a ela!<\/span><\/p>\n<p style=\"font-weight: 400; text-align: center;\"><span style=\"font-family: tahoma, arial, helvetica, sans-serif; font-size: 24px;\">Esta passagem cont\u00e9m v\u00e1rios princ\u00edpios da chamada \u201ccura espiritual\u201d. Jesus ensinava que, dele mesmo, nada fazia, e sim, que\u00a0<strong><em>\u201co Pai em mim faz as obras\u201d.<\/em><\/strong>\u00a0Sabia que o Pai \u00e9 Esp\u00edrito uno, indivis\u00edvel, onipresente, sendo, portanto, a\u00a0<strong><em>Vida,<\/em><\/strong>\u00a0o\u00a0<strong><em>Cristo,<\/em><\/strong>\u00a0tanto nele quanto em mim, em voc\u00ea, ou em todos! Por isso Paulo declarou:\u00a0<em><strong>\u201cCristo \u00e9 tudo em todos\u201d!<\/strong><\/em><\/span><\/p>\n<p style=\"font-weight: 400; text-align: center;\"><span style=\"font-family: tahoma, arial, helvetica, sans-serif; font-size: 24px;\">A mulher, \u201csaindo de si mesma\u201d, por almejar a cura, viu-se em comunh\u00e3o com Jesus, que, notando dele jorrar a Onipot\u00eancia, percebeu ser esta a a\u00e7\u00e3o espiritual geradora de sua cura da hemorragia.\u00a0<strong><em>\u201cDe MIM saiu PODER\u201d,<\/em><\/strong>\u00a0disse Jesus.<\/span><\/p>\n<p style=\"font-weight: 400; text-align: center;\"><span style=\"font-family: tahoma, arial, helvetica, sans-serif; font-size: 24px;\">Quem j\u00e1 lidou com a\u00a0<em>\u201ccura metaf\u00edsica\u201d,<\/em>\u00a0sabe que\u00a0<strong><em>\u201cMIM\u201d \u00e9 a Presen\u00e7a universal do Pai,<\/em><\/strong>\u00a0ou seja, \u00e9\u00a0<strong><em>o Pai Se evidenciando como o Cristo, ou o Filho,<\/em><\/strong>\u00a0seja em Jesus, em Paulo, em Isa\u00edas, em mim, em voc\u00ea, na mulher hemorr\u00e1gica, em todos! Ao dizer:\u00a0<em>\u201cA tua f\u00e9 te salvou\u201d,<\/em>\u00a0Jesus explicava \u00e0 mulher que a \u201ccerteza de que seria curada\u201d, esta sua f\u00e9 inabal\u00e1vel na cura, desarmou a<em><strong>\u00a0ILUS\u00c3O DE DOEN\u00c7A,<\/strong><\/em>\u00a0e o Pai, presente nela, e em Jesus, revelou-lhe o Poder da Verdade, o que foi tamb\u00e9m sentido por Jesus!<\/span><\/p>\n<p style=\"font-weight: 400; text-align: center;\"><span style=\"font-family: tahoma, arial, helvetica, sans-serif; font-size: 24px;\">N\u00e3o entenda esta passagem como fato isolado! Ela \u00e9 dirigida a VOC\u00ca, e nela se cont\u00eam\u00a0 todos os elementos da chamada \u201ccura metaf\u00edsica\u201d.<\/span><\/p>\n<p style=\"font-weight: 400; text-align: center;\"><span style=\"font-family: tahoma, arial, helvetica, sans-serif; font-size: 24px;\">Diante de alguma ILUS\u00c3O DE DOEN\u00c7A, voc\u00ea poder\u00e1 agir como agiu a mulher, indo tocar a orla das vestes do\u00a0<strong><em>CRISTO DENTRO DE VOC\u00ca!<\/em><\/strong>\u00a0 Se sua confian\u00e7a no Poder de Deus, em seu pr\u00f3prio Cristo,\u00a0 for como a f\u00e9 demonstrada pela mulher,\u00a0<strong><em>DO ESP\u00cdRITO DO PAI, EM VOC\u00ca, SAIR\u00c1 PODER!<\/em><\/strong>\u00a0E A\u00a0<strong><em>ILUS\u00c3O<\/em><\/strong>\u00a0DE DOEN\u00c7A, DOR E SINTOMAS DESAPARECER\u00c1!\u00a0\u00a0 PORTANTO,\u00a0<em><strong>\u201cORA\u00c7\u00c3O \u00c0 OBRA!\u201d<\/strong><\/em><\/span><\/p>\n","protected":false},"excerpt":{"rendered":"<p>474 \u201cTOCANDO A ORLA DAS VESTES DE CRISTO\u201d Diz a B\u00edblia, que certa mulher sofria de hemorragia havia 12 anos, e ao tocar a orla das vestes de Jesus,\u00a0 se viu curada na hora. Em meio \u00e0 multid\u00e3o que o seguia, indagou Jesus:\u00a0\u201cQuem me tocou?\u201d\u00a0Os disc\u00edpulos lhe responderam que, em meio a tanta gente, quem &hellip; <\/p>\n<p class=\"link-more\"><a href=\"https:\/\/www.fachodeluz.blog.br\/wp\/2025\/04\/05\/mensagens-da-verdade-darcio-474\/\" class=\"more-link\">Leia mais<span class=\"screen-reader-text\"> &#8220;Mensagens da Verdade (D\u00e1rcio) \u2013 474&#8221;<\/span><\/a><\/p>\n","protected":false},"author":2,"featured_media":0,"comment_status":"open","ping_status":"closed","sticky":false,"template":"","format":"standard","meta":{"nf_dc_page":"","_crdt_document":"","footnotes":""},"categories":[10,94],"tags":[67,68,98],"class_list":["post-31821","post","type-post","status-publish","format-standard","hentry","category-darcio-dezolt","category-mensagens-da-verdade","tag-darciodezolt","tag-fachodeluz","tag-mensagensdaverdade"],"featured_media_urls":[],"_links":{"self":[{"href":"https:\/\/www.fachodeluz.blog.br\/wp\/wp-json\/wp\/v2\/posts\/31821","targetHints":{"allow":["GET"]}}],"collection":[{"href":"https:\/\/www.fachodeluz.blog.br\/wp\/wp-json\/wp\/v2\/posts"}],"about":[{"href":"https:\/\/www.fachodeluz.blog.br\/wp\/wp-json\/wp\/v2\/types\/post"}],"author":[{"embeddable":true,"href":"https:\/\/www.fachodeluz.blog.br\/wp\/wp-json\/wp\/v2\/users\/2"}],"replies":[{"embeddable":true,"href":"https:\/\/www.fachodeluz.blog.br\/wp\/wp-json\/wp\/v2\/comments?post=31821"}],"version-history":[{"count":1,"href":"https:\/\/www.fachodeluz.blog.br\/wp\/wp-json\/wp\/v2\/posts\/31821\/revisions"}],"predecessor-version":[{"id":31822,"href":"https:\/\/www.fachodeluz.blog.br\/wp\/wp-json\/wp\/v2\/posts\/31821\/revisions\/31822"}],"wp:attachment":[{"href":"https:\/\/www.fachodeluz.blog.br\/wp\/wp-json\/wp\/v2\/media?parent=31821"}],"wp:term":[{"taxonomy":"category","embeddable":true,"href":"https:\/\/www.fachodeluz.blog.br\/wp\/wp-json\/wp\/v2\/categories?post=31821"},{"taxonomy":"post_tag","embeddable":true,"href":"https:\/\/www.fachodeluz.blog.br\/wp\/wp-json\/wp\/v2\/tags?post=31821"}],"curies":[{"name":"wp","href":"https:\/\/api.w.org\/{rel}","templated":true}]}}