{"id":31850,"date":"2025-04-18T22:15:17","date_gmt":"2025-04-19T01:15:17","guid":{"rendered":"https:\/\/fachodeluz.blog.br\/wp\/?p=31850"},"modified":"2025-10-13T16:55:18","modified_gmt":"2025-10-13T19:55:18","slug":"mensagens-da-verdade-darcio-487","status":"publish","type":"post","link":"https:\/\/www.fachodeluz.blog.br\/wp\/2025\/04\/18\/mensagens-da-verdade-darcio-487\/","title":{"rendered":"Mensagens da Verdade (D\u00e1rcio) \u2013 487"},"content":{"rendered":"<p style=\"font-weight: 400; text-align: center;\"><span style=\"font-family: tahoma, arial, helvetica, sans-serif; font-size: 48px;\">487<\/span><\/p>\n<p style=\"font-weight: 400; text-align: center;\"><span style=\"font-family: tahoma, arial, helvetica, sans-serif; font-size: 32px;\"><em>\u201cCOMUNH\u00c3O COM DEUS \u00c9 SER DEUS\u201d<\/em><\/span><\/p>\n<p style=\"font-weight: 400; text-align: center;\"><span style=\"font-family: tahoma, arial, helvetica, sans-serif; font-size: 24px;\">De nada adianta a suposta \u201cmente carnal\u201d desenhar seus quadros ilus\u00f3rios, injetar suas \u201csugest\u00f5es hipn\u00f3ticas\u201d sobre a humanidade, POIS NADA DISSO AFETA A VERDADE DE QUE\u00a0<strong><em>DEUS \u00c9 TUDO!<\/em><\/strong><\/span><\/p>\n<p style=\"font-weight: 400; text-align: center;\"><span style=\"font-family: tahoma, arial, helvetica, sans-serif; font-size: 24px;\">AS CREN\u00c7AS FALSAS, COMO HIPNOTISMO, N\u00c3O CRIAM SEPARA\u00c7\u00c3O REAL DE DEUS! SOMENTE S\u00c3O\u00a0<strong><em>CREN\u00c7AS FALSAS!<\/em><\/strong><\/span><\/p>\n<p style=\"font-weight: 400; text-align: center;\"><span style=\"font-family: tahoma, arial, helvetica, sans-serif; font-size: 24px;\">Com ilus\u00e3o ou sem ilus\u00e3o, DEUS \u00c9 TUDO!\u00a0<strong><em>Por isso, \u201ccomungar com Deus\u201d \u00e9 se ver sendo Deus!<\/em><\/strong>\u00a0N\u00e3o existe \u201ccomunh\u00e3o dualista com Deus\u201d!\u00a0<em><strong>Comunh\u00e3o \u00e9 \u201cfus\u00e3o\u201d!<\/strong><\/em>\u00a0Cada um n\u00e3o saber DISTINGUIR onde \u201cDeus termina e ele come\u00e7a\u201d!\u00a0<strong><em>TUDO \u00c9 UM! E ESTA VERDADE \u00c9 PERMANENTE!<\/em><\/strong><\/span><\/p>\n<p style=\"font-weight: 400; text-align: center;\"><span style=\"font-family: tahoma, arial, helvetica, sans-serif; font-size: 24px;\">Com o \u201cOlho Simples\u201d, a Luz individual ou cr\u00edstica que somos \u00e9 vista como Luz infinita! N\u00e3o existe \u201ccomunh\u00e3o\u201d entre carnais e Deus! Caso existisse, Deus estaria sendo \u201ccarne\u201d! Julgue-se consoante \u201cju\u00edzo justo\u201d, que, segundo Jesus, \u00e9 VOC\u00ca HONRAR A SI MESMO COMO HONRA O PAI\u201d! \u00c9 a esta percep\u00e7\u00e3o de\u00a0<em><strong>UNIDADE ESPIRITUAL<\/strong><\/em>\u00a0que chamamos de\u00a0<strong><em>\u201ccomunh\u00e3o com Deus\u201d,<\/em><\/strong>\u00a0e \u00e9 repetindo Jesus,\u00a0<strong><em>com a autoridade dos deuses que somos,<\/em><\/strong>\u00a0que sacramentamos o reconhecimento da Verdade Absoluta:<\/span><\/p>\n<p style=\"font-weight: 400; text-align: center;\"><span style=\"font-family: tahoma, arial, helvetica, sans-serif; font-size: 24px;\">\u00a0<em><strong>\u201cAQUELE QUE ME V\u00ca A MIM, V\u00ca O PAI\u201d.<\/strong><\/em><\/span><\/p>\n","protected":false},"excerpt":{"rendered":"<p>487 \u201cCOMUNH\u00c3O COM DEUS \u00c9 SER DEUS\u201d De nada adianta a suposta \u201cmente carnal\u201d desenhar seus quadros ilus\u00f3rios, injetar suas \u201csugest\u00f5es hipn\u00f3ticas\u201d sobre a humanidade, POIS NADA DISSO AFETA A VERDADE DE QUE\u00a0DEUS \u00c9 TUDO! AS CREN\u00c7AS FALSAS, COMO HIPNOTISMO, N\u00c3O CRIAM SEPARA\u00c7\u00c3O REAL DE DEUS! SOMENTE S\u00c3O\u00a0CREN\u00c7AS FALSAS! Com ilus\u00e3o ou sem ilus\u00e3o, DEUS &hellip; <\/p>\n<p class=\"link-more\"><a href=\"https:\/\/www.fachodeluz.blog.br\/wp\/2025\/04\/18\/mensagens-da-verdade-darcio-487\/\" class=\"more-link\">Leia mais<span class=\"screen-reader-text\"> &#8220;Mensagens da Verdade (D\u00e1rcio) \u2013 487&#8221;<\/span><\/a><\/p>\n","protected":false},"author":2,"featured_media":0,"comment_status":"open","ping_status":"closed","sticky":false,"template":"","format":"standard","meta":{"nf_dc_page":"","_crdt_document":"","footnotes":""},"categories":[10,94],"tags":[67,68,98],"class_list":["post-31850","post","type-post","status-publish","format-standard","hentry","category-darcio-dezolt","category-mensagens-da-verdade","tag-darciodezolt","tag-fachodeluz","tag-mensagensdaverdade"],"featured_media_urls":[],"_links":{"self":[{"href":"https:\/\/www.fachodeluz.blog.br\/wp\/wp-json\/wp\/v2\/posts\/31850","targetHints":{"allow":["GET"]}}],"collection":[{"href":"https:\/\/www.fachodeluz.blog.br\/wp\/wp-json\/wp\/v2\/posts"}],"about":[{"href":"https:\/\/www.fachodeluz.blog.br\/wp\/wp-json\/wp\/v2\/types\/post"}],"author":[{"embeddable":true,"href":"https:\/\/www.fachodeluz.blog.br\/wp\/wp-json\/wp\/v2\/users\/2"}],"replies":[{"embeddable":true,"href":"https:\/\/www.fachodeluz.blog.br\/wp\/wp-json\/wp\/v2\/comments?post=31850"}],"version-history":[{"count":2,"href":"https:\/\/www.fachodeluz.blog.br\/wp\/wp-json\/wp\/v2\/posts\/31850\/revisions"}],"predecessor-version":[{"id":31853,"href":"https:\/\/www.fachodeluz.blog.br\/wp\/wp-json\/wp\/v2\/posts\/31850\/revisions\/31853"}],"wp:attachment":[{"href":"https:\/\/www.fachodeluz.blog.br\/wp\/wp-json\/wp\/v2\/media?parent=31850"}],"wp:term":[{"taxonomy":"category","embeddable":true,"href":"https:\/\/www.fachodeluz.blog.br\/wp\/wp-json\/wp\/v2\/categories?post=31850"},{"taxonomy":"post_tag","embeddable":true,"href":"https:\/\/www.fachodeluz.blog.br\/wp\/wp-json\/wp\/v2\/tags?post=31850"}],"curies":[{"name":"wp","href":"https:\/\/api.w.org\/{rel}","templated":true}]}}