{"id":31896,"date":"2025-05-06T10:39:40","date_gmt":"2025-05-06T13:39:40","guid":{"rendered":"https:\/\/fachodeluz.blog.br\/wp\/?p=31896"},"modified":"2025-10-13T16:54:31","modified_gmt":"2025-10-13T19:54:31","slug":"mensagens-da-verdade-darcio-505","status":"publish","type":"post","link":"https:\/\/www.fachodeluz.blog.br\/wp\/2025\/05\/06\/mensagens-da-verdade-darcio-505\/","title":{"rendered":"Mensagens da Verdade (D\u00e1rcio) \u2013 505"},"content":{"rendered":"<p style=\"font-weight: 400; text-align: center;\"><span style=\"font-family: tahoma, arial, helvetica, sans-serif; font-size: 48px;\">505<\/span><\/p>\n<p style=\"font-weight: 400; text-align: center;\"><span style=\"font-family: tahoma, arial, helvetica, sans-serif; font-size: 32px;\"><em>\u201cIDENTIFIQUE-SE COM A VIS\u00c3O DIVINA\u201d<\/em><\/span><\/p>\n<p style=\"font-weight: 400; text-align: center;\">\n<h2 id=\"mcetoc_1iqiseiac0\" style=\"text-align: center;\"><span style=\"font-family: tahoma, arial, helvetica, sans-serif; font-size: 24px;\">Os pontos essenciais do conhecimento da Verdade dependem estritamente de um \u201ccora\u00e7\u00e3o de crian\u00e7a\u201d,\u00a0<em>e de mais nada.<\/em>\u00a0Isto porque s\u00e3o pontos de\u00a0<em>total identifica\u00e7\u00e3o com Deus<\/em>\u00a0que aparentam n\u00e3o mostrar, de in\u00edcio, nenhum resultado reconhecido pela suposta mente humana.<\/span><\/h2>\n<h2 id=\"mcetoc_1iqiseiac1\" style=\"text-align: center;\"><span style=\"font-family: tahoma, arial, helvetica, sans-serif; font-size: 24px;\">DEUS \u00c9\u00a0<em>TUDO<\/em>\u00a0e \u201cmente humana\u201d \u00e9\u00a0<em>nada.<\/em>\u00a0Como iria, o que \u00e9 nada, entender e reconhecer o que \u00e9 TUDO? Imposs\u00edvel! A VERDADE \u00c9 QUE A\u00a0<em>MENTE DE DEUS \u00c9 \u00daNICA E NUNCA DEIXA DE PERCEBER O UNIVERSO DE LUZ!<\/em>\u00a0\u00a0\u00a0 Que faz a SUA MENTE neste AGORA? ELA FAZ O QUE A MENTE DE DEUS FAZ, irreproduz\u00edvel em termos de compreens\u00e3o por parte da ilus\u00f3ria \u201cmente humana\u201d.<\/span><\/h2>\n<h2 id=\"mcetoc_1iqiseiac2\" style=\"text-align: center;\"><span style=\"font-family: tahoma, arial, helvetica, sans-serif; font-size: 24px;\">Aceite a Verdade com \u201ccora\u00e7\u00e3o de crian\u00e7a\u201d, ou seja, admita\u00a0<em>estar consciente com a Consci\u00eancia Iluminada,<\/em>\u00a0a Consci\u00eancia divina \u00fanica e onipresente! E aceite\u00a0 estar<em>\u00a0\u201d<\/em><em>VENDO O QUE DEUS V\u00ca\u201d.<\/em><\/span><\/h2>\n<h2 id=\"mcetoc_1iqiseiac3\" style=\"text-align: center;\"><span style=\"font-family: tahoma, arial, helvetica, sans-serif; font-size: 24px;\">Fa\u00e7a isto sem se importar com mente humana, se ela est\u00e1 ou n\u00e3o participando de seu AGORA!<em>\u00a0Sua identifica\u00e7\u00e3o com a Verdade lhe revelar\u00e1 a Verdade aceita com \u201ccora\u00e7\u00e3o de crian\u00e7a\u201d!<\/em><\/span><\/h2>\n<h2 id=\"mcetoc_1iqiseiac4\" style=\"text-align: center;\"><span style=\"font-family: tahoma, arial, helvetica, sans-serif; font-size: 24px;\">Dedique-se, portanto, a esse tipo de contempla\u00e7\u00e3o! De fato,\u00a0<em>\u201cas coisas de Deus s\u00e3o loucuras para os homens\u201d!<\/em><\/span><\/h2>\n","protected":false},"excerpt":{"rendered":"<p>505 \u201cIDENTIFIQUE-SE COM A VIS\u00c3O DIVINA\u201d Os pontos essenciais do conhecimento da Verdade dependem estritamente de um \u201ccora\u00e7\u00e3o de crian\u00e7a\u201d,\u00a0e de mais nada.\u00a0Isto porque s\u00e3o pontos de\u00a0total identifica\u00e7\u00e3o com Deus\u00a0que aparentam n\u00e3o mostrar, de in\u00edcio, nenhum resultado reconhecido pela suposta mente humana. DEUS \u00c9\u00a0TUDO\u00a0e \u201cmente humana\u201d \u00e9\u00a0nada.\u00a0Como iria, o que \u00e9 nada, entender e reconhecer &hellip; <\/p>\n<p class=\"link-more\"><a href=\"https:\/\/www.fachodeluz.blog.br\/wp\/2025\/05\/06\/mensagens-da-verdade-darcio-505\/\" class=\"more-link\">Leia mais<span class=\"screen-reader-text\"> &#8220;Mensagens da Verdade (D\u00e1rcio) \u2013 505&#8221;<\/span><\/a><\/p>\n","protected":false},"author":2,"featured_media":0,"comment_status":"open","ping_status":"closed","sticky":false,"template":"","format":"standard","meta":{"nf_dc_page":"","_crdt_document":"","footnotes":""},"categories":[10,94],"tags":[67,68,98],"class_list":["post-31896","post","type-post","status-publish","format-standard","hentry","category-darcio-dezolt","category-mensagens-da-verdade","tag-darciodezolt","tag-fachodeluz","tag-mensagensdaverdade"],"featured_media_urls":[],"_links":{"self":[{"href":"https:\/\/www.fachodeluz.blog.br\/wp\/wp-json\/wp\/v2\/posts\/31896","targetHints":{"allow":["GET"]}}],"collection":[{"href":"https:\/\/www.fachodeluz.blog.br\/wp\/wp-json\/wp\/v2\/posts"}],"about":[{"href":"https:\/\/www.fachodeluz.blog.br\/wp\/wp-json\/wp\/v2\/types\/post"}],"author":[{"embeddable":true,"href":"https:\/\/www.fachodeluz.blog.br\/wp\/wp-json\/wp\/v2\/users\/2"}],"replies":[{"embeddable":true,"href":"https:\/\/www.fachodeluz.blog.br\/wp\/wp-json\/wp\/v2\/comments?post=31896"}],"version-history":[{"count":1,"href":"https:\/\/www.fachodeluz.blog.br\/wp\/wp-json\/wp\/v2\/posts\/31896\/revisions"}],"predecessor-version":[{"id":31897,"href":"https:\/\/www.fachodeluz.blog.br\/wp\/wp-json\/wp\/v2\/posts\/31896\/revisions\/31897"}],"wp:attachment":[{"href":"https:\/\/www.fachodeluz.blog.br\/wp\/wp-json\/wp\/v2\/media?parent=31896"}],"wp:term":[{"taxonomy":"category","embeddable":true,"href":"https:\/\/www.fachodeluz.blog.br\/wp\/wp-json\/wp\/v2\/categories?post=31896"},{"taxonomy":"post_tag","embeddable":true,"href":"https:\/\/www.fachodeluz.blog.br\/wp\/wp-json\/wp\/v2\/tags?post=31896"}],"curies":[{"name":"wp","href":"https:\/\/api.w.org\/{rel}","templated":true}]}}