{"id":31916,"date":"2025-05-15T20:35:05","date_gmt":"2025-05-15T23:35:05","guid":{"rendered":"https:\/\/fachodeluz.blog.br\/wp\/?p=31916"},"modified":"2025-10-13T16:54:30","modified_gmt":"2025-10-13T19:54:30","slug":"mensagens-da-verdade-darcio-514","status":"publish","type":"post","link":"https:\/\/www.fachodeluz.blog.br\/wp\/2025\/05\/15\/mensagens-da-verdade-darcio-514\/","title":{"rendered":"Mensagens da Verdade (D\u00e1rcio) \u2013 514"},"content":{"rendered":"<p style=\"text-align: center;\"><span style=\"font-family: tahoma, arial, helvetica, sans-serif; font-size: 48px;\">514<\/span><\/p>\n<p><img loading=\"lazy\" decoding=\"async\" loading=\"lazy\" title=\"clip_image001[4]\" border=\"0\" alt=\"clip_image001[4]\" src=\"https:\/\/mail.google.com\/mail\/u\/0?ui=2&amp;ik=d3c1e461a2&amp;attid=0.3&amp;permmsgid=msg-f:1522934085960424927&amp;th=15228c7b7a015ddf&amp;view=fimg&amp;fur=ip&amp;permmsgid=msg-f:1522934085960424927&amp;sz=s0-l75-ft&amp;attbid=ANGjdJ9LbJm0ZiTDjVrXTVBRuqtzJc2vGULEaY7x1gh25N-mqFjuar9w4xpX_cZ-3nP28wzx-hQgcGBvDn6u7z2Q6IRUFsLVT6ZyTs18ofe8UkDkkd6fDpL2BZySodE&amp;disp=emb&amp;zw\" width=\"204\" height=\"85\" data-image-whitelisted=\"\" class=\"CToWUd aligncenter\" data-bit=\"iit\" \/><\/p>\n<p>&nbsp;<\/p>\n<p style=\"font-weight: 400; text-align: center;\"><span style=\"font-family: tahoma, arial, helvetica, sans-serif; font-size: 24px;\">Quando a humanidade recebe uma \u201crevela\u00e7\u00e3o divina\u201d, em vez de aceit\u00e1-la com \u201ccora\u00e7\u00e3o de menino\u201d, faz antes sua avalia\u00e7\u00e3o, para resolver se vai acat\u00e1-la, ou se vai classific\u00e1-la como algo absurdo, e descart\u00e1-la de vez!. O ap\u00f3stolo Paulo, tendo enfrentado esta \u201cl\u00f3gica\u201d da suposta mente humana, declarou<em>: \u201cAs coisas de Deus s\u00e3o loucuras para os homens!\u201d<\/em>\u00a0O que se v\u00ea, hoje em dia, \u00e9 uma prolifera\u00e7\u00e3o de prega\u00e7\u00f5es voltadas a bens materiais. O ensinamento de Jesus sumiu do mapa, pois, ningu\u00e9m mais fala em\u00a0<em>\u201cbuscar o Reino de Deus em primeiro lugar\u201d!<\/em><\/span><\/p>\n<p style=\"font-weight: 400; text-align: center;\"><span style=\"font-family: tahoma, arial, helvetica, sans-serif; font-size: 24px;\">Para Jesus, as \u201cloucuras de Deus\u201d eram fatos normais! N\u00e3o limitava em nada o Poder do Pai; n\u00e3o entendia \u201cmundo terreno\u201d como realidade, mas sim como um \u201cmundo do pai da mentira\u201d, e deixou\u00a0 bem claro que<em>\u00a0\u201cas pessoas erram por desconhecerem, verdadeiramente, as Escrituras e o Poder de Deus\u201d.<\/em><\/span><\/p>\n<p style=\"font-weight: 400; text-align: center;\"><span style=\"font-family: tahoma, arial, helvetica, sans-serif; font-size: 24px;\">A \u201ccren\u00e7a falsa\u201d em \u201ccorpos nascidos\u201d,\u00a0 ou em \u201cnascimentos\u201d, se for exposta ao mundo, quem o fizer, ser\u00e1\u00a0 mesmo taxado de louco, e a Verdade assim revelada n\u00e3o merecer\u00e1 cr\u00e9dito nem aten\u00e7\u00e3o de ningu\u00e9m! Se formos mostrar as cita\u00e7\u00f5es b\u00edblicas, endossando as falas, dir\u00e3o que \u00e9 \u201ctexto fora de contexto\u201d, que \u201cisso acontecia com Jesus, no tempo de Jesus\u201d, enfim, dir\u00e3o qualquer coisa para se desviarem e fugirem do assunto, menos que\u00a0<em>\u201couviram uma Verdade Absoluta!\u201d.<\/em><\/span><\/p>\n<p style=\"font-weight: 400; text-align: center;\"><span style=\"font-family: tahoma, arial, helvetica, sans-serif; font-size: 24px;\">A B\u00edblia diz:\u00a0<em>\u201cN\u00e3o sabeis que sois o templo de Deus, e que o Esp\u00edrito de Deus habita em v\u00f3s?\u201d<\/em>\u00a0(I Cor. 3: 16). O que esta revela\u00e7\u00e3o diz, de fato,\u00a0 \u00e9 o seguinte:<\/span><\/p>\n<p style=\"font-weight: 400; text-align: center;\"><span style=\"font-family: tahoma, arial, helvetica, sans-serif; font-size: 24px;\"><em>N\u00c3O EXISTE CORPO NASCIDO!\u00a0 \u201cTEMPLO DE DEUS\u201d JAMAIS NASCE!<\/em><\/span><\/p>\n<p style=\"font-weight: 400; text-align: center;\"><span style=\"font-family: tahoma, arial, helvetica, sans-serif; font-size: 24px;\">Quando VOC\u00ca aceitar esta Verdade, n\u00e3o mais far\u00e1 ora\u00e7\u00f5es para \u201cmelhorar ou curar algo que n\u00e3o existe\u201d! Suas ora\u00e7\u00f5es ser\u00e3o de outro teor:<\/span><\/p>\n<p style=\"font-weight: 400; text-align: center;\">\n<p style=\"font-weight: 400; text-align: center;\"><span style=\"font-family: tahoma, arial, helvetica, sans-serif; font-size: 24px;\"><em>\u201cOBRIGADO, PAI, POR TEU VERBO ESTAR AQUI, AGORA, E ETERNAMENTE, SENDO O TEU \u201cTEMPLO DE LUZ\u201d,\u00a0 MANIFESTO COMO O CORPO DE LUZ QUE EU SOU! OBRIGADO POR FAZER-ME SABER QUE \u201cSOMOS UM\u201d, E QUE UNICAMENTE ESTE \u201cCORPO ETERNO\u201d \u00c9 O MEU CORPO! E OBRIGADO POR TUA SABEDORIA INFINITA CONSERV\u00c1-LO EM PERFEI\u00c7\u00c3O PERMANENTE!\u201d<\/em><\/span><\/p>\n","protected":false},"excerpt":{"rendered":"<p>514 &nbsp; Quando a humanidade recebe uma \u201crevela\u00e7\u00e3o divina\u201d, em vez de aceit\u00e1-la com \u201ccora\u00e7\u00e3o de menino\u201d, faz antes sua avalia\u00e7\u00e3o, para resolver se vai acat\u00e1-la, ou se vai classific\u00e1-la como algo absurdo, e descart\u00e1-la de vez!. O ap\u00f3stolo Paulo, tendo enfrentado esta \u201cl\u00f3gica\u201d da suposta mente humana, declarou: \u201cAs coisas de Deus s\u00e3o loucuras &hellip; <\/p>\n<p class=\"link-more\"><a href=\"https:\/\/www.fachodeluz.blog.br\/wp\/2025\/05\/15\/mensagens-da-verdade-darcio-514\/\" class=\"more-link\">Leia mais<span class=\"screen-reader-text\"> &#8220;Mensagens da Verdade (D\u00e1rcio) \u2013 514&#8221;<\/span><\/a><\/p>\n","protected":false},"author":2,"featured_media":0,"comment_status":"open","ping_status":"closed","sticky":false,"template":"","format":"standard","meta":{"nf_dc_page":"","_crdt_document":"","footnotes":""},"categories":[10,94],"tags":[67,68,98],"class_list":["post-31916","post","type-post","status-publish","format-standard","hentry","category-darcio-dezolt","category-mensagens-da-verdade","tag-darciodezolt","tag-fachodeluz","tag-mensagensdaverdade"],"featured_media_urls":[],"_links":{"self":[{"href":"https:\/\/www.fachodeluz.blog.br\/wp\/wp-json\/wp\/v2\/posts\/31916","targetHints":{"allow":["GET"]}}],"collection":[{"href":"https:\/\/www.fachodeluz.blog.br\/wp\/wp-json\/wp\/v2\/posts"}],"about":[{"href":"https:\/\/www.fachodeluz.blog.br\/wp\/wp-json\/wp\/v2\/types\/post"}],"author":[{"embeddable":true,"href":"https:\/\/www.fachodeluz.blog.br\/wp\/wp-json\/wp\/v2\/users\/2"}],"replies":[{"embeddable":true,"href":"https:\/\/www.fachodeluz.blog.br\/wp\/wp-json\/wp\/v2\/comments?post=31916"}],"version-history":[{"count":1,"href":"https:\/\/www.fachodeluz.blog.br\/wp\/wp-json\/wp\/v2\/posts\/31916\/revisions"}],"predecessor-version":[{"id":31917,"href":"https:\/\/www.fachodeluz.blog.br\/wp\/wp-json\/wp\/v2\/posts\/31916\/revisions\/31917"}],"wp:attachment":[{"href":"https:\/\/www.fachodeluz.blog.br\/wp\/wp-json\/wp\/v2\/media?parent=31916"}],"wp:term":[{"taxonomy":"category","embeddable":true,"href":"https:\/\/www.fachodeluz.blog.br\/wp\/wp-json\/wp\/v2\/categories?post=31916"},{"taxonomy":"post_tag","embeddable":true,"href":"https:\/\/www.fachodeluz.blog.br\/wp\/wp-json\/wp\/v2\/tags?post=31916"}],"curies":[{"name":"wp","href":"https:\/\/api.w.org\/{rel}","templated":true}]}}