{"id":31923,"date":"2025-05-18T22:04:37","date_gmt":"2025-05-19T01:04:37","guid":{"rendered":"https:\/\/fachodeluz.blog.br\/wp\/?p=31923"},"modified":"2025-10-13T16:54:30","modified_gmt":"2025-10-13T19:54:30","slug":"mensagens-da-verdade-darcio-517","status":"publish","type":"post","link":"https:\/\/www.fachodeluz.blog.br\/wp\/2025\/05\/18\/mensagens-da-verdade-darcio-517\/","title":{"rendered":"Mensagens da Verdade (D\u00e1rcio) \u2013 517"},"content":{"rendered":"<div>\n<p align=\"center\" style=\"text-align: center;\"><span style=\"font-family: tahoma, arial, helvetica, sans-serif; font-size: 24px;\">\u00a0\u00a0\u00a0<img loading=\"lazy\" decoding=\"async\" loading=\"lazy\" title=\"clip_image001[5]\" border=\"0\" alt=\"clip_image001[5]\" src=\"https:\/\/mail.google.com\/mail\/u\/0?ui=2&amp;ik=d3c1e461a2&amp;attid=0.2&amp;permmsgid=msg-f:1523209844964235501&amp;th=152387489f7898ed&amp;view=fimg&amp;fur=ip&amp;permmsgid=msg-f:1523209844964235501&amp;sz=s0-l75-ft&amp;attbid=ANGjdJ_kVEsCKvBulIf5ACgiKkte3LpJ04lD0Gck8HssiJLT9YcdjFjBysv5ZUMzVrTEDxyR7_-1-e4xF3kHw4QAV1PxXVciHuirRkmkSgWlwC70-dwPN2IG9kQ1llE&amp;disp=emb&amp;zw\" width=\"62\" height=\"35\" data-image-whitelisted=\"\" class=\"CToWUd\" data-bit=\"iit\" \/><\/span><\/p>\n<p><span style=\"font-family: tahoma, arial, helvetica, sans-serif; font-size: 24px;\"><span style=\"color: #7030a0;\"><\/span><\/span><\/div>\n<div style=\"text-align: center;\">\n<p align=\"center\"><span style=\"font-family: tahoma, arial, helvetica, sans-serif; font-size: 24px;\"><img loading=\"lazy\" decoding=\"async\" loading=\"lazy\" title=\"clip_image001[6]\" border=\"0\" alt=\"clip_image001[6]\" src=\"https:\/\/mail.google.com\/mail\/u\/0?ui=2&amp;ik=d3c1e461a2&amp;attid=0.3&amp;permmsgid=msg-f:1523209844964235501&amp;th=152387489f7898ed&amp;view=fimg&amp;fur=ip&amp;permmsgid=msg-f:1523209844964235501&amp;sz=s0-l75-ft&amp;attbid=ANGjdJ8osQ3V_zwnigtrwRCoMBWbL_I9NEVf0gv48LidNvc8np3l0LCrg7LnSxdPQ3gbKloTbWdygkFldf8mkU9iqtrl3NvhXPDUbM6dXHCepnloRMx6oJA6UIpGNaw&amp;disp=emb&amp;zw\" width=\"318\" height=\"28\" data-image-whitelisted=\"\" class=\"CToWUd\" data-bit=\"iit\" \/><\/span><\/p>\n<\/div>\n<p style=\"font-weight: 400; text-align: center;\"><span style=\"font-family: tahoma, arial, helvetica, sans-serif; font-size: 24px;\">Aqueles que levarem a s\u00e9rio os estudos da Verdade Absoluta, associados com os conhecimentos da Ci\u00eancia Mental, ver\u00e3o que a vida fluir\u00e1 livremente, sem esfor\u00e7os, apenas requerendo constante dedica\u00e7\u00e3o. A Pr\u00e1tica da Verdade \u00e9 cient\u00edfica, e n\u00e3o meramente um tipo de f\u00e9 cega. Se algu\u00e9m estiver acreditando passar por um problema de sa\u00fade, em muitos artigos encontrar\u00e1 que<em>\u00a0\u201cn\u00e3o existe doen\u00e7a\u201d,<\/em>\u00a0que deve afirmar<em>\u00a0\u201cestar perfeito\u201d,<\/em>\u00a0etc.. A Unidade e a Ci\u00eancia Religiosa, por exemplo, ensinam a pessoa a j\u00e1 partir de alguma declara\u00e7\u00e3o de \u201cprece atendida\u201d, como, por exemplo:\u00a0<em>\u201cLOUVADO SEJA DEUS, J\u00c1 ESTOU CURADO!\u201d<\/em><\/span><\/p>\n<p style=\"font-weight: 400; text-align: center;\"><span style=\"font-family: tahoma, arial, helvetica, sans-serif; font-size: 24px;\">Que estaria por tr\u00e1s desta instru\u00e7\u00e3o? A\u00a0<em>Ci\u00eancia Absoluta<\/em>\u00a0e a\u00a0<em>Ci\u00eancia Mental!<\/em>\u00a0A primeira n\u00e3o leva em conta o mut\u00e1vel \u201cmundo de apar\u00eancias\u201d,\u00a0 esteja ele se mostrando como \u201cimagens \u00f3timas ou p\u00e9ssimas\u201d.\u00a0 Que diz o ensinamento absoluto? REVELA QUE DEUS \u00c9 TUDO, E, PORTANTO, SEJA QUAL FOR A \u201cAPAR\u00caNCIA\u201d, ELA \u00c9 ILUS\u00d3RIA! DEUS \u00c9 O SER INDIVIDUAL! O CORPO \u00c9 O TEMPLO DE DEUS!<\/span><\/p>\n<p style=\"font-weight: 400; text-align: center;\"><span style=\"font-family: tahoma, arial, helvetica, sans-serif; font-size: 24px;\">Onde entraria a Ci\u00eancia Mental? Ela \u00e9 aplicada quando a pessoa se encontrar fora de suas \u201ccontempla\u00e7\u00f5es absolutas\u201d, em sua vida cotidiana, onde se v\u00ea obrigada a fazer concess\u00f5es ao mundo, usando a suposta \u201cmente humana\u201d e o seu linguajar, no contato com as demais pessoas.<\/span><\/p>\n<p style=\"font-weight: 400; text-align: center;\"><span style=\"font-family: tahoma, arial, helvetica, sans-serif; font-size: 24px;\">Para isso, ela dever\u00e1 saber que a mente humana se subdivide em \u201cconsciente\u201d,\u00a0<em>cinco por cento<\/em>, e \u201csubconsciente\u201d ,\u00a0<em>noventa e cinco por cento.<\/em>\u00a0Para o\u00a0<em>subconsciente,<\/em>\u00a0sempre \u00e9 AGORA, enquanto para o consciente, sempre o tempo est\u00e1 correndo.<\/span><\/p>\n<p style=\"font-weight: 400; text-align: center;\"><span style=\"font-family: tahoma, arial, helvetica, sans-serif; font-size: 24px;\">Se o suposto \u201cproblema de sa\u00fade\u201d estiver gerando uma \u201cimagem de doen\u00e7a\u201d, esta imagem jamais vem da\u00a0<em>Mente de Cristo<\/em>, a Mente Absoluta que temos! Ela \u00e9 HIPN\u00d3TICA, e vem do \u201cinconsciente coletivo\u201d. Quando afirmarmos\u00a0<em>\u201cLOUVADO SEJA DEUS, J\u00c1 ESTOU CURADO\u201d,<\/em>\u00a0estaremos substituindo a \u201cimagem da doen\u00e7a\u201d pela \u201cimagem de sa\u00fade\u201d, e a rejei\u00e7\u00e3o inicial ser\u00e1 apenas do consciente, que \u00e9 a parte m\u00ednima da mente humana.<\/span><\/p>\n<p style=\"font-weight: 400; text-align: center;\"><span style=\"font-family: tahoma, arial, helvetica, sans-serif; font-size: 24px;\">Como a maior parte da mente \u00e9 o \u201csubconsciente\u201d, a repeti\u00e7\u00e3o pausada da frase, feita pelo consciente, ser\u00e1 recebida como v\u00e1lida AGORA, pelo subconsciente. Como j\u00e1 foi dito, ele n\u00e3o registra outro momento, sen\u00e3o o AGORA. Desse modo, o \u201cquadro hipn\u00f3tico\u201d negativo n\u00e3o ter\u00e1 como permanecer, e a \u201capar\u00eancia\u201d\u00a0 acabar\u00e1 se mostrando como \u201csaud\u00e1vel\u201d.<\/span><\/p>\n<p style=\"font-weight: 400; text-align: center;\"><span style=\"font-family: tahoma, arial, helvetica, sans-serif; font-size: 24px;\">Este \u00e9 um exemplo, que exp\u00f5e a utilidade de associarmos os conhecimentos da\u00a0<em>Ci\u00eancia Mental<\/em>\u00a0com o estudo estudo da Verdade Absoluta!<\/span><\/p>\n","protected":false},"excerpt":{"rendered":"<p>\u00a0\u00a0\u00a0 Aqueles que levarem a s\u00e9rio os estudos da Verdade Absoluta, associados com os conhecimentos da Ci\u00eancia Mental, ver\u00e3o que a vida fluir\u00e1 livremente, sem esfor\u00e7os, apenas requerendo constante dedica\u00e7\u00e3o. A Pr\u00e1tica da Verdade \u00e9 cient\u00edfica, e n\u00e3o meramente um tipo de f\u00e9 cega. Se algu\u00e9m estiver acreditando passar por um problema de sa\u00fade, em &hellip; <\/p>\n<p class=\"link-more\"><a href=\"https:\/\/www.fachodeluz.blog.br\/wp\/2025\/05\/18\/mensagens-da-verdade-darcio-517\/\" class=\"more-link\">Leia mais<span class=\"screen-reader-text\"> &#8220;Mensagens da Verdade (D\u00e1rcio) \u2013 517&#8221;<\/span><\/a><\/p>\n","protected":false},"author":2,"featured_media":0,"comment_status":"open","ping_status":"closed","sticky":false,"template":"","format":"standard","meta":{"nf_dc_page":"","_crdt_document":"","footnotes":""},"categories":[10,94],"tags":[67,68,98],"class_list":["post-31923","post","type-post","status-publish","format-standard","hentry","category-darcio-dezolt","category-mensagens-da-verdade","tag-darciodezolt","tag-fachodeluz","tag-mensagensdaverdade"],"featured_media_urls":[],"_links":{"self":[{"href":"https:\/\/www.fachodeluz.blog.br\/wp\/wp-json\/wp\/v2\/posts\/31923","targetHints":{"allow":["GET"]}}],"collection":[{"href":"https:\/\/www.fachodeluz.blog.br\/wp\/wp-json\/wp\/v2\/posts"}],"about":[{"href":"https:\/\/www.fachodeluz.blog.br\/wp\/wp-json\/wp\/v2\/types\/post"}],"author":[{"embeddable":true,"href":"https:\/\/www.fachodeluz.blog.br\/wp\/wp-json\/wp\/v2\/users\/2"}],"replies":[{"embeddable":true,"href":"https:\/\/www.fachodeluz.blog.br\/wp\/wp-json\/wp\/v2\/comments?post=31923"}],"version-history":[{"count":1,"href":"https:\/\/www.fachodeluz.blog.br\/wp\/wp-json\/wp\/v2\/posts\/31923\/revisions"}],"predecessor-version":[{"id":31924,"href":"https:\/\/www.fachodeluz.blog.br\/wp\/wp-json\/wp\/v2\/posts\/31923\/revisions\/31924"}],"wp:attachment":[{"href":"https:\/\/www.fachodeluz.blog.br\/wp\/wp-json\/wp\/v2\/media?parent=31923"}],"wp:term":[{"taxonomy":"category","embeddable":true,"href":"https:\/\/www.fachodeluz.blog.br\/wp\/wp-json\/wp\/v2\/categories?post=31923"},{"taxonomy":"post_tag","embeddable":true,"href":"https:\/\/www.fachodeluz.blog.br\/wp\/wp-json\/wp\/v2\/tags?post=31923"}],"curies":[{"name":"wp","href":"https:\/\/api.w.org\/{rel}","templated":true}]}}