{"id":31925,"date":"2025-05-19T22:04:48","date_gmt":"2025-05-20T01:04:48","guid":{"rendered":"https:\/\/fachodeluz.blog.br\/wp\/?p=31925"},"modified":"2025-10-13T16:54:01","modified_gmt":"2025-10-13T19:54:01","slug":"mensagens-da-verdade-darcio-518","status":"publish","type":"post","link":"https:\/\/www.fachodeluz.blog.br\/wp\/2025\/05\/19\/mensagens-da-verdade-darcio-518\/","title":{"rendered":"Mensagens da Verdade (D\u00e1rcio) \u2013 518"},"content":{"rendered":"<div>\n<p align=\"center\" style=\"text-align: center;\"><span style=\"font-family: tahoma, arial, helvetica, sans-serif; font-size: 24px;\">\u00a0\u00a0\u00a0<img loading=\"lazy\" decoding=\"async\" loading=\"lazy\" title=\"clip_image001\" border=\"0\" alt=\"clip_image001\" src=\"https:\/\/mail.google.com\/mail\/u\/0?ui=2&amp;ik=d3c1e461a2&amp;attid=0.2&amp;permmsgid=msg-f:1523296130772176277&amp;th=1523d5c29a670d95&amp;view=fimg&amp;fur=ip&amp;permmsgid=msg-f:1523296130772176277&amp;sz=s0-l75-ft&amp;attbid=ANGjdJ-3NEDMMivhsW88RU9wMWpXHI0c4hK6FzcIsAM4WZCk4scnBGbuBG3O2KjPsD3f1iCswhMLVTHc18VdD9E7MMZgBe_19D6bdwoliGjJp8ppvtAbO1NvFOyXkMc&amp;disp=emb&amp;zw\" width=\"61\" height=\"35\" data-image-whitelisted=\"\" class=\"CToWUd\" data-bit=\"iit\" \/><\/span><\/p>\n<p><span style=\"font-family: tahoma, arial, helvetica, sans-serif; font-size: 24px;\"><span style=\"color: #7030a0;\"><\/span><\/span><\/div>\n<div style=\"text-align: center;\">\n<p align=\"center\"><span style=\"font-family: tahoma, arial, helvetica, sans-serif; font-size: 24px;\"><img loading=\"lazy\" decoding=\"async\" loading=\"lazy\" title=\"clip_image001[6]\" border=\"0\" alt=\"clip_image001[6]\" src=\"https:\/\/mail.google.com\/mail\/u\/0?ui=2&amp;ik=d3c1e461a2&amp;attid=0.3&amp;permmsgid=msg-f:1523296130772176277&amp;th=1523d5c29a670d95&amp;view=fimg&amp;fur=ip&amp;permmsgid=msg-f:1523296130772176277&amp;sz=s0-l75-ft&amp;attbid=ANGjdJ8pgbltW7OWFOxjqdGac1xD9qZ9m3PFzS7F8a0IzL0yfVoSDtHkdUu-OXA6w4RVjOvSJhV6w5dP6aJzneMLOj9MYqRKCXY7MHaQSoN3zOJlsxwJ8YNy2sKu8gk&amp;disp=emb&amp;zw\" width=\"377\" height=\"28\" data-image-whitelisted=\"\" class=\"CToWUd\" data-bit=\"iit\" \/><\/span><\/p>\n<\/div>\n<p style=\"font-weight: 400; text-align: center;\"><span style=\"font-family: tahoma, arial, helvetica, sans-serif; font-size: 24px;\">A \u201cdureza dos cora\u00e7\u00f5es\u201d, encontrada na suposta humanidade por Jesus h\u00e1 mais de dois mil anos, \u00e9 destru\u00edda pela REVELA\u00c7\u00c3O de que\u00a0<em>unicamente o Reino de Deus \u00e9 realidade e onipresen\u00e7a perfeita.<\/em>\u00a0Passada em palavras a algu\u00e9m esta revela\u00e7\u00e3o, a pessoa que a recebe n\u00e3o consegue perceber o que lhe foi dito, por estar acima do entendimento mental ou humano; unicamente pela\u00a0<em>Consci\u00eancia iluminada<\/em>\u00a0algu\u00e9m poder\u00e1 dizer:\u00a0<em>\u201cEntendi!\u201d.<\/em><\/span><\/p>\n<p style=\"font-weight: 400; text-align: center;\"><span style=\"font-family: tahoma, arial, helvetica, sans-serif; font-size: 24px;\">Jesus n\u00e3o fundou religi\u00f5es nem igrejas!\u00a0 A \u201cpedra\u201d, sobre a qual disse erigir sua igreja, nada tem a ver com \u201cmundo material\u201d! Trata-se da REVELA\u00c7\u00c3O! Ela conta com o suposto \u201ccarnal do mundo\u201d calado, e com O PAI SE REVELANDO EM SEU SER! fOI ASSIM QUE PEDRO RECONHECEU O CRISTO EM JESUS! E FOI ASSIM QUE ALI JESUS DEFINIU\u00a0 A SUA \u201cIGREJA\u201d: COM O\u00a0<em>BATISMO COM FOGO!<\/em>\u00a0EM PEDRO O PAI SE REVELOU SENDO O CRISTO! E O CRISTO, EM PEDRO, RECONHECEU O CRISTO EM JESUS!.<\/span><\/p>\n<p style=\"font-weight: 400; text-align: center;\"><span style=\"font-family: tahoma, arial, helvetica, sans-serif; font-size: 24px;\"><em>\u201cOs verdadeiros adoradores adorar\u00e3o o Pai em esp\u00edrito e em verdade\u201d,<\/em>\u00a0disse ele \u00e0 samaritana\u201d! Por que disse isto? Porque estava vendo o Reino ali, estava vendo o Cristo\u00a0<em>sendo<\/em>\u00a0a samaritana, e sabia que unicamente por\u00a0<em>Autorrevela\u00e7\u00e3o,<\/em>\u00a0a mulher se veria sendo\u00a0<em>FONTE DE RIOS DE \u00c1GUA VIVA, LIVRE DO PO\u00c7O DE JAC\u00d3, E LIVRE DOS C\u00c2NTAROS (CREN\u00c7AS MATERIAIS)!<\/em><\/span><\/p>\n<p style=\"font-weight: 400; text-align: center;\"><span style=\"font-family: tahoma, arial, helvetica, sans-serif; font-size: 24px;\">Seja VOC\u00ca um<em>\u00a0\u201cverdadeiro adorador\u201d,<\/em>\u00a0adorando o Pai em<em>\u00a0\u201cseu Corpo e em seu Esp\u00edrito\u201d,<\/em>\u00a0como disse Paulo em 1 Cor. 6:20. Para qu\u00ea?\u00a0<em>Para o \u201cBatismo com Fogo\u201d apagar-lhe a ilus\u00f3ria vis\u00e3o humana que o leva a ver \u201cmundo terreno\u201d.<\/em><\/span><\/p>\n<p style=\"font-weight: 400; text-align: center;\"><span style=\"font-family: tahoma, arial, helvetica, sans-serif; font-size: 24px;\">Qual \u00e9 a finalidade de \u201cmundo terreno\u201d? O mundo e suas religi\u00f5es encontraram v\u00e1rias! Por\u00e9m, se voc\u00ea atentar para o que disse Jesus:<em>\u00a0\u201cBuscai, em primeiro lugar, o Reino de Deus\u201d,<\/em>\u00a0f\u00e1cil lhe ser\u00e1 captar que o \u201cmundo terreno\u201d tem, por finalidade,\u00a0<em>UNICAMENTE SUMIR DE SUA PERCEP\u00c7\u00c3O!<\/em>\u00a0 \u00c9 o maior dos embustes, chamado de<em>\u00a0ILUS\u00c3O,<\/em>\u00a0por Buda, de\u00a0<em>APAR\u00caNCIA,<\/em>\u00a0por Krishna, e de\u00a0<em>\u201cMUNDO DO PAI DA MENTIRA\u201d,<\/em>\u00a0por Jesus. Isto significa o seguinte:\u00a0<em>JAMAIS VOC\u00ca\u00a0 ESTEVE EM \u201cMUNDO MATERIAL\u201d.<\/em><\/span><\/p>\n<p style=\"font-weight: 400; text-align: center;\"><span style=\"font-family: tahoma, arial, helvetica, sans-serif; font-size: 24px;\"><em>\u201cVim lan\u00e7ar fogo na terra; e que mais quero, se j\u00e1 est\u00e1 aceso? Importa, por\u00e9m, que seja batizado com um certo batismo; e como me angustio at\u00e9 que venha a cumprir-se!\u201d<\/em>\u00a0(Lc. 12: 49, 50).<\/span><\/p>\n<p style=\"font-weight: 400; text-align: center;\"><span style=\"font-family: tahoma, arial, helvetica, sans-serif; font-size: 24px;\">Voc\u00ea ainda acredita\u00a0 que \u201cest\u00e1 em mundo material\u201d? Fa\u00e7a o seguinte: ABRA-SE AO BATISMO COM FOGO! Fique em sil\u00eancio, desligue-se mentalmente \u201cdeste mundo\u201d, e, acreditando ESTAR NO REINO DE DEUS, tenha em mente unicamente que ELE LHE SEJA REVELADO! N\u00e3o h\u00e1 outro caminho, sen\u00e3o o da\u00a0<em>Autorrevela\u00e7\u00e3o!<\/em>\u00a0<em>\u201c\u00c9 do agrado Pai dar-vos o Seu Reino\u201d,<\/em>\u00a0disse Jesus.<\/span><\/p>\n<p style=\"font-weight: 400; text-align: center;\"><span style=\"font-family: tahoma, arial, helvetica, sans-serif; font-size: 24px;\">O ENSINAMENTO ABSOLUTO SE REDUZ A CADA UM\u00a0<em>\u201cRECEBER ESTE PRESENTE\u201d,<\/em>\u00a0QUE J\u00c1 LHE \u00c9 DADO PELO PAI, SEMPRE NO\u00a0<em>AGORA ABSOLUTO! ESTA EXPERI\u00caNCIA \u00c9 O \u201cBATISMO COM FOGO\u201d!<\/em><\/span><\/p>\n","protected":false},"excerpt":{"rendered":"<p>\u00a0\u00a0\u00a0 A \u201cdureza dos cora\u00e7\u00f5es\u201d, encontrada na suposta humanidade por Jesus h\u00e1 mais de dois mil anos, \u00e9 destru\u00edda pela REVELA\u00c7\u00c3O de que\u00a0unicamente o Reino de Deus \u00e9 realidade e onipresen\u00e7a perfeita.\u00a0Passada em palavras a algu\u00e9m esta revela\u00e7\u00e3o, a pessoa que a recebe n\u00e3o consegue perceber o que lhe foi dito, por estar acima do &hellip; <\/p>\n<p class=\"link-more\"><a href=\"https:\/\/www.fachodeluz.blog.br\/wp\/2025\/05\/19\/mensagens-da-verdade-darcio-518\/\" class=\"more-link\">Leia mais<span class=\"screen-reader-text\"> &#8220;Mensagens da Verdade (D\u00e1rcio) \u2013 518&#8221;<\/span><\/a><\/p>\n","protected":false},"author":2,"featured_media":0,"comment_status":"open","ping_status":"closed","sticky":false,"template":"","format":"standard","meta":{"nf_dc_page":"","_crdt_document":"","footnotes":""},"categories":[10,94],"tags":[67,68,98],"class_list":["post-31925","post","type-post","status-publish","format-standard","hentry","category-darcio-dezolt","category-mensagens-da-verdade","tag-darciodezolt","tag-fachodeluz","tag-mensagensdaverdade"],"featured_media_urls":[],"_links":{"self":[{"href":"https:\/\/www.fachodeluz.blog.br\/wp\/wp-json\/wp\/v2\/posts\/31925","targetHints":{"allow":["GET"]}}],"collection":[{"href":"https:\/\/www.fachodeluz.blog.br\/wp\/wp-json\/wp\/v2\/posts"}],"about":[{"href":"https:\/\/www.fachodeluz.blog.br\/wp\/wp-json\/wp\/v2\/types\/post"}],"author":[{"embeddable":true,"href":"https:\/\/www.fachodeluz.blog.br\/wp\/wp-json\/wp\/v2\/users\/2"}],"replies":[{"embeddable":true,"href":"https:\/\/www.fachodeluz.blog.br\/wp\/wp-json\/wp\/v2\/comments?post=31925"}],"version-history":[{"count":1,"href":"https:\/\/www.fachodeluz.blog.br\/wp\/wp-json\/wp\/v2\/posts\/31925\/revisions"}],"predecessor-version":[{"id":31926,"href":"https:\/\/www.fachodeluz.blog.br\/wp\/wp-json\/wp\/v2\/posts\/31925\/revisions\/31926"}],"wp:attachment":[{"href":"https:\/\/www.fachodeluz.blog.br\/wp\/wp-json\/wp\/v2\/media?parent=31925"}],"wp:term":[{"taxonomy":"category","embeddable":true,"href":"https:\/\/www.fachodeluz.blog.br\/wp\/wp-json\/wp\/v2\/categories?post=31925"},{"taxonomy":"post_tag","embeddable":true,"href":"https:\/\/www.fachodeluz.blog.br\/wp\/wp-json\/wp\/v2\/tags?post=31925"}],"curies":[{"name":"wp","href":"https:\/\/api.w.org\/{rel}","templated":true}]}}