{"id":3196,"date":"2009-07-22T09:04:56","date_gmt":"2009-07-22T12:04:56","guid":{"rendered":"http:\/\/fachodeluz.hostmach.com.br\/wp\/?p=3196"},"modified":"2009-07-22T09:04:56","modified_gmt":"2009-07-22T12:04:56","slug":"um-com-deus-e-deus","status":"publish","type":"post","link":"https:\/\/www.fachodeluz.blog.br\/wp\/2009\/07\/22\/um-com-deus-e-deus\/","title":{"rendered":"UM COM DEUS \u00c9 DEUS"},"content":{"rendered":"<p><span style=\"font-family: Arial; font-size: x-large;\"> <\/span><\/p>\n<div style=\"text-align: center;\"><strong><span style=\"font-family: Vivian; color: #008000; font-size: xx-large;\">UM COM DEUS <\/span><\/strong><\/div>\n<div style=\"text-align: center;\"><span style=\"color: #008000;\"><strong><span style=\"font-size: xx-large;\"><span style=\"font-family: Vivian;\">\u00c9  DEUS<\/span><br \/>\n<\/span><\/strong><strong><span style=\"font-size: xx-small;\">.<\/span><\/strong><\/span><\/div>\n<div style=\"text-align: center;\"><span style=\"color: #008000;\"><strong><span style=\"font-size: medium;\">D\u00e1rcio<\/span><\/strong><\/span><\/div>\n<div><strong><span style=\"color: #008000;\"><span style=\"font-size: xx-small;\">.<br \/>\n<\/span><\/span><\/strong><\/div>\n<p><strong><span style=\"color: #008000;\"> <\/span><\/strong><\/p>\n<div><strong><span style=\"color: #008000;\"><br \/>\n<\/span><\/strong><span style=\"font-family: Georgia; color: #008000; font-size: medium;\"><strong>As contempla\u00e7\u00f5es que diariamente fazemos da Verdade s\u00e3o  aceita\u00e7\u00f5es conscientes do fato eterno e inquebrant\u00e1vel de que Deus \u00e9 o nosso  ser. Dizer que &#8220;n\u00e3o estou separado de Deus&#8221;, ou dizer que &#8220;Deus e eu somos um&#8221;,  significa reconhecer a Unidade de um Infinito que \u00e9 perfeito! Nada h\u00e1 fora de  &#8220;MIM&#8221;, uma vez que a Mente \u00daNICA Se expressa como a Consci\u00eancia de ser\u00a0 tudo e  de ser todos.<\/strong><\/p>\n<p><strong>N\u00e3o force para ser &#8220;um com Deus&#8221;, o que seria desejar  &#8220;aquecer o fogo&#8221;. A natureza do fogo \u00e9 arder, a natureza de nosso ser \u00e9  resplandecer! A Luz que somos \u00e9 o Infinito Iluminado Se expressando aqui e  agora! Contemple o fato consumado! Identifique-se diretamente com ele, sem  rodeios e sem an\u00e1lises humanas! Jamais, por um instante sequer, voc\u00ea esteve sendo  &#8220;outro&#8221;, sen\u00e3o Deus! Inexistem &#8220;outros&#8221; ao lado do Uno. DEUS \u00c9 TUDO! Por isso,  UM COM DEUS \u00c9 DEUS!<\/strong><\/p>\n<p><\/span><\/div>\n<div><strong> <\/strong><\/div>\n<div style=\"text-align: center;\"><strong><span style=\"font-family: Georgia; color: #008000; font-size: medium;\">.<\/span><\/strong><\/div>\n<p><span style=\"font-family: Arial; font-size: x-large;\"> <\/span><\/p>\n","protected":false},"excerpt":{"rendered":"<p>UM COM DEUS \u00c9 DEUS . D\u00e1rcio . As contempla\u00e7\u00f5es que diariamente fazemos da Verdade s\u00e3o aceita\u00e7\u00f5es conscientes do fato eterno e inquebrant\u00e1vel de que Deus \u00e9 o nosso ser. Dizer que &#8220;n\u00e3o estou separado de Deus&#8221;, ou dizer que &#8220;Deus e eu somos um&#8221;, significa reconhecer a Unidade de um Infinito que \u00e9 perfeito! &hellip; <\/p>\n<p class=\"link-more\"><a href=\"https:\/\/www.fachodeluz.blog.br\/wp\/2009\/07\/22\/um-com-deus-e-deus\/\" class=\"more-link\">Leia mais<span class=\"screen-reader-text\"> &#8220;UM COM DEUS \u00c9 DEUS&#8221;<\/span><\/a><\/p>\n","protected":false},"author":2,"featured_media":0,"comment_status":"open","ping_status":"open","sticky":false,"template":"","format":"standard","meta":{"nf_dc_page":"","_crdt_document":"","footnotes":""},"categories":[10],"tags":[],"class_list":["post-3196","post","type-post","status-publish","format-standard","hentry","category-darcio-dezolt"],"featured_media_urls":[],"_links":{"self":[{"href":"https:\/\/www.fachodeluz.blog.br\/wp\/wp-json\/wp\/v2\/posts\/3196","targetHints":{"allow":["GET"]}}],"collection":[{"href":"https:\/\/www.fachodeluz.blog.br\/wp\/wp-json\/wp\/v2\/posts"}],"about":[{"href":"https:\/\/www.fachodeluz.blog.br\/wp\/wp-json\/wp\/v2\/types\/post"}],"author":[{"embeddable":true,"href":"https:\/\/www.fachodeluz.blog.br\/wp\/wp-json\/wp\/v2\/users\/2"}],"replies":[{"embeddable":true,"href":"https:\/\/www.fachodeluz.blog.br\/wp\/wp-json\/wp\/v2\/comments?post=3196"}],"version-history":[{"count":0,"href":"https:\/\/www.fachodeluz.blog.br\/wp\/wp-json\/wp\/v2\/posts\/3196\/revisions"}],"wp:attachment":[{"href":"https:\/\/www.fachodeluz.blog.br\/wp\/wp-json\/wp\/v2\/media?parent=3196"}],"wp:term":[{"taxonomy":"category","embeddable":true,"href":"https:\/\/www.fachodeluz.blog.br\/wp\/wp-json\/wp\/v2\/categories?post=3196"},{"taxonomy":"post_tag","embeddable":true,"href":"https:\/\/www.fachodeluz.blog.br\/wp\/wp-json\/wp\/v2\/tags?post=3196"}],"curies":[{"name":"wp","href":"https:\/\/api.w.org\/{rel}","templated":true}]}}