{"id":31999,"date":"2025-06-17T19:02:31","date_gmt":"2025-06-17T22:02:31","guid":{"rendered":"https:\/\/fachodeluz.blog.br\/wp\/?p=31999"},"modified":"2025-10-13T16:53:38","modified_gmt":"2025-10-13T19:53:38","slug":"mensagens-da-verdade-darcio-547","status":"publish","type":"post","link":"https:\/\/www.fachodeluz.blog.br\/wp\/2025\/06\/17\/mensagens-da-verdade-darcio-547\/","title":{"rendered":"Mensagens da Verdade (D\u00e1rcio) \u2013 547"},"content":{"rendered":"<p style=\"text-align: center;\"><span style=\"font-size: 24px;\">\u00a0<\/span><\/p>\n<p style=\"text-align: center;\"><span style=\"font-size: 24px;\">\u00a0<\/span><\/p>\n<p style=\"text-align: center;\"><span style=\"font-size: 24px;\"><span style=\"font-size: 32px;\">547<\/span>\u00a0<\/span><!--more--><\/p>\n<p style=\"text-align: center;\"><span style=\"font-size: 24px;\"><span style=\"font-size: 28px;\">Mortos que se julgam vivos<\/span>\u00a0<\/span><\/p>\n<p style=\"text-align: center;\"><span style=\"font-size: 24px;\">\u00a0<\/span><\/p>\n<p style=\"text-align: center;\"><span style=\"font-size: 24px;\">Apesar de ter recebido tremenda Verdade Absoluta, revelada por mestres de todos os tempos, a humanidade ainda n\u00e3o aprendeu a se identificar com Deus e com a Vida de Deus, vivendo a ilus\u00f3ria \u201cvida de nascimentos e mortes\u201d vista pela mente em ilus\u00e3o.<\/span><\/p>\n<p style=\"text-align: center;\"><span style=\"font-size: 24px;\">Assim disse Buda: \u201cO oceano \u00e9 minha doutrina, ambos v\u00e3o ficando cada vez mais profundos. Ambos em todas as suas mudan\u00e7as conservam a unidade. Ambos devolvem cad\u00e1veres \u00e0 praia\u201d.<\/span><\/p>\n<p style=\"text-align: center;\"><span style=\"font-size: 24px;\">A humanidade n\u00e3o se mexeu interiormente, para se aprofundar nos princ\u00edpios espirituais revelados! Vive a vida do \u201cdeixe como est\u00e1 para ver como \u00e9 que fica\u201d, perdendo a oportunidade de realmente conhecer a Verdade da exist\u00eancia \u00daNICA de Deus, vivendo puramente uma \u201cilus\u00e3o de exist\u00eancia\u201d, formada unicamente de cren\u00e7as hipn\u00f3ticas em dois poderes: o bem e o mal.<\/span><\/p>\n<p style=\"text-align: center;\"><span style=\"font-size: 24px;\">Buda explicou que sua doutrina devolve cad\u00e1veres \u00e0 praia, que s\u00e3o \u201ccad\u00e1veres vivos\u201d para a mente humana! Esta suposta \u201cvida material\u201d \u00e9 um blefe s\u00f3! N\u00e3o h\u00e1 ningu\u00e9m vivo na mat\u00e9ria, inclusive porque \u201cmat\u00e9ria n\u00e3o existe\u201d!<\/span><\/p>\n<p style=\"text-align: center;\"><span style=\"font-size: 24px;\">DEUS \u00c9 TUDO E DEUS \u00c9 ESP\u00cdRITO! Por isso, ao rapaz que dizia desejar segui-lo, indo antes s\u00f3 enterrer seu pai, Jesus lhe disse: \u201cDeixa aos mortos o enterrar seus mortos\u201d, revelando a mesma Verdade ensinada por Buda: N\u00c3O H\u00c1 VIDA EM VIDA MATERIAL, SENDO UNICAMENTE UM SONHO OU PESADELO DA HUMANIDADE, ILUDIDA POR UM \u201cHIPNOTISMO DE MASSA\u201d!<\/span><\/p>\n<p style=\"text-align: center;\"><span style=\"font-size: 24px;\">\u00a0<\/span><\/p>\n<p style=\"text-align: center;\"><span style=\"font-size: 24px;\">\u00a0<\/span><\/p>\n<p style=\"text-align: center;\"><span style=\"font-size: 24px;\">\u00a0<\/span><\/p>\n<p style=\"text-align: center;\"><span style=\"font-size: 24px;\">\u00a0<\/span><\/p>\n<p style=\"text-align: center;\"><span style=\"font-size: 24px;\">\u00a0<\/span><\/p>\n<p style=\"text-align: center;\"><span style=\"font-size: 24px;\">\u00a0<\/span><\/p>\n<p style=\"text-align: center;\"><span style=\"font-size: 24px;\">\u00a0<\/span><\/p>\n<p style=\"text-align: center;\"><span style=\"font-size: 24px;\">\u00a0<\/span><\/p>\n<p style=\"text-align: center;\"><span style=\"font-size: 24px;\">\u00a0<\/span><\/p>\n<p style=\"text-align: center;\"><span style=\"font-size: 24px;\">\u00a0<\/span><\/p>\n<p style=\"text-align: center;\"><span style=\"font-size: 24px;\">\u00a0<\/span><\/p>\n<p style=\"text-align: center;\"><span style=\"font-size: 24px;\">\u00a0<\/span><\/p>\n<p style=\"text-align: center;\"><span style=\"font-size: 24px;\">\u00a0<\/span><\/p>\n<p style=\"text-align: center;\"><span style=\"font-size: 24px;\">\u00a0<\/span><\/p>\n<p style=\"text-align: center;\"><span style=\"font-size: 24px;\">\u00a0<\/span><\/p>\n","protected":false},"excerpt":{"rendered":"<p>\u00a0 \u00a0 547\u00a0<\/p>\n","protected":false},"author":2,"featured_media":0,"comment_status":"open","ping_status":"closed","sticky":false,"template":"","format":"standard","meta":{"nf_dc_page":"","_crdt_document":"","footnotes":""},"categories":[10,94],"tags":[67,68,98],"class_list":["post-31999","post","type-post","status-publish","format-standard","hentry","category-darcio-dezolt","category-mensagens-da-verdade","tag-darciodezolt","tag-fachodeluz","tag-mensagensdaverdade"],"featured_media_urls":[],"_links":{"self":[{"href":"https:\/\/www.fachodeluz.blog.br\/wp\/wp-json\/wp\/v2\/posts\/31999","targetHints":{"allow":["GET"]}}],"collection":[{"href":"https:\/\/www.fachodeluz.blog.br\/wp\/wp-json\/wp\/v2\/posts"}],"about":[{"href":"https:\/\/www.fachodeluz.blog.br\/wp\/wp-json\/wp\/v2\/types\/post"}],"author":[{"embeddable":true,"href":"https:\/\/www.fachodeluz.blog.br\/wp\/wp-json\/wp\/v2\/users\/2"}],"replies":[{"embeddable":true,"href":"https:\/\/www.fachodeluz.blog.br\/wp\/wp-json\/wp\/v2\/comments?post=31999"}],"version-history":[{"count":3,"href":"https:\/\/www.fachodeluz.blog.br\/wp\/wp-json\/wp\/v2\/posts\/31999\/revisions"}],"predecessor-version":[{"id":32002,"href":"https:\/\/www.fachodeluz.blog.br\/wp\/wp-json\/wp\/v2\/posts\/31999\/revisions\/32002"}],"wp:attachment":[{"href":"https:\/\/www.fachodeluz.blog.br\/wp\/wp-json\/wp\/v2\/media?parent=31999"}],"wp:term":[{"taxonomy":"category","embeddable":true,"href":"https:\/\/www.fachodeluz.blog.br\/wp\/wp-json\/wp\/v2\/categories?post=31999"},{"taxonomy":"post_tag","embeddable":true,"href":"https:\/\/www.fachodeluz.blog.br\/wp\/wp-json\/wp\/v2\/tags?post=31999"}],"curies":[{"name":"wp","href":"https:\/\/api.w.org\/{rel}","templated":true}]}}