{"id":32071,"date":"2025-07-11T16:43:02","date_gmt":"2025-07-11T19:43:02","guid":{"rendered":"https:\/\/fachodeluz.blog.br\/wp\/?p=32071"},"modified":"2025-07-07T16:44:03","modified_gmt":"2025-07-07T19:44:03","slug":"mensagens-da-verdade-darcio-571","status":"publish","type":"post","link":"https:\/\/www.fachodeluz.blog.br\/wp\/2025\/07\/11\/mensagens-da-verdade-darcio-571\/","title":{"rendered":"Mensagens da Verdade (D\u00e1rcio) \u2013 571"},"content":{"rendered":"<div align=\"center\"><span style=\"font-size: 300%;\">571<\/span><\/div>\n<div align=\"center\"><\/div>\n<div align=\"center\"><span style=\"color: #0000ff; font-size: xx-large;\"><strong>\u201cSEMPRE DISPON\u00cdVEL\u201d<\/strong><\/span><\/div>\n<div align=\"center\"><\/div>\n<div align=\"center\"><span style=\"color: #0000ff; font-size: x-large;\">A\u00a0<strong><em>sa\u00fade,<\/em><\/strong>\u00a0no enfoque metaf\u00edsico, nunca \u00e9\u00a0<em><strong>\u201calgo a ser obtido\u201d,<\/strong><\/em>\u00a0mas\u00a0<strong><em>\u201calgo j\u00e1 presente a ser reconhecido\u201d!<\/em><\/strong>\u00a0Por acreditar na mat\u00e9ria e em corpo material, a humanidade vive com aten\u00e7\u00e3o a este\u00a0<strong><em>\u201cconceito de corpo\u201d,<\/em><\/strong>\u00a0fazendo de tudo para mant\u00ea-lo perfeito.<\/span><\/div>\n<div align=\"center\"><\/div>\n<div align=\"center\"><span style=\"color: #0000ff; font-size: x-large;\">Que diz a\u00a0<em><strong>Metaf\u00edsica?<\/strong><\/em>\u00a0 O seguinte:<strong><em>\u00a0\u201cCorpo carnal n\u00e3o existe! O \u00fanico Corpo em evid\u00eancia, e sendo o seu Corpo, \u00e9 formado e mantido pelo Esp\u00edrito de Deus, e est\u00e1, portanto, perfeito sempre!<\/em><\/strong><\/span><\/div>\n<div align=\"center\"><\/div>\n<div align=\"center\"><span style=\"color: #0000ff; font-size: x-large;\">O t\u00edtulo desta mensagem \u00e9\u00a0<strong><em>\u201cSempre Dispon\u00edvel\u201d,<\/em><\/strong>\u00a0e o motivo \u00e9 o seguinte: a maioria nem percebe que Deus lhe est\u00e1 dispon\u00edvel a qualquer instante, a ponto de se sentir\u00a0<strong><em>\u201cglorificada\u201d<\/em><\/strong>\u00a0por isso! Se resolve orar pela manh\u00e3, Deus ali est\u00e1; se resolve orar \u00e0 tarde, Deus al\u00ed est\u00e1! E isto a qualquer momento!<\/span><\/div>\n<div align=\"center\"><\/div>\n<div align=\"center\"><span style=\"color: #0000ff; font-size: x-large;\">Portanto,\u00a0<strong><em>antes de perceber que DEUS \u00c9 O SEU CORPO, SUA SA\u00daDE, SUA PERFEI\u00c7\u00c3O,<\/em><\/strong>\u00a0SINTA-SE\u00a0<strong><em>GLORIFICADO<\/em><\/strong>\u00a0PELA SUA PRESEN\u00c7A CONSTANTE,\u00a0<strong><em>SEMPRE DISPON\u00cdVEL,<\/em><\/strong>\u00a0SEMPRE PRONTO A FAZ\u00ca-LO PERCEBER QUE<\/span><\/div>\n<div align=\"center\"><span style=\"color: #0000ff; font-size: x-large;\"><strong><em>VOC\u00ca \u00c9 FILHO DELE, E NUNCA FILHO DE CARNAIS!<\/em><\/strong><\/span><\/div>\n<div align=\"center\"><\/div>\n","protected":false},"excerpt":{"rendered":"<p>571 \u201cSEMPRE DISPON\u00cdVEL\u201d A\u00a0sa\u00fade,\u00a0no enfoque metaf\u00edsico, nunca \u00e9\u00a0\u201calgo a ser obtido\u201d,\u00a0mas\u00a0\u201calgo j\u00e1 presente a ser reconhecido\u201d!\u00a0Por acreditar na mat\u00e9ria e em corpo material, a humanidade vive com aten\u00e7\u00e3o a este\u00a0\u201cconceito de corpo\u201d,\u00a0fazendo de tudo para mant\u00ea-lo perfeito. Que diz a\u00a0Metaf\u00edsica?\u00a0 O seguinte:\u00a0\u201cCorpo carnal n\u00e3o existe! O \u00fanico Corpo em evid\u00eancia, e sendo o seu Corpo, &hellip; <\/p>\n<p class=\"link-more\"><a href=\"https:\/\/www.fachodeluz.blog.br\/wp\/2025\/07\/11\/mensagens-da-verdade-darcio-571\/\" class=\"more-link\">Leia mais<span class=\"screen-reader-text\"> &#8220;Mensagens da Verdade (D\u00e1rcio) \u2013 571&#8221;<\/span><\/a><\/p>\n","protected":false},"author":2,"featured_media":0,"comment_status":"open","ping_status":"closed","sticky":false,"template":"","format":"standard","meta":{"nf_dc_page":"","_crdt_document":"","footnotes":""},"categories":[10,94],"tags":[67,68,98],"class_list":["post-32071","post","type-post","status-publish","format-standard","hentry","category-darcio-dezolt","category-mensagens-da-verdade","tag-darciodezolt","tag-fachodeluz","tag-mensagensdaverdade"],"featured_media_urls":[],"_links":{"self":[{"href":"https:\/\/www.fachodeluz.blog.br\/wp\/wp-json\/wp\/v2\/posts\/32071","targetHints":{"allow":["GET"]}}],"collection":[{"href":"https:\/\/www.fachodeluz.blog.br\/wp\/wp-json\/wp\/v2\/posts"}],"about":[{"href":"https:\/\/www.fachodeluz.blog.br\/wp\/wp-json\/wp\/v2\/types\/post"}],"author":[{"embeddable":true,"href":"https:\/\/www.fachodeluz.blog.br\/wp\/wp-json\/wp\/v2\/users\/2"}],"replies":[{"embeddable":true,"href":"https:\/\/www.fachodeluz.blog.br\/wp\/wp-json\/wp\/v2\/comments?post=32071"}],"version-history":[{"count":1,"href":"https:\/\/www.fachodeluz.blog.br\/wp\/wp-json\/wp\/v2\/posts\/32071\/revisions"}],"predecessor-version":[{"id":32072,"href":"https:\/\/www.fachodeluz.blog.br\/wp\/wp-json\/wp\/v2\/posts\/32071\/revisions\/32072"}],"wp:attachment":[{"href":"https:\/\/www.fachodeluz.blog.br\/wp\/wp-json\/wp\/v2\/media?parent=32071"}],"wp:term":[{"taxonomy":"category","embeddable":true,"href":"https:\/\/www.fachodeluz.blog.br\/wp\/wp-json\/wp\/v2\/categories?post=32071"},{"taxonomy":"post_tag","embeddable":true,"href":"https:\/\/www.fachodeluz.blog.br\/wp\/wp-json\/wp\/v2\/tags?post=32071"}],"curies":[{"name":"wp","href":"https:\/\/api.w.org\/{rel}","templated":true}]}}