{"id":3212,"date":"2009-07-24T01:09:26","date_gmt":"2009-07-24T04:09:26","guid":{"rendered":"http:\/\/fachodeluz.hostmach.com.br\/wp\/?p=3212"},"modified":"2009-07-24T01:09:26","modified_gmt":"2009-07-24T04:09:26","slug":"a-ciencia-crista-em-estudos-de-percepcao-1","status":"publish","type":"post","link":"https:\/\/www.fachodeluz.blog.br\/wp\/2009\/07\/24\/a-ciencia-crista-em-estudos-de-percepcao-1\/","title":{"rendered":"A CI\u00caNCIA CRIST\u00c3 EM ESTUDOS DE PERCEP\u00c7\u00c3O -1"},"content":{"rendered":"<div style=\"text-align: center;\"><span style=\"font-family: Dayton; color: #800000; font-size: xx-large;\">A CI\u00caNCIA CRIST\u00c3 <\/span><\/div>\n<div style=\"text-align: center;\"><span style=\"font-family: Dayton; color: #800000; font-size: xx-large;\">EM ESTUDOS DE  PERCEP\u00c7\u00c3O<\/span><\/div>\n<div style=\"text-align: center;\"><span style=\"font-family: Arial; color: #800000;\"><strong>D\u00e1rcio<\/strong><\/span><\/div>\n<div style=\"text-align: center;\"><span style=\"font-family: Arial; color: #800000; font-size: xx-small;\">.<\/span><\/div>\n<div style=\"text-align: center;\"><span style=\"font-family: Arial; color: #800000; font-size: medium;\">-1-<\/span><\/div>\n<div style=\"text-align: center;\"><span style=\"font-family: Arial; color: #800000; font-size: xx-small;\">.<\/span><\/div>\n<div><strong><span style=\"font-family: Palatino Linotype; color: #800000; font-size: medium;\">Enquanto a real Subst\u00e2ncia de tudo  \u00e9 imut\u00e1vel, e \u00e9 Esp\u00edrito, &#8220;mudam&#8221; continuamente as apar\u00eancias vis\u00edveis em  propor\u00e7\u00e3o direta \u00e0s mudan\u00e7as das cren\u00e7as ilus\u00f3rias. Ao nos prendermos \u00e0  Subst\u00e2ncia eterna, perfeita e imut\u00e1vel aqui presente, estaremos &#8220;praticando a  Verdade&#8221;, pois, em Deus nunca h\u00e1 mudan\u00e7as.<\/p>\n<p>Acredita-se que a mat\u00e9ria \u00e9  real! E, acredita-se que o homem \u00e9 um ser material sujeito \u00e0s sugest\u00f5es do bem e  do mal com que \u00e9 bombardeado o tempo todo pelas cren\u00e7as coletivas dualistas, e  que contam com o seu endosso interno.<\/p>\n<p>&#8220;A mat\u00e9ria n\u00e3o existe!&#8221; Aqui est\u00e1  revelado o axioma-b\u00e1sico de demonstra\u00e7\u00e3o da Ci\u00eancia Crist\u00e3. N\u00e3o \u00e9 uma revela\u00e7\u00e3o  para ser somente\u00a0 lida! Estamos ainda acreditando em mat\u00e9ria? Nesse caso, se  quisermos p\u00f4r em pr\u00e1tica estes estudos, teremos de reavaliar esta aceita\u00e7\u00e3o,  expulsando em definitivo esta ideia err\u00f4nea.<\/p>\n<p>&#8220;O Esp\u00edrito \u00e9 infinito;  logo, o Esp\u00edrito \u00e9 tudo!&#8221; Esta asser\u00e7\u00e3o nos obriga a aceitar que &#8220;n\u00e3o existe  mat\u00e9ria&#8221;. Ocupemo-nos em reconhecer e perceber estas Verdades! Estaremos, desse  modo, &#8220;trabalhando pela comida que n\u00e3o perece&#8221;, &#8220;ajuntando tesouros&#8221; que estar\u00e3o  protegidos de &#8220;tra\u00e7as e de ladr\u00f5es&#8221;, e estaremos, de fato,\u00a0\u00a0 &#8220;estudando a  Verdade&#8221;.<\/p>\n<p>Fa\u00e7amo-nos\u00a0 perguntas do seguinte tipo: Estou acreditando que  &#8220;mat\u00e9ria existe&#8221;? Estou reconhecendo que, sendo o Esp\u00edrito infinito, e, portanto  Tudo, inexistem &#8220;problemas f\u00edsicos&#8221; a serem sanados? Estas indaga\u00e7\u00f5es, em  per\u00edodos de sil\u00eancio e quietude, nos conduzem naturalmente \u00e0 percep\u00e7\u00e3o do que \u00e9  Verdade e do que \u00e9 ilus\u00e3o!<\/p>\n<p>Gravemos bem: &#8220;a inexist\u00eancia da mat\u00e9ria&#8221;,  reconhecida, \u00e9 o axioma-base da Ci\u00eancia Crist\u00e3  demonstrada.<\/p>\n<p><\/span><\/strong><\/div>\n<div style=\"text-align: center;\"><span style=\"font-family: Arial; color: #800000; font-size: x-small;\">.<\/span><\/div>\n<div style=\"text-align: center;\"><span style=\"color: #800000;\"> <\/span><\/div>\n<div style=\"text-align: center;\"><span style=\"color: #800000;\"><strong>O ESP\u00cdRITO \u00c9 INFINITO; PORTANTO, O  ESP\u00cdRITO \u00c9 TUDO. &#8220;A MAT\u00c9RIA N\u00c3O EXISTE &#8221; N\u00c3O APENAS \u00c9 O AXIOMA DA VERDADEIRA  CI\u00caNCIA CRIST\u00c3, MAS TAMB\u00c9M A BASE \u00daNICA SOBRE A QUAL ESTA CI\u00caNCIA PODE SER  DEMONSTRADA.<br \/>\nMary Baker Eddy<br \/>\n<\/strong><span style=\"font-family: Arial; font-size: x-small;\">.<\/span><\/span><\/div>\n<div style=\"text-align: center;\"><strong><span style=\"color: #800000;\">(The First Church of Christ,  Scientist and Miscellany &#8211; p. 357)<\/span><\/strong><\/div>\n","protected":false},"excerpt":{"rendered":"<p>A CI\u00caNCIA CRIST\u00c3 EM ESTUDOS DE PERCEP\u00c7\u00c3O D\u00e1rcio . -1- . Enquanto a real Subst\u00e2ncia de tudo \u00e9 imut\u00e1vel, e \u00e9 Esp\u00edrito, &#8220;mudam&#8221; continuamente as apar\u00eancias vis\u00edveis em propor\u00e7\u00e3o direta \u00e0s mudan\u00e7as das cren\u00e7as ilus\u00f3rias. Ao nos prendermos \u00e0 Subst\u00e2ncia eterna, perfeita e imut\u00e1vel aqui presente, estaremos &#8220;praticando a Verdade&#8221;, pois, em Deus nunca h\u00e1 &hellip; <\/p>\n<p class=\"link-more\"><a href=\"https:\/\/www.fachodeluz.blog.br\/wp\/2009\/07\/24\/a-ciencia-crista-em-estudos-de-percepcao-1\/\" class=\"more-link\">Leia mais<span class=\"screen-reader-text\"> &#8220;A CI\u00caNCIA CRIST\u00c3 EM ESTUDOS DE PERCEP\u00c7\u00c3O -1&#8221;<\/span><\/a><\/p>\n","protected":false},"author":2,"featured_media":0,"comment_status":"open","ping_status":"open","sticky":false,"template":"","format":"standard","meta":{"nf_dc_page":"","_crdt_document":"","footnotes":""},"categories":[10],"tags":[],"class_list":["post-3212","post","type-post","status-publish","format-standard","hentry","category-darcio-dezolt"],"featured_media_urls":[],"_links":{"self":[{"href":"https:\/\/www.fachodeluz.blog.br\/wp\/wp-json\/wp\/v2\/posts\/3212","targetHints":{"allow":["GET"]}}],"collection":[{"href":"https:\/\/www.fachodeluz.blog.br\/wp\/wp-json\/wp\/v2\/posts"}],"about":[{"href":"https:\/\/www.fachodeluz.blog.br\/wp\/wp-json\/wp\/v2\/types\/post"}],"author":[{"embeddable":true,"href":"https:\/\/www.fachodeluz.blog.br\/wp\/wp-json\/wp\/v2\/users\/2"}],"replies":[{"embeddable":true,"href":"https:\/\/www.fachodeluz.blog.br\/wp\/wp-json\/wp\/v2\/comments?post=3212"}],"version-history":[{"count":0,"href":"https:\/\/www.fachodeluz.blog.br\/wp\/wp-json\/wp\/v2\/posts\/3212\/revisions"}],"wp:attachment":[{"href":"https:\/\/www.fachodeluz.blog.br\/wp\/wp-json\/wp\/v2\/media?parent=3212"}],"wp:term":[{"taxonomy":"category","embeddable":true,"href":"https:\/\/www.fachodeluz.blog.br\/wp\/wp-json\/wp\/v2\/categories?post=3212"},{"taxonomy":"post_tag","embeddable":true,"href":"https:\/\/www.fachodeluz.blog.br\/wp\/wp-json\/wp\/v2\/tags?post=3212"}],"curies":[{"name":"wp","href":"https:\/\/api.w.org\/{rel}","templated":true}]}}