{"id":33157,"date":"2026-04-30T21:01:54","date_gmt":"2026-05-01T00:01:54","guid":{"rendered":"https:\/\/www.fachodeluz.blog.br\/wp\/?p=33157"},"modified":"2026-04-22T21:02:41","modified_gmt":"2026-04-23T00:02:41","slug":"mensagens-da-verdade-darcio-864","status":"publish","type":"post","link":"https:\/\/www.fachodeluz.blog.br\/wp\/2026\/04\/30\/mensagens-da-verdade-darcio-864\/","title":{"rendered":"Mensagens da Verdade (D\u00e1rcio) \u2013 864"},"content":{"rendered":"<div align=\"center\"><span style=\"color: #600084; font-size: 300%;\">864<\/span><\/div>\n<div align=\"center\"><span style=\"color: #600084; font-size: xx-large;\">\u2018&#8217;DUAS REVELA\u00c7\u00d5ES, VIVIDAS, LHE TRAR\u00c3O UM<\/span><\/div>\n<div align=\"center\"><span style=\"color: #600084; font-size: xx-large;\">\u201cFELIZ ANO NOVO\u201d!<\/span><\/div>\n<div align=\"center\"><\/div>\n<div align=\"center\"><span style=\"color: #600084; font-size: xx-large;\">Sempre que o mundo comemora suas datas de festas, de anivers\u00e1rios, e v\u00e1rias outras, h\u00e1 aqueles que se sentem felizes e os que se sentem infelizes, e a raiz costumeira destas avalia\u00e7\u00f5es, aparentemente,\u00a0 est\u00e1 na suposta \u201caten\u00e7\u00e3o humana\u201d que as pessoas possam ou n\u00e3o estar recebendo dos demais em tais momentos.<\/span><\/div>\n<div align=\"center\"><\/div>\n<div align=\"center\"><span style=\"color: #600084; font-size: xx-large;\">Enquanto as pessoas n\u00e3o se decidirem por\u00a0<strong><em>\u201cconhecer a Verdade que as liberta\u201d,<\/em><\/strong>\u00a0teremos a manifesta\u00e7\u00e3o da \u201cmente carnal\u201d chorosa e queixosa, sempre atribuindo a causa de descontentamentos a \u201coutros\u201d, que n\u00e3o lhes deram a aten\u00e7\u00e3o merecida, que n\u00e3o lhes retribu\u00edram o bem\u00a0 por elas feito, etc..<\/span><\/div>\n<div align=\"center\"><\/div>\n<div align=\"center\"><span style=\"font-size: xx-large;\"><span style=\"color: #600084;\">Em vez de se OCUPAREM E DAREM ATEN\u00c7\u00c3O A DEUS, \u00c0 VERDADE, DE QUEM TUDO RECEBERAM E CONTINUAM RECEBENDO,\u00a0 &#8211; INCLUSIVE A PR\u00d3PRIA VIDA &#8211; VIVEM \u201cDANDO VOZ\u201d A ESTA\u00a0<strong><em>MENTE FALSA,<\/em><\/strong>\u00a0\u00c0S SUAS JUSTIFICATIVAS E\u00a0 APARENTE L\u00d3GICA, E ACREDITANDO\u00a0<strong><em>SEREM DONOS DELA!<\/em><\/strong><\/span><\/span><\/div>\n<div align=\"center\"><\/div>\n<div align=\"center\"><span style=\"color: #600084; font-size: xx-large;\">H\u00e1 duas revela\u00e7\u00f5es de Paulo que,\u00a0<strong><em>se adotadas radicalmente,<\/em><\/strong>\u00a0dar\u00e3o sumi\u00e7o a estas \u201cdivaga\u00e7\u00f5es mentais nocivas\u201d, que s\u00f3 infelicitam muita gente. S\u00e3o elas as seguintes:<\/span><\/div>\n<div align=\"center\"><\/div>\n<div align=\"center\"><span style=\"font-size: xx-large;\"><span style=\"color: #600084;\"><strong><em>\u201cTemos a Mente de Cristo\u201d<\/em><\/strong>\u00a0\u2013 G\u00e1latas, 2: 20;<\/span><\/span><\/div>\n<div align=\"center\"><span style=\"font-size: xx-large;\"><span style=\"color: #600084;\"><strong><em>\u201cTudo posso atrav\u00e9s do Cristo que me fortalece\u201d-<\/em><\/strong>\u00a0Filipenses, 4: 13.<\/span><\/span><\/div>\n<div align=\"center\"><\/div>\n<div align=\"center\"><span style=\"color: #600084; font-size: xx-large;\">Tenha um verdadeiro\u00a0<strong><em>\u201cFELIZ ANO NOVO\u201d,<\/em><\/strong>\u00a0adotando para valer estas duas cita\u00e7\u00f5es e pondo-as em pr\u00e1tica\u00a0<strong><em>a partir de \u201cJ\u00c1\u201d!<\/em><\/strong><\/span><\/div>\n<div align=\"center\"><\/div>\n<div align=\"center\"><span style=\"color: #600084; font-size: xx-large;\">Admita\u00a0<strong><em>TER A MENTE DE CRISTO AGORA, E<\/em><\/strong>\u00a0<strong><em>ACREDITE-SE FORTALECIDO PELO CRISTO, QUE \u00c9 DEUS SENDO O SEU PR\u00d3PRIO SER!<\/em><\/strong><\/span><\/div>\n<div align=\"center\"><\/div>\n<div align=\"center\"><span style=\"color: #600084; font-size: xx-large;\">Ideias e inspira\u00e7\u00f5es divinas, frutos da\u00a0<strong><em>Onia\u00e7\u00e3o Absoluta,<\/em><\/strong>\u00a0lhe jorrar\u00e3o na mente;\u00a0<strong><em>ANOTE TODAS ELAS,<\/em><\/strong>\u00a0 e\u00a0<strong><em>VOC\u00ca\u00a0<\/em><\/strong>SABER\u00c1 QUE\u00a0<em><strong>J\u00c1 POSSUI<\/strong><\/em>\u00a0TODO O\u00a0<strong><em>PODER DO ALTO<\/em><\/strong>\u00a0PARA CONCRETIZ\u00c1-LAS!<\/span><\/div>\n<div align=\"center\"><\/div>\n","protected":false},"excerpt":{"rendered":"<p>864 \u2018&#8217;DUAS REVELA\u00c7\u00d5ES, VIVIDAS, LHE TRAR\u00c3O UM \u201cFELIZ ANO NOVO\u201d! Sempre que o mundo comemora suas datas de festas, de anivers\u00e1rios, e v\u00e1rias outras, h\u00e1 aqueles que se sentem felizes e os que se sentem infelizes, e a raiz costumeira destas avalia\u00e7\u00f5es, aparentemente,\u00a0 est\u00e1 na suposta \u201caten\u00e7\u00e3o humana\u201d que as pessoas possam ou n\u00e3o estar &hellip; <\/p>\n<p class=\"link-more\"><a href=\"https:\/\/www.fachodeluz.blog.br\/wp\/2026\/04\/30\/mensagens-da-verdade-darcio-864\/\" class=\"more-link\">Leia mais<span class=\"screen-reader-text\"> &#8220;Mensagens da Verdade (D\u00e1rcio) \u2013 864&#8221;<\/span><\/a><\/p>\n","protected":false},"author":2,"featured_media":0,"comment_status":"open","ping_status":"closed","sticky":false,"template":"","format":"standard","meta":{"nf_dc_page":"","_crdt_document":"","footnotes":""},"categories":[10,94],"tags":[67,68,98],"class_list":["post-33157","post","type-post","status-publish","format-standard","hentry","category-darcio-dezolt","category-mensagens-da-verdade","tag-darciodezolt","tag-fachodeluz","tag-mensagensdaverdade"],"featured_media_urls":[],"_links":{"self":[{"href":"https:\/\/www.fachodeluz.blog.br\/wp\/wp-json\/wp\/v2\/posts\/33157","targetHints":{"allow":["GET"]}}],"collection":[{"href":"https:\/\/www.fachodeluz.blog.br\/wp\/wp-json\/wp\/v2\/posts"}],"about":[{"href":"https:\/\/www.fachodeluz.blog.br\/wp\/wp-json\/wp\/v2\/types\/post"}],"author":[{"embeddable":true,"href":"https:\/\/www.fachodeluz.blog.br\/wp\/wp-json\/wp\/v2\/users\/2"}],"replies":[{"embeddable":true,"href":"https:\/\/www.fachodeluz.blog.br\/wp\/wp-json\/wp\/v2\/comments?post=33157"}],"version-history":[{"count":1,"href":"https:\/\/www.fachodeluz.blog.br\/wp\/wp-json\/wp\/v2\/posts\/33157\/revisions"}],"predecessor-version":[{"id":33158,"href":"https:\/\/www.fachodeluz.blog.br\/wp\/wp-json\/wp\/v2\/posts\/33157\/revisions\/33158"}],"wp:attachment":[{"href":"https:\/\/www.fachodeluz.blog.br\/wp\/wp-json\/wp\/v2\/media?parent=33157"}],"wp:term":[{"taxonomy":"category","embeddable":true,"href":"https:\/\/www.fachodeluz.blog.br\/wp\/wp-json\/wp\/v2\/categories?post=33157"},{"taxonomy":"post_tag","embeddable":true,"href":"https:\/\/www.fachodeluz.blog.br\/wp\/wp-json\/wp\/v2\/tags?post=33157"}],"curies":[{"name":"wp","href":"https:\/\/api.w.org\/{rel}","templated":true}]}}