{"id":33161,"date":"2026-05-02T21:04:22","date_gmt":"2026-05-03T00:04:22","guid":{"rendered":"https:\/\/www.fachodeluz.blog.br\/wp\/?p=33161"},"modified":"2026-04-22T21:05:00","modified_gmt":"2026-04-23T00:05:00","slug":"mensagens-da-verdade-darcio-866","status":"publish","type":"post","link":"https:\/\/www.fachodeluz.blog.br\/wp\/2026\/05\/02\/mensagens-da-verdade-darcio-866\/","title":{"rendered":"Mensagens da Verdade (D\u00e1rcio) \u2013 866"},"content":{"rendered":"<div align=\"center\"><span style=\"color: #456143; font-size: 300%;\">866<\/span><\/div>\n<div align=\"center\"><span style=\"color: #456143; font-size: xx-large;\">UM \u201cEU\u201d COMUM A TODOS<\/span><\/div>\n<div align=\"center\"><span style=\"color: #456143; font-size: xx-large;\">\u201cVENCEU O MUNDO!\u201d<\/span><\/div>\n<div align=\"center\"><\/div>\n<div align=\"center\"><span style=\"color: #456143; font-size: xx-large;\">Quando Jesus aludia a si mesmo como \u201cDeus\u201d, estava se vendo n\u00e3o como \u201cpessoa\u201d ou como um \u201cEu divino\u201d separado do Todo, e sua mensagem estava fundamentada justamente nesta UNIDADE PERFEITA que Deus \u00e9, e que tamb\u00e9m somos, pois, assim como Jesus revelou \u201cser um com o Pai\u201d, fez a mesma revela\u00e7\u00e3o sendo a Verdade sobre cada um de n\u00f3s.<\/span><\/div>\n<div align=\"center\"><\/div>\n<div align=\"center\"><span style=\"color: #456143; font-size: xx-large;\">Jesus, segundo ele pr\u00f3prio, \u201csem o Pai nada era\u201d; raz\u00e3o pela qual declarava que \u201csuas obras eram feitas pelo Pai\u201d, \u201csua doutrina n\u00e3o era dele, mas do Pai\u201d, enfim, sabia SER TUDO DELE, N\u00c3O COMO PESSOA, MAS COMO SUA\u00a0<strong><em>UNIDADE COM O PAI!<\/em><\/strong><\/span><\/div>\n<div align=\"center\"><\/div>\n<div align=\"center\"><span style=\"color: #456143; font-size: xx-large;\">Por que Jesus disse que\u00a0<strong><em>\u201cno mundo ter\u00edamos tribula\u00e7\u00f5es, mas que tiv\u00e9ssemos bom \u00e2nimo\u201d, porque \u201cEU VENCI O MUNDO\u201d?<\/em><\/strong>\u00a0A raz\u00e3o \u00e9 a que estamos expondo: ESTE\u00a0<strong><em>\u201cEU\u201d<\/em><\/strong>\u00a0\u00c9 A\u00a0<strong><em>UNIDADE COM O PAI DA QUAL TODOS PARTICIPAMOS!\u00a0<\/em><\/strong>ALGUNS CONSCIENTES DISTO,\u00a0 E OUTROS, AINDA N\u00c3O!<\/span><\/div>\n<div align=\"center\"><\/div>\n<div align=\"center\"><span style=\"font-size: xx-large;\"><span style=\"color: #456143;\">Jesus orou para que\u00a0<strong><em>TODOS PERCEB\u00caSSEMOS ESTA VERDADE!<\/em><\/strong>\u00a0SOMOS\u00a0<strong><em>TODOS<\/em><\/strong>\u00a0UM COM DEUS, IGUAIS A ELE (Jo\u00e3o 17: 22). Atrav\u00e9s do\u00a0<strong><em>\u201crenascimento espiritual\u201d,<\/em><\/strong>\u00a0negamos a n\u00f3s mesmos como \u201ccarnais\u201d\u00a0<strong><em>e nos identificamos com o CRISTO que somos!<\/em><\/strong><\/span><\/span><\/div>\n<div align=\"center\"><\/div>\n<div align=\"center\"><span style=\"font-size: xx-large;\"><span style=\"color: #456143;\">Este CRISTO \u00c9 NOSSA FUS\u00c3O \u2013 UNIDADE &#8211; COM O PAI INFINITO!\u00a0 ESTA \u201cEXPERI\u00caNCIA M\u00cdSTICA\u201d \u00c9 A PERCEP\u00c7\u00c3O INDIVIDUAL DE QUE\u00a0<strong><em>\u201cEU VENCI O MUNDO\u201d,<\/em><\/strong>\u00a0OU SEJA, JAMAIS SERIA UM \u201cEU\u201d EXISTINDO APARTADO DO PAI, OU DA\u00a0<strong><em>UNIDADE PERFEITA;<\/em><\/strong>\u00a0ANTES, \u00c9 O \u201c<strong><em>EU SOU INFINITO\u201d,<\/em><\/strong>\u00a0QUE SE REVELA COMO O\u00a0<strong><em>CRISTO EM JESUS,<\/em><\/strong>\u00a0COMO O\u00a0<em><strong>CRISTO EM PAULO,<\/strong><\/em>\u00a0COMO O\u00a0<strong><em>CRISTO EM MIM, EM VOC\u00ca, EM TODOS!<\/em><\/strong><\/span><\/span><\/div>\n<div align=\"center\"><\/div>\n<div align=\"center\"><span style=\"color: #456143; font-size: xx-large;\">Entre no\u00a0<strong><em>Sil\u00eancio Contemplativo,<\/em><\/strong>\u00a0abdique-se da\u00a0<strong><em>CREN\u00c7A<\/em><\/strong>\u00a0 em \u201ceu nascido\u201d ou \u201capartado de Deus\u201d; e ent\u00e3o, IDENTIFIQUE-SE COMO A \u201cNOVA CRIATURA EM CRISTO\u201d, E ESTAR\u00c1\u00a0<strong><em>IMEDIATAMENTE\u00a0<\/em><\/strong>CAPACITADO A AFIRMAR COM AUTORIDADE:<\/span><\/div>\n<div align=\"center\"><\/div>\n<div align=\"center\"><span style=\"color: #456143; font-size: xx-large;\"><strong><em>\u201cEU E MEU PAI SOMOS UM! ESTE \u201cEU\u201d, QUE VENCEU O MUNDO, \u00c9 AGORA O \u201cEU\u201d QUE \u201cEU SOU\u201d!<\/em><\/strong><\/span><\/div>\n","protected":false},"excerpt":{"rendered":"<p>866 UM \u201cEU\u201d COMUM A TODOS \u201cVENCEU O MUNDO!\u201d Quando Jesus aludia a si mesmo como \u201cDeus\u201d, estava se vendo n\u00e3o como \u201cpessoa\u201d ou como um \u201cEu divino\u201d separado do Todo, e sua mensagem estava fundamentada justamente nesta UNIDADE PERFEITA que Deus \u00e9, e que tamb\u00e9m somos, pois, assim como Jesus revelou \u201cser um com &hellip; <\/p>\n<p class=\"link-more\"><a href=\"https:\/\/www.fachodeluz.blog.br\/wp\/2026\/05\/02\/mensagens-da-verdade-darcio-866\/\" class=\"more-link\">Leia mais<span class=\"screen-reader-text\"> &#8220;Mensagens da Verdade (D\u00e1rcio) \u2013 866&#8221;<\/span><\/a><\/p>\n","protected":false},"author":2,"featured_media":0,"comment_status":"open","ping_status":"closed","sticky":false,"template":"","format":"standard","meta":{"nf_dc_page":"","_crdt_document":"","footnotes":""},"categories":[10,94],"tags":[67,68,98],"class_list":["post-33161","post","type-post","status-publish","format-standard","hentry","category-darcio-dezolt","category-mensagens-da-verdade","tag-darciodezolt","tag-fachodeluz","tag-mensagensdaverdade"],"featured_media_urls":[],"_links":{"self":[{"href":"https:\/\/www.fachodeluz.blog.br\/wp\/wp-json\/wp\/v2\/posts\/33161","targetHints":{"allow":["GET"]}}],"collection":[{"href":"https:\/\/www.fachodeluz.blog.br\/wp\/wp-json\/wp\/v2\/posts"}],"about":[{"href":"https:\/\/www.fachodeluz.blog.br\/wp\/wp-json\/wp\/v2\/types\/post"}],"author":[{"embeddable":true,"href":"https:\/\/www.fachodeluz.blog.br\/wp\/wp-json\/wp\/v2\/users\/2"}],"replies":[{"embeddable":true,"href":"https:\/\/www.fachodeluz.blog.br\/wp\/wp-json\/wp\/v2\/comments?post=33161"}],"version-history":[{"count":1,"href":"https:\/\/www.fachodeluz.blog.br\/wp\/wp-json\/wp\/v2\/posts\/33161\/revisions"}],"predecessor-version":[{"id":33162,"href":"https:\/\/www.fachodeluz.blog.br\/wp\/wp-json\/wp\/v2\/posts\/33161\/revisions\/33162"}],"wp:attachment":[{"href":"https:\/\/www.fachodeluz.blog.br\/wp\/wp-json\/wp\/v2\/media?parent=33161"}],"wp:term":[{"taxonomy":"category","embeddable":true,"href":"https:\/\/www.fachodeluz.blog.br\/wp\/wp-json\/wp\/v2\/categories?post=33161"},{"taxonomy":"post_tag","embeddable":true,"href":"https:\/\/www.fachodeluz.blog.br\/wp\/wp-json\/wp\/v2\/tags?post=33161"}],"curies":[{"name":"wp","href":"https:\/\/api.w.org\/{rel}","templated":true}]}}