{"id":3453,"date":"2009-08-18T10:25:23","date_gmt":"2009-08-18T13:25:23","guid":{"rendered":"http:\/\/fachodeluz.hostmach.com.br\/wp\/?p=3453"},"modified":"2009-08-18T10:25:23","modified_gmt":"2009-08-18T13:25:23","slug":"carne-e-isso-sao-mente-ilusoria","status":"publish","type":"post","link":"https:\/\/www.fachodeluz.blog.br\/wp\/2009\/08\/18\/carne-e-isso-sao-mente-ilusoria\/","title":{"rendered":"CARNE E OSSO S\u00c3O MENTE ILUS\u00d3RIA"},"content":{"rendered":"<div style=\"text-align: center;\"><span style=\"color: #800080;\"><span style=\"font-family: Splash; font-size: xx-large;\">CARNE E OSSO<br \/>\nS\u00c3O MENTE ILUS\u00d3RIA<\/span><br \/>\n<\/span><span style=\"color: #800080;\"><span style=\"font-size: medium;\"><strong>D\u00e1rcio<br \/>\n<\/strong><\/span><\/p>\n<p><\/span><\/div>\n<div><span style=\"color: #800080;\"><strong><span style=\"font-family: Palatino Linotype; font-size: medium;\">Para a cren\u00e7a coletiva, nosso corpo \u00e9 de carne e osso,  subst\u00e2ncia material e s\u00f3lida. Mas, \u00e9 assim tamb\u00e9m que ele se mostra como o corpo  de um sonhador, no cen\u00e1rio de seu sonho: como mat\u00e9ria. A base do estudo da  Verdade \u00e9 que DEUS, ESP\u00cdRITO, \u00c9 TUDO. Logo, a suposta &#8220;mat\u00e9ria&#8221; n\u00e3o existe! Os  ensinamentos mentalistas explicam que &#8220;mat\u00e9ria \u00e9 mente mortal&#8221;; desse modo, quem  elimina a cren\u00e7a em corpo material e entende ser ele uma subst\u00e2ncia mental e, em  vista disso, mut\u00e1vel em fun\u00e7\u00e3o das mudan\u00e7as geradas nessa mente, passa a contar  com este processo de cura mental. Lembro-me do caso de uma menina paral\u00edtica  que, tendo sido ensinada que seu &#8220;corpo deficiente&#8221; n\u00e3o era material, mas  simplesmente uma imagem mental, p\u00f4de se curar da seguinte maneira: forrou as  paredes de seu quarto com &#8220;posters&#8221; de atletas ol\u00edmpicos em a\u00e7\u00e3o, uma foto de  algu\u00e9m nadando, outra de algu\u00e9m correndo, outra de algu\u00e9m saltando, etc. Ela  ficava diariamente olhando aquelas imagens e se vendo mentalmente executando  aqueles movimentos todos. Com isso, a &#8220;imagem mental&#8221; de corpo com paralisia foi  sendo mudada para &#8220;imagem mental de corpo de ginasta&#8221;, e, assim que sua mente  assimilou a altera\u00e7\u00e3o, ela ficou curada.<\/p>\n<p>Muita gente se beneficiou com  estes conhecimentos mentalistas, e eles realmente contribu\u00edram para romper com a  cren\u00e7a falsa de que o homem \u00e9 dotado de um corpo material e s\u00f3lido ao qual cada  um deve se sujeitar em termos de suas\u00a0 poss\u00edveis disfun\u00e7\u00f5es ou limita\u00e7\u00f5es.  Quando estudamos a Verdade Absoluta, reconhecemos e contemplamos diretamente o  &#8220;Corpo de Luz&#8221;, o Templo de Deus que\u00a0 \u00e9 o \u00daNICO Corpo real aqui e sempre  presente como o corpo de todos n\u00f3s. Por isso, as contempla\u00e7\u00f5es partem da  aceita\u00e7\u00e3o incondicional da totalidade de Deus e de que &#8220;temos a mente de  Cristo&#8221;, e n\u00e3o &#8220;mente humana&#8221;. Sem &#8220;mente humana&#8221;, inexiste &#8220;corpo carnal&#8221;, pelo  que\u00a0 foi descrito: o chamado &#8220;corpo carnal&#8221; \u00e9 mera subst\u00e2ncia ILUS\u00d3RIA, chamada  &#8220;mente mortal&#8221;. Esta compreens\u00e3o \u00e9 necess\u00e1ria para assumirmos a &#8220;mente de  Cristo&#8221; de modo correto e pleno. E ent\u00e3o, a Verdade absoluta de que &#8220;nosso&#8221;  Corpo \u00e9 o pr\u00f3prio Deus manifestado COMO Corpo de LUZ poder\u00e1 ser contemplada com  suavidade e total descontra\u00e7\u00e3o. &#8220;Sendo teus olhos bons, todo teu corpo ser\u00e1  luminoso&#8221;, disse Jesus.<\/p>\n<p>Estes princ\u00edpios precisam ser levados a s\u00e9rio  com\u00a0 muita dedica\u00e7\u00e3o e sem esmorecimentos! Deus est\u00e1 manifesto, aqui e agora,  como a totalidade do seu Ser; \u00e9 inconceb\u00edvel deixar de vivenciar esta Verdade  por dar voz \u00e0s cren\u00e7as populares ou coletivas; todas elas s\u00e3o FALSAS! Escrevi,  certa vez, um artigo intitulado &#8220;O sol e o bloco de gelo&#8221;, em que o &#8220;sol&#8221;  representava a Luz do Cristo que somos e o &#8220;gelo&#8221; as apar\u00eancias ou imagens de  problemas. O prop\u00f3sito desse artigo era fazer com que a pessoa se identificasse  com o &#8220;sol&#8221;, deixando-o &#8220;derreter o bloco de gelo&#8221; (problemas) em a\u00e7\u00e3o natural  sem esfor\u00e7os. Quando surge uma &#8220;ilus\u00e3o de corpo doente&#8221;, se a pessoa radical e  rapidamente aplica estes conhecimentos espirituais, evita que &#8220;a ilus\u00e3o forme  ninho&#8221;. ILUS\u00c3O \u00c9 NADA! MENTE MORTAL \u00c9 NADA! CORPO DE CARNE E OSSO \u00c9 ILUS\u00c3O! <em>&#8220;OU  N\u00c3O SABEIS QUE SOIS O TEMPLO DE DEUS, E QUE O ESP\u00cdRITO DE DEUS HABITA EM  V\u00d3S?&#8221;<\/em><\/p>\n<p><\/span><\/strong><br \/>\n<\/span><\/div>\n<div style=\"text-align: center;\"><span style=\"color: #800080;\">*<\/span><\/div>\n","protected":false},"excerpt":{"rendered":"<p>CARNE E OSSO S\u00c3O MENTE ILUS\u00d3RIA D\u00e1rcio Para a cren\u00e7a coletiva, nosso corpo \u00e9 de carne e osso, subst\u00e2ncia material e s\u00f3lida. Mas, \u00e9 assim tamb\u00e9m que ele se mostra como o corpo de um sonhador, no cen\u00e1rio de seu sonho: como mat\u00e9ria. A base do estudo da Verdade \u00e9 que DEUS, ESP\u00cdRITO, \u00c9 TUDO. &hellip; <\/p>\n<p class=\"link-more\"><a href=\"https:\/\/www.fachodeluz.blog.br\/wp\/2009\/08\/18\/carne-e-isso-sao-mente-ilusoria\/\" class=\"more-link\">Leia mais<span class=\"screen-reader-text\"> &#8220;CARNE E OSSO S\u00c3O MENTE ILUS\u00d3RIA&#8221;<\/span><\/a><\/p>\n","protected":false},"author":2,"featured_media":0,"comment_status":"open","ping_status":"open","sticky":false,"template":"","format":"standard","meta":{"nf_dc_page":"","_crdt_document":"","footnotes":""},"categories":[10],"tags":[],"class_list":["post-3453","post","type-post","status-publish","format-standard","hentry","category-darcio-dezolt"],"featured_media_urls":[],"_links":{"self":[{"href":"https:\/\/www.fachodeluz.blog.br\/wp\/wp-json\/wp\/v2\/posts\/3453","targetHints":{"allow":["GET"]}}],"collection":[{"href":"https:\/\/www.fachodeluz.blog.br\/wp\/wp-json\/wp\/v2\/posts"}],"about":[{"href":"https:\/\/www.fachodeluz.blog.br\/wp\/wp-json\/wp\/v2\/types\/post"}],"author":[{"embeddable":true,"href":"https:\/\/www.fachodeluz.blog.br\/wp\/wp-json\/wp\/v2\/users\/2"}],"replies":[{"embeddable":true,"href":"https:\/\/www.fachodeluz.blog.br\/wp\/wp-json\/wp\/v2\/comments?post=3453"}],"version-history":[{"count":0,"href":"https:\/\/www.fachodeluz.blog.br\/wp\/wp-json\/wp\/v2\/posts\/3453\/revisions"}],"wp:attachment":[{"href":"https:\/\/www.fachodeluz.blog.br\/wp\/wp-json\/wp\/v2\/media?parent=3453"}],"wp:term":[{"taxonomy":"category","embeddable":true,"href":"https:\/\/www.fachodeluz.blog.br\/wp\/wp-json\/wp\/v2\/categories?post=3453"},{"taxonomy":"post_tag","embeddable":true,"href":"https:\/\/www.fachodeluz.blog.br\/wp\/wp-json\/wp\/v2\/tags?post=3453"}],"curies":[{"name":"wp","href":"https:\/\/api.w.org\/{rel}","templated":true}]}}