{"id":3664,"date":"2009-09-21T20:56:38","date_gmt":"2009-09-21T23:56:38","guid":{"rendered":"http:\/\/fachodeluz.hostmach.com.br\/wp\/?p=3664"},"modified":"2009-09-21T20:56:38","modified_gmt":"2009-09-21T23:56:38","slug":"o-eu-sou-onipresente","status":"publish","type":"post","link":"https:\/\/www.fachodeluz.blog.br\/wp\/2009\/09\/21\/o-eu-sou-onipresente\/","title":{"rendered":"O &quot;EU SOU&quot; ONIPRESENTE"},"content":{"rendered":"<div style=\"text-align: center;\"><strong><span style=\"font-family: Arial; color: #800000; font-size: xx-large;\">O\u00a0<em>&#8220;EU SOU&#8221;<\/em> <\/span><\/strong><\/div>\n<div style=\"text-align: center;\"><strong><span style=\"font-family: Arial; color: #800000; font-size: xx-large;\">ONIPRESENTE<\/span><\/strong><\/div>\n<div style=\"text-align: center;\"><strong><span style=\"font-family: Arial; color: #800000;\"><strong>D\u00c1RCIO<\/strong><\/span><\/strong><\/div>\n<div style=\"text-align: center;\">.<\/div>\n<div><\/div>\n<div><strong><span style=\"font-family: Palatino Linotype; color: #800000; font-size: medium;\">Como a natureza de Deus \u00e9 ser Onipresen\u00e7a, pela UNIDADE  cada um de n\u00f3s pode afirmar: \u201cEu Sou Onipresen\u00e7a\u201d. A suposta mente humana talvez  queira reagir, dizendo que estamos limitados ao tempo e ao espa\u00e7o; mas, a  Verdade imut\u00e1vel anula todas estas sugest\u00f5es de limita\u00e7\u00f5es.\u00a0 \u201cQuem me v\u00ea a MIM,  v\u00ea o Pai\u201d, disse Jesus, para revelar a Verdade absoluta e a necessidade que  todos temos de transcender a ilus\u00e3o em vida e mundo materiais ou temporais. A  Verdade estar\u00e1 sendo conhecida quando, conscientemente, nos dedicarmos a fazer o  seguinte reconhecimento: \u201cO Ser que EU SOU, \u00e9 a Vida universal, o TODO  INDIVIS\u00cdVEL, que ocupa todo o Universo sendo o pr\u00f3prio Universo. A infinitude do  TODO \u00e9 a minha INDIVIDUALIDADE; assim, EU SOU ONIPRESENTE, por ser o TODO aqui  onde EU estou\u201d.<br \/>\nMeditamos contemplativamente para reconhecer a veracidade  desses princ\u00edpios. Nosso Ser \u00e9 transcendental, espiritual, indivis\u00edvel e  onipresente; isto testifica o \u201cnada\u201d, a nulidade que \u00e9 a ILUS\u00c3O. Com o Despertar  espiritual, podemos discernir o Universo de Luz, que \u00e9 ATEMPORAL.<\/p>\n<p>Este  \u201cEU\u201d, que \u201cEU SOU\u201d, \u00e9 a VIDA IMUT\u00c1VEL. O suposto ser humano, ou \u201cego\u201d,  reconhecido pela mente humana, jamais participa desta Vida eterna. Este conceito  de identidade n\u00e3o estava com cada um no princ\u00edpio, e n\u00e3o estar\u00e1 no fim, e, por  conseguinte, n\u00e3o est\u00e1 agora fazendo parte do ser de ningu\u00e9m. Vale lembrar aqui a  fala de Jesus: \u201cAntes que Abra\u00e3o existisse, EU SOU\u201d. O chamado \u201chomem feito do  p\u00f3 da terra\u201d n\u00e3o integrava a IDEIA DIVINA de Universo, sendo ILUS\u00c3O desde o  come\u00e7o. O que n\u00e3o \u00e9 eterno, o que n\u00e3o \u00e9 da natureza de Deus, o que n\u00e3o faz parte  do PROJETO ESPIRITUAL PERFEITO, n\u00e3o existe, apesar de parecer existir. Isto  significa que \u201co Ad\u00e3o expulso do para\u00edso\u201d \u00e9 uma ILUS\u00c3O; significa que \u201co retorno  do filho pr\u00f3digo \u00e0 casa do pai\u201d \u00e9 igualmente ILUS\u00c3O. A B\u00edblia faz uso de  alegorias e par\u00e1bolas para nos levar \u00e0 percep\u00e7\u00e3o da Realidade, \u00e0 percep\u00e7\u00e3o da  natureza de Deus, \u00e0 percep\u00e7\u00e3o do Cristo, o Filho de Deus, que, como j\u00e1 dissemos,  \u00e9 \u201cum com o Pai\u201d, e \u00e9 a genu\u00edna identidade eterna de todos n\u00f3s, uma vez que \u201cas  obras de Deus\u201d, diz a B\u00edblia, \u201cs\u00e3o permanentes\u201d.<\/p>\n<p>A suposta mente humana  aceita a falsidade chamada \u201ctempo\u201d; sabemos, contudo, que TUDO \u00c9 AGORA. Quando  h\u00e1 o \u201cdespertar\u201d para a realidade \u00fanica do agora, simultaneamente se d\u00e1 a  AUTODESCOBERTA da verdadeira e \u00fanica identidade de cada um como sendo o CRISTO.  Entretanto, enquanto algu\u00e9m insistir na cren\u00e7a em \u201ctempo\u201d; enquanto se aceitar  como \u201cser humano nascido em mundo material\u201d, estar\u00e1 aceitando tamb\u00e9m todos os  fatos e personagens ilus\u00f3rios a ele apresentados pela mente humana, e se  deixando sugestionar hipnoticamente por eles, o que culminar\u00e1 no aparente  encobrimento de sua IDENTIDADE VERDADEIRA. As limita\u00e7\u00f5es e imperfei\u00e7\u00f5es que o  mundo aceita como integrantes de nosso Ser nada t\u00eam a ver conosco! Este \u00e9 o  objetivo deste estudo: deixarmos de nos identificar com o \u201ceu humano\u201d, e seu  ilus\u00f3rio mundo, para nos identificarmos com a natureza de  Deus.<\/span><\/strong><\/div>\n<div><\/div>\n<div><strong><br \/>\n<\/strong><\/div>\n","protected":false},"excerpt":{"rendered":"<p>O\u00a0&#8220;EU SOU&#8221; ONIPRESENTE D\u00c1RCIO . Como a natureza de Deus \u00e9 ser Onipresen\u00e7a, pela UNIDADE cada um de n\u00f3s pode afirmar: \u201cEu Sou Onipresen\u00e7a\u201d. A suposta mente humana talvez queira reagir, dizendo que estamos limitados ao tempo e ao espa\u00e7o; mas, a Verdade imut\u00e1vel anula todas estas sugest\u00f5es de limita\u00e7\u00f5es.\u00a0 \u201cQuem me v\u00ea a MIM, &hellip; <\/p>\n<p class=\"link-more\"><a href=\"https:\/\/www.fachodeluz.blog.br\/wp\/2009\/09\/21\/o-eu-sou-onipresente\/\" class=\"more-link\">Leia mais<span class=\"screen-reader-text\"> &#8220;O &quot;EU SOU&quot; ONIPRESENTE&#8221;<\/span><\/a><\/p>\n","protected":false},"author":2,"featured_media":0,"comment_status":"open","ping_status":"open","sticky":false,"template":"","format":"standard","meta":{"nf_dc_page":"","_crdt_document":"","footnotes":""},"categories":[10],"tags":[],"class_list":["post-3664","post","type-post","status-publish","format-standard","hentry","category-darcio-dezolt"],"featured_media_urls":[],"_links":{"self":[{"href":"https:\/\/www.fachodeluz.blog.br\/wp\/wp-json\/wp\/v2\/posts\/3664","targetHints":{"allow":["GET"]}}],"collection":[{"href":"https:\/\/www.fachodeluz.blog.br\/wp\/wp-json\/wp\/v2\/posts"}],"about":[{"href":"https:\/\/www.fachodeluz.blog.br\/wp\/wp-json\/wp\/v2\/types\/post"}],"author":[{"embeddable":true,"href":"https:\/\/www.fachodeluz.blog.br\/wp\/wp-json\/wp\/v2\/users\/2"}],"replies":[{"embeddable":true,"href":"https:\/\/www.fachodeluz.blog.br\/wp\/wp-json\/wp\/v2\/comments?post=3664"}],"version-history":[{"count":0,"href":"https:\/\/www.fachodeluz.blog.br\/wp\/wp-json\/wp\/v2\/posts\/3664\/revisions"}],"wp:attachment":[{"href":"https:\/\/www.fachodeluz.blog.br\/wp\/wp-json\/wp\/v2\/media?parent=3664"}],"wp:term":[{"taxonomy":"category","embeddable":true,"href":"https:\/\/www.fachodeluz.blog.br\/wp\/wp-json\/wp\/v2\/categories?post=3664"},{"taxonomy":"post_tag","embeddable":true,"href":"https:\/\/www.fachodeluz.blog.br\/wp\/wp-json\/wp\/v2\/tags?post=3664"}],"curies":[{"name":"wp","href":"https:\/\/api.w.org\/{rel}","templated":true}]}}