{"id":3692,"date":"2009-09-25T09:45:53","date_gmt":"2009-09-25T12:45:53","guid":{"rendered":"http:\/\/fachodeluz.hostmach.com.br\/wp\/?p=3692"},"modified":"2009-09-25T09:45:53","modified_gmt":"2009-09-25T12:45:53","slug":"cura-uma-anulacao-da-ilusao","status":"publish","type":"post","link":"https:\/\/www.fachodeluz.blog.br\/wp\/2009\/09\/25\/cura-uma-anulacao-da-ilusao\/","title":{"rendered":"CURA: UMA ANULA\u00c7\u00c3O DA ILUS\u00c3O"},"content":{"rendered":"<div style=\"text-align: center;\"><span style=\"color: #000080;\"><strong><span style=\"font-size: xx-large;\">CURA: UMA ANULA\u00c7\u00c3O DA  ILUS\u00c3O<br \/>\n<\/span>D\u00c1RCIO<br \/>\n<\/strong><br \/>\n<\/span><\/div>\n<div><span style=\"font-family: Verdana; color: #000080; font-size: medium;\"><strong>Quando uma  &#8220;ilus\u00e3o de doen\u00e7a&#8221; se mostra como realidade, a pessoa diz necessitar de cura.  Ela acredita mesmo estar tendo alguma&#8221;altera\u00e7\u00e3o  para pior&#8221; em sua sa\u00fade, e tenta fazer o poss\u00edvel para &#8220;recobrar a condi\u00e7\u00e3o  saud\u00e1vel&#8221;. Este anseio \u00e9 o seu problema! Por que? Porque n\u00e3o foi a sa\u00fade que se  ausentou, mas sim uma ILUS\u00c3O que se instalou como fato verdadeiro! Quanto antes  ela perceber isso, mais rapidamente &#8220;retornar\u00e1&#8221; a sua\u00a0imagem vis\u00edvel de corpo  saud\u00e1vel.\u00a0 Assim como a nuvem n\u00e3o altera o brilho do sol, a ILUS\u00c3O n\u00e3o altera a  luminosidade eterna do nosso Corpo real, que \u00e9 Deus na forma &#8220;Corpo&#8221;.<\/strong><\/p>\n<p><strong>Descarte a ilus\u00e3o! Pare de lutar para recuperar o que jamais perdeu! A  chamada &#8220;cura&#8221; \u00e9 uma anula\u00e7\u00e3o da ILUS\u00c3O! Contemple Deus sendo o Corpo! Contemple  &#8220;rios de \u00e1gua viva&#8221; fluindo de &#8220;cada suposta celula&#8221; de seu Corpo! As chamadas  c\u00e9lulas corporais n\u00e3o s\u00e3o o que parecem ser! S\u00e3o o &#8220;Verbo feito carne&#8221;, isto \u00e9,  s\u00e3o Deus sendo visto como &#8220;c\u00e9lulas&#8221; pela mente humana! Contemple calmamente esta  a\u00e7\u00e3o de Deus em SER DEUS como cada suposta c\u00e9lula; contemple esta a\u00e7\u00e3o como  sendo a &#8220;sa\u00fade permanente&#8221; de cada uma delas! Atenha-se ao &#8220;sol&#8221; e n\u00e3o \u00e0s  &#8220;nuvens&#8221; que parecem tolher seu brilho! Contemple a ONIA\u00c7\u00c3O sendo &#8220;sa\u00fade  onipresente&#8221;; sua sa\u00fade eterna \u00e9 a espont\u00e2nea onia\u00e7\u00e3o divina em SER O TEMPLO DE  DEUS. Este Templo \u00e9 o que constitui o &#8220;seu&#8221; CORPO.<\/strong><\/p>\n<p><\/span><\/div>\n<div><strong> <\/strong><\/div>\n<div style=\"text-align: center;\"><strong><span style=\"font-family: Verdana; color: #000080; font-size: medium;\">*<\/span><\/strong><\/div>\n","protected":false},"excerpt":{"rendered":"<p>CURA: UMA ANULA\u00c7\u00c3O DA ILUS\u00c3O D\u00c1RCIO Quando uma &#8220;ilus\u00e3o de doen\u00e7a&#8221; se mostra como realidade, a pessoa diz necessitar de cura. Ela acredita mesmo estar tendo alguma&#8221;altera\u00e7\u00e3o para pior&#8221; em sua sa\u00fade, e tenta fazer o poss\u00edvel para &#8220;recobrar a condi\u00e7\u00e3o saud\u00e1vel&#8221;. Este anseio \u00e9 o seu problema! Por que? Porque n\u00e3o foi a sa\u00fade &hellip; <\/p>\n<p class=\"link-more\"><a href=\"https:\/\/www.fachodeluz.blog.br\/wp\/2009\/09\/25\/cura-uma-anulacao-da-ilusao\/\" class=\"more-link\">Leia mais<span class=\"screen-reader-text\"> &#8220;CURA: UMA ANULA\u00c7\u00c3O DA ILUS\u00c3O&#8221;<\/span><\/a><\/p>\n","protected":false},"author":2,"featured_media":0,"comment_status":"open","ping_status":"open","sticky":false,"template":"","format":"standard","meta":{"nf_dc_page":"","_crdt_document":"","footnotes":""},"categories":[10],"tags":[],"class_list":["post-3692","post","type-post","status-publish","format-standard","hentry","category-darcio-dezolt"],"featured_media_urls":[],"_links":{"self":[{"href":"https:\/\/www.fachodeluz.blog.br\/wp\/wp-json\/wp\/v2\/posts\/3692","targetHints":{"allow":["GET"]}}],"collection":[{"href":"https:\/\/www.fachodeluz.blog.br\/wp\/wp-json\/wp\/v2\/posts"}],"about":[{"href":"https:\/\/www.fachodeluz.blog.br\/wp\/wp-json\/wp\/v2\/types\/post"}],"author":[{"embeddable":true,"href":"https:\/\/www.fachodeluz.blog.br\/wp\/wp-json\/wp\/v2\/users\/2"}],"replies":[{"embeddable":true,"href":"https:\/\/www.fachodeluz.blog.br\/wp\/wp-json\/wp\/v2\/comments?post=3692"}],"version-history":[{"count":0,"href":"https:\/\/www.fachodeluz.blog.br\/wp\/wp-json\/wp\/v2\/posts\/3692\/revisions"}],"wp:attachment":[{"href":"https:\/\/www.fachodeluz.blog.br\/wp\/wp-json\/wp\/v2\/media?parent=3692"}],"wp:term":[{"taxonomy":"category","embeddable":true,"href":"https:\/\/www.fachodeluz.blog.br\/wp\/wp-json\/wp\/v2\/categories?post=3692"},{"taxonomy":"post_tag","embeddable":true,"href":"https:\/\/www.fachodeluz.blog.br\/wp\/wp-json\/wp\/v2\/tags?post=3692"}],"curies":[{"name":"wp","href":"https:\/\/api.w.org\/{rel}","templated":true}]}}