{"id":3702,"date":"2009-09-27T09:13:04","date_gmt":"2009-09-27T12:13:04","guid":{"rendered":"http:\/\/fachodeluz.hostmach.com.br\/wp\/?p=3702"},"modified":"2009-09-27T09:13:04","modified_gmt":"2009-09-27T12:13:04","slug":"mundo-terreno-e-quadro-hipnoti","status":"publish","type":"post","link":"https:\/\/www.fachodeluz.blog.br\/wp\/2009\/09\/27\/mundo-terreno-e-quadro-hipnoti\/","title":{"rendered":"MUNDO TERRENO \u00c9 QUADRO HIPN\u00d3TICO"},"content":{"rendered":"<div style=\"text-align: center;\"><span style=\"font-family: Dayton; color: #008000; font-size: xx-large;\">MUNDO TERRENO \u00c9 QUADRO  HIPN\u00d3TICO<br \/>\n<\/span><span style=\"color: #008000;\"><span style=\"font-size: medium;\">D\u00c1RCIO<br \/>\n<\/span><\/p>\n<p><\/span><span style=\"font-family: Garamond; font-size: large;\"><strong><span style=\"color: #008000;\">Qual seria o motivo pelo qual Jesus disse que o Reino de Deus  fosse buscado em primeiro lugar? Ele j\u00e1 sabia que n\u00e3o existe outro mundo! Sabia  que apenas nos dizer: &#8220;V\u00f3s, deste mundo, n\u00e3o sois&#8221;, seria insuficiente! Por que?  Porque a informa\u00e7\u00e3o seria recebida justamente pela mente humana falsa, a  ilus\u00f3ria mente que v\u00ea meramente um &#8220;quadro hipn\u00f3tico&#8221; e o chama de &#8220;universo&#8221;.  Sabia que esta mente falsa teria de ser extinta! E sabia, tamb\u00e9m, que &#8220;ser  extinta&#8221; seria at\u00e9 err\u00f4neo de se dizer, uma vez que \u00e9 ilus\u00f3ria! Uma  inexist\u00eancia! Assim, a &#8220;elimina\u00e7\u00e3o&#8221; da mente falsa acaba &#8220;acontecendo&#8221; atrav\u00e9s  de um pleno reconhecimento de sua nulidade pelo resplandecer total e consciente  da Mente divina como sendo a nossa.<\/p>\n<p><em> &#8220;Mas o Senhor est\u00e1 no seu santo  templo; cale-se diante dele toda a terra; cale-se diante dele toda a terra&#8221; <\/em>(Habacuque 2:20). Eis o processo de &#8220;buscarmos o Reino de Deus&#8221;.  Contemplarmos que &#8220;somos o Templo de Deus&#8221; e que este Deus Se encontra em n\u00f3s  mesmos como a Consci\u00eancia iluminada que somos. Que toda a ILUS\u00c3O de mundo  terreno seja calada! Que a cren\u00e7a em exist\u00eancias humana seja calada! Que a  dualidade que considera &#8220;dois mundos&#8221;, espiritual e material, seja calada!<\/p>\n<p>Contemple-se em unidade com o Eu Sou Infinito! N\u00e3o admita qualquer outra  presen\u00e7a ou poder al\u00e9m de Deus! Glorifique a Deus como TUDO! Fa\u00e7a com que &#8220;toda  a terra se cale&#8221;. O Reino de Deus \u00e9 TUDO! &#8220;Nele vivemos, nos movemos e  existimos&#8221;.<\/p>\n<p>Entre em contempla\u00e7\u00e3o, e medite:<\/p>\n<p><\/span><span style=\"color: #008000;\"><em>QUE TODA A TERRA SE CALE DIANTE DE  MIM!<br \/>\n<\/em><br \/>\n*<\/span><\/strong><\/span><\/div>\n","protected":false},"excerpt":{"rendered":"<p>MUNDO TERRENO \u00c9 QUADRO HIPN\u00d3TICO D\u00c1RCIO Qual seria o motivo pelo qual Jesus disse que o Reino de Deus fosse buscado em primeiro lugar? Ele j\u00e1 sabia que n\u00e3o existe outro mundo! Sabia que apenas nos dizer: &#8220;V\u00f3s, deste mundo, n\u00e3o sois&#8221;, seria insuficiente! Por que? Porque a informa\u00e7\u00e3o seria recebida justamente pela mente humana &hellip; <\/p>\n<p class=\"link-more\"><a href=\"https:\/\/www.fachodeluz.blog.br\/wp\/2009\/09\/27\/mundo-terreno-e-quadro-hipnoti\/\" class=\"more-link\">Leia mais<span class=\"screen-reader-text\"> &#8220;MUNDO TERRENO \u00c9 QUADRO HIPN\u00d3TICO&#8221;<\/span><\/a><\/p>\n","protected":false},"author":2,"featured_media":0,"comment_status":"open","ping_status":"open","sticky":false,"template":"","format":"standard","meta":{"nf_dc_page":"","_crdt_document":"","footnotes":""},"categories":[10],"tags":[],"class_list":["post-3702","post","type-post","status-publish","format-standard","hentry","category-darcio-dezolt"],"featured_media_urls":[],"_links":{"self":[{"href":"https:\/\/www.fachodeluz.blog.br\/wp\/wp-json\/wp\/v2\/posts\/3702","targetHints":{"allow":["GET"]}}],"collection":[{"href":"https:\/\/www.fachodeluz.blog.br\/wp\/wp-json\/wp\/v2\/posts"}],"about":[{"href":"https:\/\/www.fachodeluz.blog.br\/wp\/wp-json\/wp\/v2\/types\/post"}],"author":[{"embeddable":true,"href":"https:\/\/www.fachodeluz.blog.br\/wp\/wp-json\/wp\/v2\/users\/2"}],"replies":[{"embeddable":true,"href":"https:\/\/www.fachodeluz.blog.br\/wp\/wp-json\/wp\/v2\/comments?post=3702"}],"version-history":[{"count":0,"href":"https:\/\/www.fachodeluz.blog.br\/wp\/wp-json\/wp\/v2\/posts\/3702\/revisions"}],"wp:attachment":[{"href":"https:\/\/www.fachodeluz.blog.br\/wp\/wp-json\/wp\/v2\/media?parent=3702"}],"wp:term":[{"taxonomy":"category","embeddable":true,"href":"https:\/\/www.fachodeluz.blog.br\/wp\/wp-json\/wp\/v2\/categories?post=3702"},{"taxonomy":"post_tag","embeddable":true,"href":"https:\/\/www.fachodeluz.blog.br\/wp\/wp-json\/wp\/v2\/tags?post=3702"}],"curies":[{"name":"wp","href":"https:\/\/api.w.org\/{rel}","templated":true}]}}