{"id":3806,"date":"2009-10-14T22:18:56","date_gmt":"2009-10-15T01:18:56","guid":{"rendered":"http:\/\/fachodeluz.hostmach.com.br\/wp\/?p=3806"},"modified":"2009-10-14T22:18:56","modified_gmt":"2009-10-15T01:18:56","slug":"caracterizando-a-ilusao-1","status":"publish","type":"post","link":"https:\/\/www.fachodeluz.blog.br\/wp\/2009\/10\/14\/caracterizando-a-ilusao-1\/","title":{"rendered":"CARACTERIZANDO A ILUS\u00c3O- 1"},"content":{"rendered":"<div style=\"text-align: center;\"><span style=\"font-family: Comic Sans MS; font-size: medium;\"><span style=\"font-family: Times New Roman; font-size: xx-large;\"><span style=\"font-family: Splash; color: #800080;\">CARACTERIZANDO<br \/>\nA  ILUS\u00c3O<br \/>\n<\/span><span style=\"color: #800080;\"><span style=\"font-size: medium;\"><strong>D\u00c1RCIO<br \/>\n<\/strong><\/span><br \/>\n<span style=\"font-size: large;\">PARTE  I<\/span><\/span><\/span><\/span><\/div>\n<div style=\"text-align: center;\"><span style=\"font-family: Comic Sans MS; font-size: medium;\"><span style=\"font-family: Times New Roman; font-size: xx-large;\"><span style=\"color: #800080;\"><span style=\"font-size: large;\">.<\/span><\/span><\/span><br \/>\n<\/span><\/div>\n<div><span style=\"font-family: Comic Sans MS; font-size: medium;\"><span style=\"color: #800080;\">Se n\u00e3o  contemplarmos o Universo com a Vis\u00e3o do Absoluto, e sim com olhos humanos, o que  veremos ser\u00e1 meramente um conceito de Universo, isto \u00e9, uma ILUS\u00c3O. Sendo assim,  devemos saber como lidar com esse conceito mental, o que ser\u00e1 feito mediante uma  \u201ccomunh\u00e3o interna\u201d com Deus. Desse modo, unicamente AQUILO QUE \u00c9 REAL ser\u00e1 por  n\u00f3s discernido, enquanto as limita\u00e7\u00f5es da \u201capar\u00eancia\u201d pouco a pouco\u00a0ir\u00e3o  deixando\u00a0de nos assustar. Esta \u201csintonia com Deus\u201d \u00e9 um Fato consumado na  Realidade divina. Assim, a cada medita\u00e7\u00e3o contemplativa que fizermos,  reconhecendo-a como Unidade, somente estaremos deixando de lado o falso  testemunho da mente humana, para podermos contemplar a Realidade divina atrav\u00e9s  de nossa Vis\u00e3o cr\u00edstica, tamb\u00e9m chamada na B\u00edblia de \u201cOlho  Simples\u201d.<\/p>\n<p>Embora haja autores da Verdade absoluta que dispensam o estudo  da &#8220;natureza da ilus\u00e3o&#8221;, com a alega\u00e7\u00e3o de que DEUS \u00c9 TUDO, e que falar em  &#8220;ilus\u00e3o&#8221; contradiz a Verdade, eu concordo com aqueles que elucidam o assunto sem  comprometer a Onipresen\u00e7a da Verdade, principalmente em textos destinados  \u00e0queles que come\u00e7am a entrar em contato com estes ensinamentos. Cada um, no  decorrer do estudo, saber\u00e1 se dedicar unicamente \u00e0 &#8220;contempla\u00e7\u00e3o&#8221; da Totalidade  de Deus, mas, at\u00e9 que se sinta internamente nessa condi\u00e7\u00e3o, caracterizar a  &#8220;ilus\u00e3o&#8221;, no contexto deste estudo, lhe ser\u00e1\u00a0 fundamental e de grande valia.<\/p>\n<p>O segredo, para lidarmos com a ilus\u00e3o, est\u00e1 em partirmos diretamente da  REALIDADE, da VIS\u00c3O ABSOLUTA DA EXIST\u00caNCIA, abandonando radicalmente o antigo  referencial do \u201cjulgamento segundo as apar\u00eancias\u201d. A dificuldade existe enquanto  acreditamos que os quadros apresentados pela mente humana\u00a0sejam reais. Acontece  que n\u00e3o s\u00e3o! O Universo Real est\u00e1 presente e continuamente Se expressa como  vibra\u00e7\u00f5es ou ondas espirituais divinas. Entretanto, a tradu\u00e7\u00e3o que a mente  humana nos faz destas mesmas ondas, devido \u00e0s suas limita\u00e7\u00f5es, \u00e9 pura  <strong>ilus\u00e3o<\/strong>. Assim, a chamada <em>ilus\u00e3o<\/em> \u00e9 o puro e simples  NADA! N\u00e3o obstante, as ondas divinas, que Se expressam como a Luz do Universo da  Realidade, est\u00e3o sempre sendo corretamente captadas pela nossa Mente verdadeira,  que \u00e9 a pr\u00f3pria Mente de Deus.<\/p>\n<p>Se a mente humana forma ou deixa de  formar alguma imagem, atrav\u00e9s de alguma proje\u00e7\u00e3o daquelas ondas, n\u00e3o ir\u00e1 nos  interessar. Exemplificando, se as ondas invis\u00edveis\u00a0de televis\u00e3o aqui se  encontram presentes, perfeitas, este fato\u00a0ser\u00e1 a realidade que dever\u00e1 despertar  o nosso interesse, e n\u00e3o\u00a0desejarmos saber se o aparelho de TV est\u00e1 captando-as  de forma a traduzi-las como \u201cimagem\u201d perfeita ou imperfeita. Em outras palavras,  importa-nos saber que Deus est\u00e1 ONIATIVO aqui e agora, independentemente de  haver ou n\u00e3o a mente humana para captar esta atividade global divina na forma de  \u201capar\u00eancias\u201d boas ou m\u00e1s. Paradoxalmente, este descaso para com a mente humana  nos identificar\u00e1 conscientemente com a Mente divina onipresente, e, aos olhos do  mundo, esta nossa Vis\u00e3o da Realidade ser\u00e1 vista como \u201cmundo humano  harmonioso\u201d.<\/p>\n<p>N\u00e3o existe palavra melhor para definir a <em>ilus\u00e3o<\/em> do  que esta: NADA. A percep\u00e7\u00e3o da totalidade de Deus, ou de Sua Onipresen\u00e7a,  naturalmente nos leva a despertar para esta Verdade: ILUS\u00c3O \u00c9 NADA!<\/p>\n<p>A  B\u00edblia emprega a express\u00e3o \u201cmente carnal\u201d para representar a suposta \u201cmente  coletiva\u201d, que \u00e9 incapacitada para discernir \u201cespiritualmente\u201d o Universo em que  estamos todos vivendo. Como j\u00e1 vimos, esta mente apenas consegue traduzi-lo na  forma finita de \u201cquadros mentais\u201d, considerados como \u201cUniverso\u201d por aqueles que  n\u00e3o despertaram para a Realidade pluridimensional do Reno do  Esp\u00edrito.<\/p>\n<p>Precisamos partir da TOTALIDADE DE DEUS; desse modo,  analisaremos o sentido da palavra <em>ilus\u00e3o<\/em> dentro do contexto deste  estudo, para n\u00e3o acabarmos por aceitar a falsa ideia de que \u201cilus\u00e3o\u201d seja algo a  ser removido, alterado, algo de que devamos fugir, com que lutar, etc.\u00a0 Haveria  sentido em querermos fugir de inofensivas \u201cimagens hipn\u00f3ticas\u201d? Como fugir\u00edamos  de um pesadelo? Correndo de suas imagens ilus\u00f3rias? Ou despertando para a  realidade? Se um aparelho de TV distorcer a imagem do locutor, mostrando-o com o  rosto deformado, aquilo existiria realmente? N\u00e3o! Tal imagem seria puramente uma  \u201ccapta\u00e7\u00e3o equivocada\u201d, sem realidade ou subst\u00e2ncia. Um simples ajuste da antena  provaria isto! \u00c9 por esse motivo que afirmamos que \u201co mundo vis\u00edvel\u201d n\u00e3o passa  de \u201cmiragem\u201d, uma esp\u00e9cie de \u201csonho\u201d, ou  <strong>ilus\u00e3o.<\/strong><\/p>\n<p><\/span><\/span><\/div>\n<div><strong> <\/strong><\/div>\n<div style=\"text-align: right;\"><span style=\"font-family: Comic Sans MS; color: #800080; font-size: medium;\"><em>Continua,,&gt;<\/em><\/span><\/div>\n","protected":false},"excerpt":{"rendered":"<p>CARACTERIZANDO A ILUS\u00c3O D\u00c1RCIO PARTE I . Se n\u00e3o contemplarmos o Universo com a Vis\u00e3o do Absoluto, e sim com olhos humanos, o que veremos ser\u00e1 meramente um conceito de Universo, isto \u00e9, uma ILUS\u00c3O. Sendo assim, devemos saber como lidar com esse conceito mental, o que ser\u00e1 feito mediante uma \u201ccomunh\u00e3o interna\u201d com Deus. &hellip; <\/p>\n<p class=\"link-more\"><a href=\"https:\/\/www.fachodeluz.blog.br\/wp\/2009\/10\/14\/caracterizando-a-ilusao-1\/\" class=\"more-link\">Leia mais<span class=\"screen-reader-text\"> &#8220;CARACTERIZANDO A ILUS\u00c3O- 1&#8221;<\/span><\/a><\/p>\n","protected":false},"author":2,"featured_media":0,"comment_status":"open","ping_status":"open","sticky":false,"template":"","format":"standard","meta":{"nf_dc_page":"","_crdt_document":"","footnotes":""},"categories":[10],"tags":[],"class_list":["post-3806","post","type-post","status-publish","format-standard","hentry","category-darcio-dezolt"],"featured_media_urls":[],"_links":{"self":[{"href":"https:\/\/www.fachodeluz.blog.br\/wp\/wp-json\/wp\/v2\/posts\/3806","targetHints":{"allow":["GET"]}}],"collection":[{"href":"https:\/\/www.fachodeluz.blog.br\/wp\/wp-json\/wp\/v2\/posts"}],"about":[{"href":"https:\/\/www.fachodeluz.blog.br\/wp\/wp-json\/wp\/v2\/types\/post"}],"author":[{"embeddable":true,"href":"https:\/\/www.fachodeluz.blog.br\/wp\/wp-json\/wp\/v2\/users\/2"}],"replies":[{"embeddable":true,"href":"https:\/\/www.fachodeluz.blog.br\/wp\/wp-json\/wp\/v2\/comments?post=3806"}],"version-history":[{"count":0,"href":"https:\/\/www.fachodeluz.blog.br\/wp\/wp-json\/wp\/v2\/posts\/3806\/revisions"}],"wp:attachment":[{"href":"https:\/\/www.fachodeluz.blog.br\/wp\/wp-json\/wp\/v2\/media?parent=3806"}],"wp:term":[{"taxonomy":"category","embeddable":true,"href":"https:\/\/www.fachodeluz.blog.br\/wp\/wp-json\/wp\/v2\/categories?post=3806"},{"taxonomy":"post_tag","embeddable":true,"href":"https:\/\/www.fachodeluz.blog.br\/wp\/wp-json\/wp\/v2\/tags?post=3806"}],"curies":[{"name":"wp","href":"https:\/\/api.w.org\/{rel}","templated":true}]}}