{"id":3833,"date":"2009-10-17T20:43:17","date_gmt":"2009-10-17T23:43:17","guid":{"rendered":"http:\/\/fachodeluz.hostmach.com.br\/wp\/?p=3833"},"modified":"2009-10-17T20:43:17","modified_gmt":"2009-10-17T23:43:17","slug":"caracterizando-a-ilusao-3","status":"publish","type":"post","link":"https:\/\/www.fachodeluz.blog.br\/wp\/2009\/10\/17\/caracterizando-a-ilusao-3\/","title":{"rendered":"CARACTERIZANDO A ILUS\u00c3O-3"},"content":{"rendered":"<div style=\"text-align: center;\"><span style=\"font-family: Vivian; color: #800000; font-size: xx-large;\">CARACTERIZANDO <\/span><\/div>\n<div style=\"text-align: center;\"><span style=\"font-family: Vivian; color: #800000; font-size: xx-large;\">A  ILUS\u00c3O<br \/>\n<\/span><span style=\"color: #800000;\"><span style=\"font-size: medium;\">D\u00c1RCIO<br \/>\n<\/span><br \/>\n<\/span><span style=\"color: #800000;\"><span style=\"font-family: Tahoma; font-size: large;\">PARTE 3<br \/>\n<\/span><\/p>\n<p><\/span><\/div>\n<div><span style=\"font-family: Comic Sans MS; color: #800000; font-size: medium;\">Realmente,  existe sempre este AGORA, transcendental e perfeito. Por isso, por mais dr\u00e1stico  que aparente ser um problema, por mais grave que se mostre uma situa\u00e7\u00e3o, estes  cen\u00e1rios somente parecem existir, sendo apenas <strong>apar\u00eancias,<\/strong> ou  <strong>quadros mentais,<\/strong> confundidos como realidades pela suposta mente  humana. \u00c9 esta a Verdade que deve ser <strong>conhecida a fundo,<\/strong> pois  um mero saber intelectual, que n\u00e3o ultrapasse este mundo de cren\u00e7as humanas, de  pouco nos servir\u00e1 efetivamente. Um conhecimento te\u00f3rico e superficial, sem um  endosso \u00a0da Mente divina, acaba fazendo com que a pessoa diga algo do tipo:  <em>\u201cEst\u00e3o me dizendo que este problema \u00e9 NADA, mas continuo com ele \u00e0 minha  frente!\u201d<\/em> Uma <strong>transcend\u00eancia total<\/strong> nos ser\u00e1 requerida! Com  persist\u00eancia e determina\u00e7\u00e3o! E isto iremos conseguir atrav\u00e9s de dedicada pr\u00e1tica  do <strong>reconhecimento interno<\/strong> absoluto: <strong>DEUS \u00c9  TUDO.<\/strong> As informa\u00e7\u00f5es dadas pela mente humana n\u00e3o s\u00e3o confi\u00e1veis; n\u00e3o  s\u00e3o reais: todas elas s\u00e3o ilus\u00f3rias.<\/p>\n<p>Suponhamos que nos seja mostrada a  foto de uma ma\u00e7\u00e3, e que baseados nessa foto, tir\u00e1ssemos a conclus\u00e3o: a ma\u00e7\u00e3 est\u00e1  perfurada pela flecha. Ser\u00e1 que a foto, tirada apenas de um \u00e2ngulo, o superior,  nos daria condi\u00e7\u00f5es de garantir que a ma\u00e7\u00e3 estivesse furada? N\u00e3o. Outra foto  tirada lateralmente, por exemplo, seria necess\u00e1ria para que a nossa conclus\u00e3o  n\u00e3o fosse equivocada, pois, assim ver\u00edamos realmente se a flecha estaria  perfurando a ma\u00e7\u00e3 ou se estaria somente passando por baixo dela, gerando a  ilus\u00e3o de a estar atingindo, caso fic\u00e1ssemos vendo a cena somente por  cima.<\/p>\n<p>A mente humana avalia tudo em fun\u00e7\u00e3o de \u201ctr\u00eas dimens\u00f5es\u201d, largura,  comprimento e profundidade, mais o\u00a0 \u201ctempo\u201d. Como o Universo espiritual \u00e9  ADIMENSIONAL, ou de INFINITAS DIMENS\u00d5ES COEXISTENTES, didaticamente falando,  quaisquer dimens\u00f5es, al\u00e9m das tr\u00eas citadas, que pudessem ser percebidas,  anulariam por completo as impress\u00f5es tidas pela mente humana sobre o mesmo. Em  outras palavras, quanto maior for o n\u00famero de dimens\u00f5es percebido, melhor ser\u00e1 o  CONCEITO DE UNIVERSO formado. Contudo, enquanto o Universo infinito n\u00e3o for  percebido diretamente\u00a0com a Mente infinita, estaremos diante de uma ILUS\u00c3O.  Estaremos diante de algo <strong>finito<\/strong>, que, de modo limitado, tenta  retratar algo infinito. Em vista disso, como poder\u00edamos aceitar esta \u201capar\u00eancia\u201d  como realidade ou exist\u00eancia? Imposs\u00edvel! Uma \u201capar\u00eancia\u201d, por n\u00e3o retratar o  INFINITO, por ser ela\u00a0ILUS\u00c3O, n\u00e3o disp\u00f5e de lei alguma para apoi\u00e1-la. \u00c9 por esse  motivo que, aos olhos do mundo, h\u00e1 casos de curas e solu\u00e7\u00f5es milagrosas  envolvendo pessoas e situa\u00e7\u00f5es, quando as <strong>apar\u00eancias<\/strong> s\u00e3o  transcendidas juntamente\u00a0com a sua l\u00f3gica, dando lugar \u00e0 revela\u00e7\u00e3o do FATO  PERFEITO, ESPIRITUAL, SEMPRE-PRESENTE, exatamente onde a imperfei\u00e7\u00e3o vista pela  mente humana <strong>parecia<\/strong> existir.<\/span><\/div>\n<div><\/div>\n<div><\/div>\n<div style=\"text-align: right;\"><span style=\"font-family: Comic Sans MS; font-size: medium;\"><span style=\"font-family: Arial; color: #800000; font-size: x-small;\"><em><strong>Continua..&gt;<\/strong><\/em><\/span><\/span><\/div>\n<div><span style=\"font-family: Comic Sans MS; font-size: medium;\"><br \/>\n<span style=\"color: #800000;\"><\/p>\n<p><\/span><\/span><\/div>\n","protected":false},"excerpt":{"rendered":"<p>CARACTERIZANDO A ILUS\u00c3O D\u00c1RCIO PARTE 3 Realmente, existe sempre este AGORA, transcendental e perfeito. Por isso, por mais dr\u00e1stico que aparente ser um problema, por mais grave que se mostre uma situa\u00e7\u00e3o, estes cen\u00e1rios somente parecem existir, sendo apenas apar\u00eancias, ou quadros mentais, confundidos como realidades pela suposta mente humana. \u00c9 esta a Verdade que &hellip; <\/p>\n<p class=\"link-more\"><a href=\"https:\/\/www.fachodeluz.blog.br\/wp\/2009\/10\/17\/caracterizando-a-ilusao-3\/\" class=\"more-link\">Leia mais<span class=\"screen-reader-text\"> &#8220;CARACTERIZANDO A ILUS\u00c3O-3&#8221;<\/span><\/a><\/p>\n","protected":false},"author":2,"featured_media":0,"comment_status":"open","ping_status":"open","sticky":false,"template":"","format":"standard","meta":{"nf_dc_page":"","_crdt_document":"","footnotes":""},"categories":[10],"tags":[],"class_list":["post-3833","post","type-post","status-publish","format-standard","hentry","category-darcio-dezolt"],"featured_media_urls":[],"_links":{"self":[{"href":"https:\/\/www.fachodeluz.blog.br\/wp\/wp-json\/wp\/v2\/posts\/3833","targetHints":{"allow":["GET"]}}],"collection":[{"href":"https:\/\/www.fachodeluz.blog.br\/wp\/wp-json\/wp\/v2\/posts"}],"about":[{"href":"https:\/\/www.fachodeluz.blog.br\/wp\/wp-json\/wp\/v2\/types\/post"}],"author":[{"embeddable":true,"href":"https:\/\/www.fachodeluz.blog.br\/wp\/wp-json\/wp\/v2\/users\/2"}],"replies":[{"embeddable":true,"href":"https:\/\/www.fachodeluz.blog.br\/wp\/wp-json\/wp\/v2\/comments?post=3833"}],"version-history":[{"count":0,"href":"https:\/\/www.fachodeluz.blog.br\/wp\/wp-json\/wp\/v2\/posts\/3833\/revisions"}],"wp:attachment":[{"href":"https:\/\/www.fachodeluz.blog.br\/wp\/wp-json\/wp\/v2\/media?parent=3833"}],"wp:term":[{"taxonomy":"category","embeddable":true,"href":"https:\/\/www.fachodeluz.blog.br\/wp\/wp-json\/wp\/v2\/categories?post=3833"},{"taxonomy":"post_tag","embeddable":true,"href":"https:\/\/www.fachodeluz.blog.br\/wp\/wp-json\/wp\/v2\/tags?post=3833"}],"curies":[{"name":"wp","href":"https:\/\/api.w.org\/{rel}","templated":true}]}}