{"id":3866,"date":"2009-10-21T09:18:27","date_gmt":"2009-10-21T11:18:27","guid":{"rendered":"http:\/\/fachodeluz.hostmach.com.br\/wp\/?p=3866"},"modified":"2009-10-21T09:18:27","modified_gmt":"2009-10-21T11:18:27","slug":"nao-ha-livre-arbitrio-na-consciencia-unica","status":"publish","type":"post","link":"https:\/\/www.fachodeluz.blog.br\/wp\/2009\/10\/21\/nao-ha-livre-arbitrio-na-consciencia-unica\/","title":{"rendered":"N\u00c3O H\u00c1 LIVRE-ARB\u00cdTRIO NA CONSCI\u00caNCIA \u00daNICA"},"content":{"rendered":"<div style=\"text-align: center;\"><span style=\"font-family: Splash; color: #800080; font-size: xx-large;\">N\u00c3O H\u00c1 <\/span><\/div>\n<div style=\"text-align: center;\"><span style=\"font-family: Splash; color: #800080; font-size: xx-large;\">LIVRE-ARB\u00cdTRIO NA  CONSCI\u00caNCIA \u00daNICA<br \/>\n<\/span><span style=\"color: #800080;\"><strong><span style=\"font-size: medium;\">D\u00e1rcio<br \/>\n<\/span><\/strong><\/p>\n<p><\/span><\/div>\n<div><span style=\"font-family: Comic Sans MS; color: #800080; font-size: medium;\">O Universo  infinito \u00e9\u00a0 Onia\u00e7\u00e3o, ou seja,\u00a0\u00e9 Consci\u00eancia infinita em atividade. Como n\u00e3o h\u00e1  dois infinitos, n\u00e3o h\u00e1 duas vontades! Quando vemos Jesus dizendo, <em>&#8220;Que se  fa\u00e7a a TUA vontade e n\u00e3o a MINHA&#8221;,<\/em> exclu\u00eda a farsa da dualidade! A frase\u00a0\u00e9  tamb\u00e9m inclusa na Ora\u00e7\u00e3o do Pai Nosso, e n\u00e3o significa que algu\u00e9m\u00a0v\u00e1 permitir ou  pedir que a Vontade de Deus seja feita, mas sim erradicar a falsa cren\u00e7a de  haver possibilidade de a Vontade de Deus n\u00e3o estar acontecendo de modo  onipresente! <em>\u201cA minha vontade \u00e9 fazer a vontade daquele que me enviou\u201d,<\/em> disse Jesus. Que estava nos revelando? Que a Vontade da Consci\u00eancia infinita  est\u00e1 fluindo harmoniosamente como \u201cvontade individual\u201d de todos, na perfei\u00e7\u00e3o da  Unidade! Aquele que &#8220;repousa&#8221; nessa percep\u00e7\u00e3o, vive pe\u00e7a Gra\u00e7a!<\/span><\/div>\n<div style=\"text-align: center;\"><span style=\"font-family: Comic Sans MS; color: #800080; font-size: medium;\">.<\/span><\/div>\n<div><span style=\"font-family: Comic Sans MS; color: #800080; font-size: medium;\">Acreditar que  a vontade de Deus possa n\u00e3o estar sendo feita\u00a0\u00e9 rid\u00edculo! E acreditar que Deus  abra m\u00e3o de SUA VONTADE em algum ponto do infinito, para um suposto \u201cser humano\u201d  atuar com vontade pr\u00f3pria dele, e ainda O contrariando, \u00e9 mais rid\u00edculo ainda! A  mente humana pode sonhar \u00e0 vontade e crer, em seu sonho, que haja vontades  pessoais coexistindo com a Vontade do Uno! Em &#8220;sonho&#8221;, um pesadelo pode parecer  real!\u00a0Esta cren\u00e7a falsa\u00a0e absurda em livre-arb\u00edtrio, que n\u00e3o passa de &#8220;dualidade  disfar\u00e7ada&#8221;, \u00a0se &#8220;evapora&#8221; diante da contempla\u00e7\u00e3o da  Onia\u00e7\u00e3o!<\/p>\n<p>Livre-arb\u00edtrio \u00e9\u00a0mera argumenta\u00e7\u00e3o fraudulenta da mente humana  para explicar ILUS\u00c3O! Ocorre, por\u00e9m, que esta argumenta\u00e7\u00e3o\u00a0faz parte da ILUS\u00c3O e  n\u00e3o de explica\u00e7\u00e3o para coisa alguma! Acreditar que \u201cfomos destitu\u00eddos da gl\u00f3ria  de Deus\u201d, por termos usado &#8220;vontade pessoal&#8221; e desobedecido a Deus, \u00e9 de uma  infantilidade \u00e0 toda prova! \u201cAs obras de Deus s\u00e3o <strong>permanentes<\/strong>\u201d,  e cada FILHO DE DEUS \u00e9 uma delas!<\/p>\n<p><strong>O esfor\u00e7o que aparentemente  as pessoas empreendem para serem \u201csalvas\u201d, \u201ciluminadas\u201d, \u201cdespertas\u201d, \u00e9\u00a0 o  \u201cesfor\u00e7o\u201d que a ILUS\u00c3O usa para iludi-las mais ainda!<\/strong> N\u00e3o existe  salva\u00e7\u00e3o! N\u00e3o existe reden\u00e7\u00e3o!\u00a0 <strong>DEUS \u00c9 TUDO!<\/strong> Jamais deixou nem  deixar\u00e1 de ser! Paradoxalmente, aquele que aceitar estas Verdades com &#8220;cora\u00e7\u00e3o  de menino&#8221;, estar\u00e1 &#8220;salvo e redimido&#8221;! Salvo de qu\u00ea? Da ILUS\u00c3O, ou seja, salvo  do NADA!<\/p>\n<p><\/span><\/div>\n<div style=\"text-align: center;\">.<\/div>\n<div style=\"text-align: center;\"><span style=\"font-family: Comic Sans MS; color: #800080; font-size: medium;\"><em><strong>&#8220;E  v\u00f3s tamb\u00e9m testificareis, pois estivestes comigo desde o princ\u00edpio.&#8221;<br \/>\nJo\u00e3o 15:  27<\/strong><\/em><\/span><\/div>\n<div style=\"text-align: center;\"><em> <\/em><\/div>\n<div style=\"text-align: center;\"><em><span style=\"font-family: Comic Sans MS; color: #800080; font-size: medium;\">*<\/span><\/em><\/div>\n","protected":false},"excerpt":{"rendered":"<p>N\u00c3O H\u00c1 LIVRE-ARB\u00cdTRIO NA CONSCI\u00caNCIA \u00daNICA D\u00e1rcio O Universo infinito \u00e9\u00a0 Onia\u00e7\u00e3o, ou seja,\u00a0\u00e9 Consci\u00eancia infinita em atividade. Como n\u00e3o h\u00e1 dois infinitos, n\u00e3o h\u00e1 duas vontades! Quando vemos Jesus dizendo, &#8220;Que se fa\u00e7a a TUA vontade e n\u00e3o a MINHA&#8221;, exclu\u00eda a farsa da dualidade! A frase\u00a0\u00e9 tamb\u00e9m inclusa na Ora\u00e7\u00e3o do Pai Nosso, &hellip; <\/p>\n<p class=\"link-more\"><a href=\"https:\/\/www.fachodeluz.blog.br\/wp\/2009\/10\/21\/nao-ha-livre-arbitrio-na-consciencia-unica\/\" class=\"more-link\">Leia mais<span class=\"screen-reader-text\"> &#8220;N\u00c3O H\u00c1 LIVRE-ARB\u00cdTRIO NA CONSCI\u00caNCIA \u00daNICA&#8221;<\/span><\/a><\/p>\n","protected":false},"author":2,"featured_media":0,"comment_status":"open","ping_status":"open","sticky":false,"template":"","format":"standard","meta":{"nf_dc_page":"","_crdt_document":"","footnotes":""},"categories":[10],"tags":[],"class_list":["post-3866","post","type-post","status-publish","format-standard","hentry","category-darcio-dezolt"],"featured_media_urls":[],"_links":{"self":[{"href":"https:\/\/www.fachodeluz.blog.br\/wp\/wp-json\/wp\/v2\/posts\/3866","targetHints":{"allow":["GET"]}}],"collection":[{"href":"https:\/\/www.fachodeluz.blog.br\/wp\/wp-json\/wp\/v2\/posts"}],"about":[{"href":"https:\/\/www.fachodeluz.blog.br\/wp\/wp-json\/wp\/v2\/types\/post"}],"author":[{"embeddable":true,"href":"https:\/\/www.fachodeluz.blog.br\/wp\/wp-json\/wp\/v2\/users\/2"}],"replies":[{"embeddable":true,"href":"https:\/\/www.fachodeluz.blog.br\/wp\/wp-json\/wp\/v2\/comments?post=3866"}],"version-history":[{"count":0,"href":"https:\/\/www.fachodeluz.blog.br\/wp\/wp-json\/wp\/v2\/posts\/3866\/revisions"}],"wp:attachment":[{"href":"https:\/\/www.fachodeluz.blog.br\/wp\/wp-json\/wp\/v2\/media?parent=3866"}],"wp:term":[{"taxonomy":"category","embeddable":true,"href":"https:\/\/www.fachodeluz.blog.br\/wp\/wp-json\/wp\/v2\/categories?post=3866"},{"taxonomy":"post_tag","embeddable":true,"href":"https:\/\/www.fachodeluz.blog.br\/wp\/wp-json\/wp\/v2\/tags?post=3866"}],"curies":[{"name":"wp","href":"https:\/\/api.w.org\/{rel}","templated":true}]}}