{"id":3954,"date":"2009-11-03T00:10:08","date_gmt":"2009-11-03T02:10:08","guid":{"rendered":"http:\/\/fachodeluz.hostmach.com.br\/wp\/?p=3954"},"modified":"2009-11-03T00:10:08","modified_gmt":"2009-11-03T02:10:08","slug":"o-senhor-teu-deus","status":"publish","type":"post","link":"https:\/\/www.fachodeluz.blog.br\/wp\/2009\/11\/03\/o-senhor-teu-deus\/","title":{"rendered":"&quot;O SENHOR TEU DEUS&quot;"},"content":{"rendered":"<div style=\"text-align: center;\"><span style=\"font-family: Whimsy TT;\"><span style=\"color: #000080; font-size: xx-large;\">&#8220;O <\/span><\/span><\/div>\n<div style=\"text-align: center;\"><span style=\"font-family: Whimsy TT;\"><span style=\"color: #000080; font-size: xx-large;\">SENHOR TEU  DEUS&#8221;<br \/>\n<\/span><\/span><span style=\"color: #000080;\"><span style=\"font-family: Trebuchet MS; font-size: large;\">D\u00e1rcio<br \/>\n<\/span><\/p>\n<p><\/span><\/div>\n<div><span style=\"font-family: Georgia; color: #000080; font-size: medium;\"><strong>Novo e Antigo  Testamentos falam sobre &#8220;o Senhor Teu Deus&#8221;. Mas, o mundo e as religi\u00f5es O  vieram colocando &#8220;l\u00e1 no c\u00e9u&#8221;, em algum &#8220;trono long\u00ednquo&#8221;. \u00c9 por isso que a nossa  For\u00e7a Infinita deixa de ser plenamente usada! \u00c9 por isso que farm\u00e1cias,  hospitais e consult\u00f3rios vivem lotados! As pessoas n\u00e3o sabem contar com\u00a0 &#8220;SEU  DEUS&#8221;, a FOR\u00c7A INFINITA!\u00a0 For\u00e7a que as move sem que dEla tenham consci\u00eancia!\u00a0  For\u00e7a que as motiva, mas que, por A desconhecerem em SI MESMAS, se sentem  desmotivadas!\u00a0 For\u00e7a que lhes gera a sensa\u00e7\u00e3o de plenitude, mas que, por n\u00e3o  saberem acess\u00e1-La, se veem dependentes de fatores, condi\u00e7\u00f5es ou pessoas  externas!<\/p>\n<p>Nem os antigos profetas nem Jesus viviam dessa maneira! Por  qu\u00ea? Porque ao dizerem: &#8220;O SENHOR MEU DEUS&#8221;, sabiam que estavam acessando a  Onipot\u00eancia, a Onipresen\u00e7a, a Onisci\u00eancia em SI MESMOS!\u00a0 N\u00e3o se viam escravos da  &#8220;ilus\u00e3o material&#8221;! Na consci\u00eancia da pr\u00f3pria divindade, desfrutavam a Eternidade  perfeita!<\/p>\n<p>Ao se referir ao &#8221; Senhor TEU Deus&#8221;, saiba VOC\u00ca estar falando  da FOR\u00c7A INFINITA que pulsa como SUA VIDA! Saiba que DEUS vive a Vida divina  como a SUA! Saiba que &#8220;C\u00e9u&#8221; \u00e9 exatamente onde VOC\u00ca agora est\u00e1!<\/p>\n<p>Porque  Deus \u00e9 Esp\u00edrito! Porque Deus \u00e9 Tudo! Porque Deus \u00e9 VOC\u00ca!<\/p>\n<p>Esta Ess\u00eancia,  este EU REAL, \u00e9 o &#8220;SENHOR TEU DEUS&#8221;!<\/strong><\/span><\/div>\n<div><strong> <\/strong><\/div>\n<div style=\"text-align: center;\"><strong><span style=\"font-family: Georgia; color: #000080; font-size: medium;\">*<\/span><\/strong><\/div>\n","protected":false},"excerpt":{"rendered":"<p>&#8220;O SENHOR TEU DEUS&#8221; D\u00e1rcio Novo e Antigo Testamentos falam sobre &#8220;o Senhor Teu Deus&#8221;. Mas, o mundo e as religi\u00f5es O vieram colocando &#8220;l\u00e1 no c\u00e9u&#8221;, em algum &#8220;trono long\u00ednquo&#8221;. \u00c9 por isso que a nossa For\u00e7a Infinita deixa de ser plenamente usada! \u00c9 por isso que farm\u00e1cias, hospitais e consult\u00f3rios vivem lotados! As &hellip; <\/p>\n<p class=\"link-more\"><a href=\"https:\/\/www.fachodeluz.blog.br\/wp\/2009\/11\/03\/o-senhor-teu-deus\/\" class=\"more-link\">Leia mais<span class=\"screen-reader-text\"> &#8220;&quot;O SENHOR TEU DEUS&quot;&#8221;<\/span><\/a><\/p>\n","protected":false},"author":2,"featured_media":0,"comment_status":"open","ping_status":"open","sticky":false,"template":"","format":"standard","meta":{"nf_dc_page":"","_crdt_document":"","footnotes":""},"categories":[10],"tags":[],"class_list":["post-3954","post","type-post","status-publish","format-standard","hentry","category-darcio-dezolt"],"featured_media_urls":[],"_links":{"self":[{"href":"https:\/\/www.fachodeluz.blog.br\/wp\/wp-json\/wp\/v2\/posts\/3954","targetHints":{"allow":["GET"]}}],"collection":[{"href":"https:\/\/www.fachodeluz.blog.br\/wp\/wp-json\/wp\/v2\/posts"}],"about":[{"href":"https:\/\/www.fachodeluz.blog.br\/wp\/wp-json\/wp\/v2\/types\/post"}],"author":[{"embeddable":true,"href":"https:\/\/www.fachodeluz.blog.br\/wp\/wp-json\/wp\/v2\/users\/2"}],"replies":[{"embeddable":true,"href":"https:\/\/www.fachodeluz.blog.br\/wp\/wp-json\/wp\/v2\/comments?post=3954"}],"version-history":[{"count":0,"href":"https:\/\/www.fachodeluz.blog.br\/wp\/wp-json\/wp\/v2\/posts\/3954\/revisions"}],"wp:attachment":[{"href":"https:\/\/www.fachodeluz.blog.br\/wp\/wp-json\/wp\/v2\/media?parent=3954"}],"wp:term":[{"taxonomy":"category","embeddable":true,"href":"https:\/\/www.fachodeluz.blog.br\/wp\/wp-json\/wp\/v2\/categories?post=3954"},{"taxonomy":"post_tag","embeddable":true,"href":"https:\/\/www.fachodeluz.blog.br\/wp\/wp-json\/wp\/v2\/tags?post=3954"}],"curies":[{"name":"wp","href":"https:\/\/api.w.org\/{rel}","templated":true}]}}