{"id":3988,"date":"2009-11-08T10:02:59","date_gmt":"2009-11-08T12:02:59","guid":{"rendered":"http:\/\/fachodeluz.hostmach.com.br\/wp\/?p=3988"},"modified":"2009-11-08T10:02:59","modified_gmt":"2009-11-08T12:02:59","slug":"contemple-se-perfeito","status":"publish","type":"post","link":"https:\/\/www.fachodeluz.blog.br\/wp\/2009\/11\/08\/contemple-se-perfeito\/","title":{"rendered":"CONTEMPLE-SE PERFEITO!"},"content":{"rendered":"<div style=\"text-align: center;\"><span style=\"font-family: Calligraphic; color: #000080; font-size: xx-large;\">CONTEMPLE-SE <\/span><\/div>\n<div style=\"text-align: center;\"><span style=\"font-family: Calligraphic; font-size: xx-large;\"><span style=\"color: #000080;\">PERFEITO!<br \/>\n<\/span><span style=\"font-family: Roman; color: #000080; font-size: small;\"><strong>D\u00e1rcio<\/strong><\/span><\/span><\/div>\n<div style=\"text-align: center;\"><span style=\"font-family: Calligraphic; font-size: xx-large;\"><span style=\"font-family: Roman; color: #000080; font-size: small;\"><strong>.<br \/>\n<\/strong><\/span><\/span><\/div>\n<div><span style=\"font-family: Palatino Linotype; color: #000080; font-size: medium;\"><strong>A  glorifica\u00e7\u00e3o a Deus em nosso corpo e em nosso esp\u00edrito, que a Biblia nos ensina  a fazer, \u00e9 a suave e serena contempla\u00e7\u00e3o de nossa perfei\u00e7\u00e3o absoluta neste exato  instante. Pode a mente humana engendrar o quadro que for, e tentar nos associar  a ele;\u00a0 a Verdade \u00e9 o que prevalece, impera ou domina: nossa perfei\u00e7\u00e3o \u00e9  inc\u00f3lume! Esta perfei\u00e7\u00e3o \u00e9 Deus sendo o nosso ser, e jamais participa das  supostas avalia\u00e7\u00f5es materiais e mut\u00e1veis\u00a0julgadas pela mente  humana.<\/strong><\/p>\n<p><strong>Todas as apar\u00eancias mut\u00e1veis s\u00e3o sombras que parecem encobrir a  LUZ permanente que somos! A Luz \u00e9 concreta, as imagens do sonho s\u00e3o o vazio.  Contemple a Verdade no lugar do sonho; contemple a Luz no lugar da sombra;  contemple sua imutabilidade perfeita em lugar das mudan\u00e7as aparentes!  Contemple-se perfeito! D\u00ea testemunho v\u00edvido\u00a0de sua perfei\u00e7\u00e3o! O Verbo divino, em  atividade plena, garante a sua perman\u00eancia neste estado de perfei\u00e7\u00e3o imut\u00e1vel!  Concentre-se nos fatos espirituais revelados, sem se deixar envolver pelas  mentiras aceitas pelas cren\u00e7as coletivas. DEUS \u00c9 TUDO!<\/strong><\/p>\n<p><\/span><\/div>\n<div><strong> <\/strong><\/div>\n<div style=\"text-align: center;\"><strong><span style=\"font-family: Palatino Linotype; color: #000080; font-size: medium;\">*<\/span><\/strong><\/div>\n","protected":false},"excerpt":{"rendered":"<p>CONTEMPLE-SE PERFEITO! D\u00e1rcio . A glorifica\u00e7\u00e3o a Deus em nosso corpo e em nosso esp\u00edrito, que a Biblia nos ensina a fazer, \u00e9 a suave e serena contempla\u00e7\u00e3o de nossa perfei\u00e7\u00e3o absoluta neste exato instante. Pode a mente humana engendrar o quadro que for, e tentar nos associar a ele;\u00a0 a Verdade \u00e9 o que &hellip; <\/p>\n<p class=\"link-more\"><a href=\"https:\/\/www.fachodeluz.blog.br\/wp\/2009\/11\/08\/contemple-se-perfeito\/\" class=\"more-link\">Leia mais<span class=\"screen-reader-text\"> &#8220;CONTEMPLE-SE PERFEITO!&#8221;<\/span><\/a><\/p>\n","protected":false},"author":2,"featured_media":0,"comment_status":"open","ping_status":"open","sticky":false,"template":"","format":"standard","meta":{"nf_dc_page":"","_crdt_document":"","footnotes":""},"categories":[10],"tags":[],"class_list":["post-3988","post","type-post","status-publish","format-standard","hentry","category-darcio-dezolt"],"featured_media_urls":[],"_links":{"self":[{"href":"https:\/\/www.fachodeluz.blog.br\/wp\/wp-json\/wp\/v2\/posts\/3988","targetHints":{"allow":["GET"]}}],"collection":[{"href":"https:\/\/www.fachodeluz.blog.br\/wp\/wp-json\/wp\/v2\/posts"}],"about":[{"href":"https:\/\/www.fachodeluz.blog.br\/wp\/wp-json\/wp\/v2\/types\/post"}],"author":[{"embeddable":true,"href":"https:\/\/www.fachodeluz.blog.br\/wp\/wp-json\/wp\/v2\/users\/2"}],"replies":[{"embeddable":true,"href":"https:\/\/www.fachodeluz.blog.br\/wp\/wp-json\/wp\/v2\/comments?post=3988"}],"version-history":[{"count":0,"href":"https:\/\/www.fachodeluz.blog.br\/wp\/wp-json\/wp\/v2\/posts\/3988\/revisions"}],"wp:attachment":[{"href":"https:\/\/www.fachodeluz.blog.br\/wp\/wp-json\/wp\/v2\/media?parent=3988"}],"wp:term":[{"taxonomy":"category","embeddable":true,"href":"https:\/\/www.fachodeluz.blog.br\/wp\/wp-json\/wp\/v2\/categories?post=3988"},{"taxonomy":"post_tag","embeddable":true,"href":"https:\/\/www.fachodeluz.blog.br\/wp\/wp-json\/wp\/v2\/tags?post=3988"}],"curies":[{"name":"wp","href":"https:\/\/api.w.org\/{rel}","templated":true}]}}